{"id":18679,"date":"2021-05-31T18:44:26","date_gmt":"2021-05-31T18:44:26","guid":{"rendered":"http:\/\/www.iceagetv.com\/radiosite\/?p=18679"},"modified":"2021-05-31T18:44:26","modified_gmt":"2021-05-31T18:44:26","slug":"le-president-de-la-republique-emmanuel-macron-vient-de-tweeter-quil-a-ete-vaccine-en-decembre-il-avait-ete-infecte-par-le-covid19-et-avait-du-sisoler","status":"publish","type":"post","link":"https:\/\/www.iceagetv.com\/radiosite\/le-president-de-la-republique-emmanuel-macron-vient-de-tweeter-quil-a-ete-vaccine-en-decembre-il-avait-ete-infecte-par-le-covid19-et-avait-du-sisoler\/","title":{"rendered":"Le pr\u00e9sident de la R\u00e9publique Emmanuel Macron vient de tweeter qu&rsquo;il a \u00e9t\u00e9 \u00ab\u00a0vaccin\u00e9\u00a0\u00bb &#8211; En d\u00e9cembre, il avait \u00e9t\u00e9 infect\u00e9 par le COVID19 et avait du s&rsquo;isoler"},"content":{"rendered":"\n<p>Le pr\u00e9sident de la R\u00e9publique a tweet\u00e9 qu&rsquo;il avait \u00e9t\u00e9 \u00ab\u00a0vaccin\u00e9\u00a0\u00bb. En d\u00e9cembre, il avait \u00e9t\u00e9 infect\u00e9 par le Covid. En recevant cette dose, il est dans le d\u00e9lai pr\u00e9conis\u00e9 par la Haute Autorit\u00e9 de Sant\u00e9, \u00e0 savoir : une injection \u00ab\u00a0au-del\u00e0 de trois mois et de pr\u00e9f\u00e9rence dans un d\u00e9lai proche de six mois apr\u00e8s l&rsquo;infection\u00a0\u00bb. Depuis ce lundi, tous les adultes de France peuvent \u00eatre vaccin\u00e9s contre le Covid-19, une \u00e9tape-cl\u00e9 au moment o\u00f9 le nombre de malades dans les services de r\u00e9animation est revenu \u00e0 son niveau de fin janvier.<\/p>\n\n\n\n<p>Emmanuel Macron avait \u00e9t\u00e9 test\u00e9 positif au terme d&rsquo;une semaine charg\u00e9e en rencontres et en repas avec des personnalit\u00e9s politiques et internationales, dont un d\u00eener avec une dizaine de cadres de la majorit\u00e9 le 16 d\u00e9cembre. C\u2019est en vid\u00e9o que le pr\u00e9sident s\u2019\u00e9tait exprim\u00e9 pour rassurer les Fran\u00e7ais. \u00abJe voulais vous rassurer. Je vais bien. J\u2019ai les m\u00eames sympt\u00f4mes qu\u2019hier c\u2019est-\u00e0-dire de la fatigue, des maux de t\u00eate, une toux s\u00e8che\u00bb, a-t-il expliqu\u00e9 sur les r\u00e9seaux sociaux, promettant de rendre \u00abcompte chaque jour de l\u2019\u00e9volution de la maladie\u00bb. \u00abIl n\u2019y a normalement pas de raisons que \u00e7a \u00e9volue mal mais je fais l\u2019objet d\u2019une surveillance m\u00e9dicale et je vous en rendrez compte de mani\u00e8re totalement transparente\u00bb. Il avait encore pr\u00e9cis\u00e9 qu&rsquo;il continuerait de g\u00e9rer les affaires courantes reconnaissant cependant une \u00abactivit\u00e9 un peu ralentie en raison du virus\u00bb. <br><\/p>\n","protected":false},"excerpt":{"rendered":"<p>Le pr\u00e9sident de la R\u00e9publique a tweet\u00e9 qu&rsquo;il avait \u00e9t\u00e9 \u00ab\u00a0vaccin\u00e9\u00a0\u00bb. En d\u00e9cembre, il avait \u00e9t\u00e9 infect\u00e9 par le Covid. En recevant cette dose, il est dans le d\u00e9lai pr\u00e9conis\u00e9 par la Haute Autorit\u00e9 de Sant\u00e9, \u00e0 savoir : une injection \u00ab\u00a0au-del\u00e0 de trois mois et de pr\u00e9f\u00e9rence dans un d\u00e9lai proche de six mois [&hellip;]<\/p>\n","protected":false},"author":2,"featured_media":18680,"comment_status":"open","ping_status":"open","sticky":false,"template":"","format":"standard","meta":{"_jetpack_memberships_contains_paid_content":false,"footnotes":"","jetpack_publicize_message":"","jetpack_publicize_feature_enabled":true,"jetpack_social_post_already_shared":true,"jetpack_social_options":{"image_generator_settings":{"template":"highway","default_image_id":0,"font":"","enabled":false},"version":2},"_wpas_customize_per_network":false},"categories":[405],"tags":[],"class_list":["post-18679","post","type-post","status-publish","format-standard","has-post-thumbnail","hentry","category-actu-france-monde"],"jetpack_publicize_connections":[],"jetpack_featured_media_url":"https:\/\/i0.wp.com\/www.iceagetv.com\/radiosite\/wp-content\/uploads\/2021\/05\/Le-pr%C3%A9sident-de-la-R%C3%A9publique-Emmanuel-Macron.png?fit=553%2C269&ssl=1","jetpack_sharing_enabled":true,"_links":{"self":[{"href":"https:\/\/www.iceagetv.com\/radiosite\/wp-json\/wp\/v2\/posts\/18679","targetHints":{"allow":["GET"]}}],"collection":[{"href":"https:\/\/www.iceagetv.com\/radiosite\/wp-json\/wp\/v2\/posts"}],"about":[{"href":"https:\/\/www.iceagetv.com\/radiosite\/wp-json\/wp\/v2\/types\/post"}],"author":[{"embeddable":true,"href":"https:\/\/www.iceagetv.com\/radiosite\/wp-json\/wp\/v2\/users\/2"}],"replies":[{"embeddable":true,"href":"https:\/\/www.iceagetv.com\/radiosite\/wp-json\/wp\/v2\/comments?post=18679"}],"version-history":[{"count":1,"href":"https:\/\/www.iceagetv.com\/radiosite\/wp-json\/wp\/v2\/posts\/18679\/revisions"}],"predecessor-version":[{"id":18681,"href":"https:\/\/www.iceagetv.com\/radiosite\/wp-json\/wp\/v2\/posts\/18679\/revisions\/18681"}],"wp:featuredmedia":[{"embeddable":true,"href":"https:\/\/www.iceagetv.com\/radiosite\/wp-json\/wp\/v2\/media\/18680"}],"wp:attachment":[{"href":"https:\/\/www.iceagetv.com\/radiosite\/wp-json\/wp\/v2\/media?parent=18679"}],"wp:term":[{"taxonomy":"category","embeddable":true,"href":"https:\/\/www.iceagetv.com\/radiosite\/wp-json\/wp\/v2\/categories?post=18679"},{"taxonomy":"post_tag","embeddable":true,"href":"https:\/\/www.iceagetv.com\/radiosite\/wp-json\/wp\/v2\/tags?post=18679"}],"curies":[{"name":"wp","href":"https:\/\/api.w.org\/{rel}","templated":true}]}}