{"id":18696,"date":"2021-06-06T10:16:25","date_gmt":"2021-06-06T10:16:25","guid":{"rendered":"http:\/\/www.iceagetv.com\/radiosite\/?p=18696"},"modified":"2021-06-06T10:16:25","modified_gmt":"2021-06-06T10:16:25","slug":"retraites-pour-bruno-le-maire-la-reforme-est-la-priorite","status":"publish","type":"post","link":"https:\/\/www.iceagetv.com\/radiosite\/retraites-pour-bruno-le-maire-la-reforme-est-la-priorite\/","title":{"rendered":"Retraites : Pour Bruno Le Maire, la r\u00e9forme est \u00ab la priorit\u00e9 \u00bb"},"content":{"rendered":"\n<p><a href=\"https:\/\/www.20minutes.fr\/dossier\/reforme_des_retraites\">La r\u00e9forme des retraites<\/a>&nbsp;se fera-t-elle avant la fin du quinquennat&nbsp;?&nbsp;La r\u00e9ponse est oui, si l\u2019on en croit Bruno Le Maire. Pour le ministre de l\u2019Economie, cela reste m\u00eame \u00ab&nbsp;la priorit\u00e9&nbsp;\u00bb, alors que l\u2019on n\u2019en conna\u00eet pas le calendrier. \u00ab&nbsp;Il faudra (\u2026) poursuivre les r\u00e9formes structurelles&nbsp;:&nbsp;la priorit\u00e9, ce sont les retraites&nbsp;\u00bb, a-t-il en effet affirm\u00e9 dans le&nbsp;<em><a href=\"https:\/\/www.lejdd.fr\/Politique\/bruno-lemaire-au-jdd-leconomie-francaise-repart-fort-4049981\" target=\"_blank\" rel=\"noreferrer noopener\">Journal du Dimanche<\/a><\/em>.<\/p>\n\n\n\n<p>A l\u2019origine con\u00e7ue comme l\u2019une des grandes r\u00e9formes de la pr\u00e9sidence d\u2019Emmanuel Macron, la refonte du syst\u00e8me de retraites a \u00e9t\u00e9 interrompue d\u00e9but 2020 par le d\u00e9clenchement de la crise du&nbsp;<a href=\"https:\/\/www.20minutes.fr\/societe\/covid-19\/\">Covid-19<\/a>, apr\u00e8s avoir provoqu\u00e9 d\u2019importants mouvements sociaux. C\u2019est d\u2019ailleurs le chef de l\u2019Etat qui a, cette semaine, relanc\u00e9 le sujet, jugeant que la r\u00e9forme ne pourrait \u00eatre reprise \u00ab&nbsp;en l\u2019\u00e9tat&nbsp;\u00bb mais pr\u00e9venant qu\u2019il n\u2019h\u00e9siterait pas \u00e0 prendre des d\u00e9cisions \u00ab&nbsp;difficiles&nbsp;\u00bb d\u2019ici \u00e0 la pr\u00e9sidentielle de 2022.<\/p>\n\n\n\n<h2 class=\"wp-block-heading\">\u00ab&nbsp;Tenir compte de la situation individuelle de chacun&nbsp;\u00bb<\/h2>\n\n\n\n<p>\u00ab\u00a0Le pr\u00e9sident de la R\u00e9publique a \u00e9t\u00e9 clair\u00a0\u00bb quant au fait que la r\u00e9forme ne pouvait \u00eatre reprise telle quelle, a admis\u00a0<a href=\"https:\/\/www.20minutes.fr\/dossier\/bruno_le_maire\">Bruno Le Maire<\/a>. Mais cela n&rsquo;\u00ab\u00a0exclut pas de tenir compte de la situation individuelle de chacun\u00a0\u00bb, a-t-il nuanc\u00e9, ce principe ayant \u00e9t\u00e9 pr\u00e9sent\u00e9 par le gouvernement comme la philosophie de base de la r\u00e9forme. Interrog\u00e9 \u00e0 ce titre sur l\u2019hypoth\u00e8se d\u2019un syst\u00e8me de retraite \u00e0 points.\u00a0Le ministre s\u2019est abstenu de r\u00e9pondre clairement, se contentant d\u2019insister sur la n\u00e9cessit\u00e9 d&rsquo;\u00ab\u00a0\u00e9quilibrer\u00a0\u00bb le syst\u00e8me actuel. Il n\u2019a par ailleurs pas pr\u00e9cis\u00e9 quel calendrier il souhaitait pour la r\u00e9forme. Samedi, le pr\u00e9sident du Modem Fran\u00e7ois Bayrou, principal alli\u00e9 d\u2019Emmanuel Macron au sein de la majorit\u00e9, avait d\u00e9j\u00e0 jug\u00e9 \u00ab\u00a0in\u00e9luctable\u00a0\u00bb de mener la r\u00e9forme des retraites. Selon une source gouvernementale, le chef de l\u2019Etat devrait donner plus de d\u00e9tails sur ses intentions d\u00e9but juillet, avec probablement le lancement d\u2019un sommet social. <br><\/p>\n","protected":false},"excerpt":{"rendered":"<p>La r\u00e9forme des retraites&nbsp;se fera-t-elle avant la fin du quinquennat&nbsp;?&nbsp;La r\u00e9ponse est oui, si l\u2019on en croit Bruno Le Maire. Pour le ministre de l\u2019Economie, cela reste m\u00eame \u00ab&nbsp;la priorit\u00e9&nbsp;\u00bb, alors que l\u2019on n\u2019en conna\u00eet pas le calendrier. \u00ab&nbsp;Il faudra (\u2026) poursuivre les r\u00e9formes structurelles&nbsp;:&nbsp;la priorit\u00e9, ce sont les retraites&nbsp;\u00bb, a-t-il en effet affirm\u00e9 dans [&hellip;]<\/p>\n","protected":false},"author":2,"featured_media":18697,"comment_status":"open","ping_status":"open","sticky":false,"template":"","format":"standard","meta":{"_jetpack_memberships_contains_paid_content":false,"footnotes":"","jetpack_publicize_message":"","jetpack_publicize_feature_enabled":true,"jetpack_social_post_already_shared":true,"jetpack_social_options":{"image_generator_settings":{"template":"highway","default_image_id":0,"font":"","enabled":false},"version":2},"_wpas_customize_per_network":false},"categories":[405],"tags":[2928],"class_list":["post-18696","post","type-post","status-publish","format-standard","has-post-thumbnail","hentry","category-actu-france-monde","tag-pour-bruno-le-maire"],"jetpack_publicize_connections":[],"jetpack_featured_media_url":"https:\/\/i0.wp.com\/www.iceagetv.com\/radiosite\/wp-content\/uploads\/2021\/06\/Retraites.png?fit=607%2C393&ssl=1","jetpack_sharing_enabled":true,"_links":{"self":[{"href":"https:\/\/www.iceagetv.com\/radiosite\/wp-json\/wp\/v2\/posts\/18696","targetHints":{"allow":["GET"]}}],"collection":[{"href":"https:\/\/www.iceagetv.com\/radiosite\/wp-json\/wp\/v2\/posts"}],"about":[{"href":"https:\/\/www.iceagetv.com\/radiosite\/wp-json\/wp\/v2\/types\/post"}],"author":[{"embeddable":true,"href":"https:\/\/www.iceagetv.com\/radiosite\/wp-json\/wp\/v2\/users\/2"}],"replies":[{"embeddable":true,"href":"https:\/\/www.iceagetv.com\/radiosite\/wp-json\/wp\/v2\/comments?post=18696"}],"version-history":[{"count":1,"href":"https:\/\/www.iceagetv.com\/radiosite\/wp-json\/wp\/v2\/posts\/18696\/revisions"}],"predecessor-version":[{"id":18698,"href":"https:\/\/www.iceagetv.com\/radiosite\/wp-json\/wp\/v2\/posts\/18696\/revisions\/18698"}],"wp:featuredmedia":[{"embeddable":true,"href":"https:\/\/www.iceagetv.com\/radiosite\/wp-json\/wp\/v2\/media\/18697"}],"wp:attachment":[{"href":"https:\/\/www.iceagetv.com\/radiosite\/wp-json\/wp\/v2\/media?parent=18696"}],"wp:term":[{"taxonomy":"category","embeddable":true,"href":"https:\/\/www.iceagetv.com\/radiosite\/wp-json\/wp\/v2\/categories?post=18696"},{"taxonomy":"post_tag","embeddable":true,"href":"https:\/\/www.iceagetv.com\/radiosite\/wp-json\/wp\/v2\/tags?post=18696"}],"curies":[{"name":"wp","href":"https:\/\/api.w.org\/{rel}","templated":true}]}}