{"id":18705,"date":"2021-06-07T18:57:49","date_gmt":"2021-06-07T18:57:49","guid":{"rendered":"http:\/\/www.iceagetv.com\/radiosite\/?p=18705"},"modified":"2021-06-07T18:57:49","modified_gmt":"2021-06-07T18:57:49","slug":"jean-luc-melenchon-annonce-le-depot-dune-plainte-apres-la-diffusion-dune-video-simulant-le-meurtre-dun-electeur-de-lfi","status":"publish","type":"post","link":"https:\/\/www.iceagetv.com\/radiosite\/jean-luc-melenchon-annonce-le-depot-dune-plainte-apres-la-diffusion-dune-video-simulant-le-meurtre-dun-electeur-de-lfi\/","title":{"rendered":"Jean-Luc M\u00e9lenchon annonce le d\u00e9p\u00f4t d\u2019une plainte apr\u00e8s la diffusion d\u2019une vid\u00e9o simulant le meurtre d\u2019un \u00e9lecteur de LFI"},"content":{"rendered":"\n<p>Jean-Luc M\u00e9lenchon,<a href=\"https:\/\/www.lemonde.fr\/politique\/article\/2021\/06\/06\/avec-ses-declarations-a-propos-des-attentats-et-evenements-gravissimes-precedant-les-elections-jean-luc-melenchon-seme-le-trouble_6083124_823448.html\">&nbsp;emp\u00eatr\u00e9 dans une pol\u00e9mique concernant ses propos liant terrorisme et \u00e9lection pr\u00e9sidentielle<\/a>, vient de trouver le moyen de rebondir&nbsp;: il a annonc\u00e9, lundi 7&nbsp;juin, porter plainte apr\u00e8s la publication par Papacito, un youtubeur identitaire, d\u2019une vid\u00e9o mettant en sc\u00e8ne une attaque arm\u00e9e fictive contre un \u00e9lecteur de La France insoumise (LFI).<\/p>\n\n\n\n<p><em>\u00ab\u00a0Je ne peux vous cacher l\u2019\u00e9motion qui m\u2019\u00e9treint ainsi que celle de tous mes amis\u00a0\u00bb<\/em>, a d\u00e9clar\u00e9 le chef de file des Insoumis, dans une intervention en direct vid\u00e9o. Drapeau tricolore en arri\u00e8re-plan, le leader insoumis a adopt\u00e9 un ton particuli\u00e8rement grave et \u00e9mu pour d\u00e9noncer ces images illustrant\u00a0<em>\u00ab\u00a0un appel au meurtre\u00a0\u00bb<\/em>. <em>Nous avons signal\u00e9 \u00e0 Youtube ces images, et je m\u2019\u00e9tonne qu\u2019elles continuent \u00e0 circuler\u00a0\u00bb<\/em>, a-t-il soulign\u00e9, pr\u00e9cisant qu\u2019il avait \u00e9galement signal\u00e9 cette vid\u00e9o \u00e0 la plate-forme polici\u00e8re Pharos, qui lutte contre les contenus haineux en ligne. Celle-ci\u00a0<em>\u00ab\u00a0n\u2019a, pour l\u2019instant, pas r\u00e9agi\u00a0\u00bb<\/em>, a relev\u00e9 M. M\u00e9lenchon. <\/p>\n\n\n\n<p>Papacito dit ensuite entreprendre de&nbsp;<em>\u00ab&nbsp;voir si le mat\u00e9riel du mec qui vote M\u00e9lenchon lui permet de r\u00e9sister \u00e0 une attaque terroriste potentielle sur le territoire&nbsp;\u00bb<\/em>, avant de tirer, accompagn\u00e9 d\u2019un ami, \u00e0 l\u2019aide d\u2019armes \u00e0 feu, sur le mannequin repr\u00e9sentant l\u2019\u00e9lecteur LFI, ensuite lard\u00e9 de coups de couteau.&nbsp;<em>\u00ab&nbsp;Alors, bien s\u00fbr, le but de cette vid\u00e9o n\u2019est pas de vous engager \u00e0 produire de la violence, elle est purement exp\u00e9rimentale&nbsp;\u00bb<\/em>, pr\u00e9cise Papacito.<\/p>\n\n\n\n<h2 class=\"wp-block-heading\">Appel \u00e0 signature en ligne pour une plainte collective<\/h2>\n\n\n\n<p>Des extraits de cette s\u00e9quence ont \u00e9t\u00e9 abondamment relay\u00e9s et d\u00e9nonc\u00e9s sur les r\u00e9seaux sociaux par les Insoumis, lundi midi, avant un communiqu\u00e9 puis l\u2019intervention de Jean-Luc M\u00e9lenchon.<\/p>\n\n\n\n<p>Le chef de file des Insoumis a annonc\u00e9 diffuser un appel \u00e0 signature en ligne pour une plainte collective.&nbsp;<em>\u00ab&nbsp;Une ambiance morbide et violente est entretenue contre les Insoumis et contre moi nomm\u00e9ment&nbsp;\u00bb<\/em>, \u00e9crit le pr\u00e9sident des d\u00e9put\u00e9s LFI.<\/p>\n\n\n\n<p><\/p>\n","protected":false},"excerpt":{"rendered":"<p>Jean-Luc M\u00e9lenchon,&nbsp;emp\u00eatr\u00e9 dans une pol\u00e9mique concernant ses propos liant terrorisme et \u00e9lection pr\u00e9sidentielle, vient de trouver le moyen de rebondir&nbsp;: il a annonc\u00e9, lundi 7&nbsp;juin, porter plainte apr\u00e8s la publication par Papacito, un youtubeur identitaire, d\u2019une vid\u00e9o mettant en sc\u00e8ne une attaque arm\u00e9e fictive contre un \u00e9lecteur de La France insoumise (LFI). \u00ab\u00a0Je ne peux [&hellip;]<\/p>\n","protected":false},"author":2,"featured_media":18706,"comment_status":"open","ping_status":"open","sticky":false,"template":"","format":"standard","meta":{"_jetpack_memberships_contains_paid_content":false,"footnotes":"","jetpack_publicize_message":"","jetpack_publicize_feature_enabled":true,"jetpack_social_post_already_shared":true,"jetpack_social_options":{"image_generator_settings":{"template":"highway","default_image_id":0,"font":"","enabled":false},"version":2},"_wpas_customize_per_network":false},"categories":[405],"tags":[],"class_list":["post-18705","post","type-post","status-publish","format-standard","has-post-thumbnail","hentry","category-actu-france-monde"],"jetpack_publicize_connections":[],"jetpack_featured_media_url":"https:\/\/i0.wp.com\/www.iceagetv.com\/radiosite\/wp-content\/uploads\/2021\/06\/Jean-Luc-M%C3%A9lenchon-annonce-le-d%C3%A9p%C3%B4t-d%E2%80%99une-plainte-apr%C3%A8s-la-diffusion-d%E2%80%99une-vid%C3%A9o-simulant-le-meurtre-d%E2%80%99un-%C3%A9lecteur-de-LFI.png?fit=533%2C332&ssl=1","jetpack_sharing_enabled":true,"_links":{"self":[{"href":"https:\/\/www.iceagetv.com\/radiosite\/wp-json\/wp\/v2\/posts\/18705","targetHints":{"allow":["GET"]}}],"collection":[{"href":"https:\/\/www.iceagetv.com\/radiosite\/wp-json\/wp\/v2\/posts"}],"about":[{"href":"https:\/\/www.iceagetv.com\/radiosite\/wp-json\/wp\/v2\/types\/post"}],"author":[{"embeddable":true,"href":"https:\/\/www.iceagetv.com\/radiosite\/wp-json\/wp\/v2\/users\/2"}],"replies":[{"embeddable":true,"href":"https:\/\/www.iceagetv.com\/radiosite\/wp-json\/wp\/v2\/comments?post=18705"}],"version-history":[{"count":1,"href":"https:\/\/www.iceagetv.com\/radiosite\/wp-json\/wp\/v2\/posts\/18705\/revisions"}],"predecessor-version":[{"id":18707,"href":"https:\/\/www.iceagetv.com\/radiosite\/wp-json\/wp\/v2\/posts\/18705\/revisions\/18707"}],"wp:featuredmedia":[{"embeddable":true,"href":"https:\/\/www.iceagetv.com\/radiosite\/wp-json\/wp\/v2\/media\/18706"}],"wp:attachment":[{"href":"https:\/\/www.iceagetv.com\/radiosite\/wp-json\/wp\/v2\/media?parent=18705"}],"wp:term":[{"taxonomy":"category","embeddable":true,"href":"https:\/\/www.iceagetv.com\/radiosite\/wp-json\/wp\/v2\/categories?post=18705"},{"taxonomy":"post_tag","embeddable":true,"href":"https:\/\/www.iceagetv.com\/radiosite\/wp-json\/wp\/v2\/tags?post=18705"}],"curies":[{"name":"wp","href":"https:\/\/api.w.org\/{rel}","templated":true}]}}