{"id":18711,"date":"2021-06-08T18:43:30","date_gmt":"2021-06-08T18:43:30","guid":{"rendered":"http:\/\/www.iceagetv.com\/radiosite\/?p=18711"},"modified":"2021-06-08T18:43:30","modified_gmt":"2021-06-08T18:43:30","slug":"emmanuel-macron-gifle-dans-la-drome-par-un-homme-criant-a-bas-la-macronie-tout-va-bien-il-faut-relativiser-cet-incident-qui-est-je-pense-un-fait-isole-il-faut-respecter-les-fonctions-dans","status":"publish","type":"post","link":"https:\/\/www.iceagetv.com\/radiosite\/emmanuel-macron-gifle-dans-la-drome-par-un-homme-criant-a-bas-la-macronie-tout-va-bien-il-faut-relativiser-cet-incident-qui-est-je-pense-un-fait-isole-il-faut-respecter-les-fonctions-dans\/","title":{"rendered":"Emmanuel Macron gifl\u00e9 dans la Dr\u00f4me par un homme criant \u00ab\u00a0A bas la Macronie\u00a0\u00bb : \u00ab\u00a0Tout va bien. Il faut relativiser cet incident qui est, je pense, un fait isol\u00e9. Il faut respecter les fonctions dans la R\u00e9publique.\u00a0\u00bb"},"content":{"rendered":"\n<p> Premi\u00e8re r\u00e9action du Pr\u00e9sident dans les colonnes du Dauphin\u00e9 :\u00a0<strong>\u00ab\u00a0Tout va bien. Il faut relativiser cet incident qui est, je pense, un fait isol\u00e9. Il ne faut pas que cela vienne occulter le reste des sujets si importants qui concerne la vie de beaucoup. Il faut respecter les fonctions dans la R\u00e9publique et je ne l\u00e2cherai jamais ce combat.\u00a0Il faut respecter les fonctions dans la R\u00e9publique et je ne l\u00e2cherai jamais ce combat\u00a0\u00bb<\/strong> <\/p>\n\n\n\n<p><strong>Le point sur ce que l&rsquo;on sait<br><\/strong><\/p>\n\n\n\n<p>Emmanuel Macron a \u00e9t\u00e9 gifl\u00e9 par un homme poussant le cri de guerre royaliste \u00abMontjoie Saint Denis!\u00bb lors d&rsquo;un d\u00e9placement \u00e0 Tain-l&rsquo;Hermitage (Dr\u00f4me) mardi, une premi\u00e8re pendant son quinquennat, condamn\u00e9e par l&rsquo;ensemble de la classe politique. Dans une vid\u00e9o diffus\u00e9e sur Twitter et authentifi\u00e9e par l&rsquo;entourage du chef de l&rsquo;Etat, M. Macron est vu se dirigeant rapidement d&rsquo;un groupe de personnes mass\u00e9es derri\u00e8re des barri\u00e8res pour les saluer, avant de s&rsquo;approcher d&rsquo;un homme portant un tee-shirt kaki, une barbe noire et une chevelure longue.<\/p>\n\n\n\n<p>Saisissant l&rsquo;avant-bras du pr\u00e9sident, l&rsquo;individu semble lui porter ensuite un coup sur la joue, l&rsquo;entourage de M. Macron \u00e9voquant une \u00abtentative de gifle\u00bb. Dans cette m\u00eame vid\u00e9o, juste avant la gifle, est hurl\u00e9 le cri de guerre royaliste \u00abMontjoie Saint Denis!\u00bb, ainsi que \u00abA bas la macronie\u00bb.<\/p>\n\n\n\n<p>Deux personnes, dont l&rsquo;auteur de la gifle, ont imm\u00e9diatement \u00e9t\u00e9 interpell\u00e9es et \u00e9taient entendues \u00abpar la brigade de gendarmerie de Tain-L&rsquo;Hermitage\u00bb, a indiqu\u00e9 la pr\u00e9fecture de la Dr\u00f4me. Selon cette source, l&rsquo;incident s&rsquo;est produit \u00abvers 13h15\u00bb apr\u00e8s que M. Macron a visit\u00e9 le lyc\u00e9e h\u00f4telier de Tain-l&rsquo;Hermitage, o\u00f9 il a \u00e9chang\u00e9 avec des acteurs de la restauration sur le grave manque de main d&rsquo;oeuvre dans le secteur, \u00e0 la veille de la r\u00e9ouverture des restaurants en salle.<\/p>\n\n\n\n<p>D\u00e8s le d\u00e9but des questions au gouvernement \u00e0 l&rsquo;Assembl\u00e9e nationale, le Premier ministre a pris la parole pour d\u00e9noncer cette agression. \u00abLa politique \u00e7a ne peut en aucun cas \u00eatre la violence, l&rsquo;agression verbale, et encore moins l&rsquo;agression physique. J&rsquo;en appelle \u00e0 un sursaut r\u00e9publicain, nous sommes tous concern\u00e9s, il en va des fondements de notre d\u00e9mocratie\u00bb, a d\u00e9clar\u00e9 Jean Castex. Le chef de l&rsquo;Etat a poursuivi sa visite, serrant les mains des personnes pr\u00e9sentes pendant une dizaine de minutes, a indiqu\u00e9 l&rsquo;Elys\u00e9e. S&rsquo;il est parfois pris \u00e0 partie verbalement durant ses sorties, voire hu\u00e9 et insult\u00e9 avec virulence comme en 2018 par des Gilets jaunes au Puy-en-Velay, M. Macron n&rsquo;avait jamais \u00e9t\u00e9 agress\u00e9 physiquement depuis son arriv\u00e9e \u00e0 l&rsquo;Elys\u00e9e.<\/p>\n\n\n\n<p><strong>\u00ab\u00a0Une plainte doit \u00eatre d\u00e9pos\u00e9e dans les prochaines heures par le pr\u00e9fet\u00a0\u00bb, indique \u00e0 l&rsquo;AFP le procureur de la R\u00e9publique \u00e0 Valence ce mardi, apr\u00e8s l&rsquo;arrestation de deux personnes. Une enqu\u00eate, men\u00e9e par les gendarmes dr\u00f4mois, a \u00e9t\u00e9 ouverte pour violence sans ITT sur personne d\u00e9positaire de l&rsquo;autorit\u00e9 publique.<\/strong><\/p>\n\n\n\n<p>\u00ab\u00a0\u00c0 ce stade des gardes \u00e0 vue, leurs motivations ne sont pas connues\u00a0\u00bb, a ajout\u00e9 le procureur<\/p>\n\n\n\n<p><\/p>\n\n\n\n<p><\/p>\n","protected":false},"excerpt":{"rendered":"<p>Premi\u00e8re r\u00e9action du Pr\u00e9sident dans les colonnes du Dauphin\u00e9 :\u00a0\u00ab\u00a0Tout va bien. Il faut relativiser cet incident qui est, je pense, un fait isol\u00e9. Il ne faut pas que cela vienne occulter le reste des sujets si importants qui concerne la vie de beaucoup. Il faut respecter les fonctions dans la R\u00e9publique et je ne [&hellip;]<\/p>\n","protected":false},"author":2,"featured_media":18712,"comment_status":"open","ping_status":"open","sticky":false,"template":"","format":"standard","meta":{"_jetpack_memberships_contains_paid_content":false,"footnotes":"","jetpack_publicize_message":"","jetpack_publicize_feature_enabled":true,"jetpack_social_post_already_shared":true,"jetpack_social_options":{"image_generator_settings":{"template":"highway","default_image_id":0,"font":"","enabled":false},"version":2},"_wpas_customize_per_network":false},"categories":[405],"tags":[],"class_list":["post-18711","post","type-post","status-publish","format-standard","has-post-thumbnail","hentry","category-actu-france-monde"],"jetpack_publicize_connections":[],"jetpack_featured_media_url":"https:\/\/i0.wp.com\/www.iceagetv.com\/radiosite\/wp-content\/uploads\/2021\/06\/Emmanuel-Macron-gifl%C3%A9.jpg?fit=679%2C293&ssl=1","jetpack_sharing_enabled":true,"_links":{"self":[{"href":"https:\/\/www.iceagetv.com\/radiosite\/wp-json\/wp\/v2\/posts\/18711","targetHints":{"allow":["GET"]}}],"collection":[{"href":"https:\/\/www.iceagetv.com\/radiosite\/wp-json\/wp\/v2\/posts"}],"about":[{"href":"https:\/\/www.iceagetv.com\/radiosite\/wp-json\/wp\/v2\/types\/post"}],"author":[{"embeddable":true,"href":"https:\/\/www.iceagetv.com\/radiosite\/wp-json\/wp\/v2\/users\/2"}],"replies":[{"embeddable":true,"href":"https:\/\/www.iceagetv.com\/radiosite\/wp-json\/wp\/v2\/comments?post=18711"}],"version-history":[{"count":1,"href":"https:\/\/www.iceagetv.com\/radiosite\/wp-json\/wp\/v2\/posts\/18711\/revisions"}],"predecessor-version":[{"id":18713,"href":"https:\/\/www.iceagetv.com\/radiosite\/wp-json\/wp\/v2\/posts\/18711\/revisions\/18713"}],"wp:featuredmedia":[{"embeddable":true,"href":"https:\/\/www.iceagetv.com\/radiosite\/wp-json\/wp\/v2\/media\/18712"}],"wp:attachment":[{"href":"https:\/\/www.iceagetv.com\/radiosite\/wp-json\/wp\/v2\/media?parent=18711"}],"wp:term":[{"taxonomy":"category","embeddable":true,"href":"https:\/\/www.iceagetv.com\/radiosite\/wp-json\/wp\/v2\/categories?post=18711"},{"taxonomy":"post_tag","embeddable":true,"href":"https:\/\/www.iceagetv.com\/radiosite\/wp-json\/wp\/v2\/tags?post=18711"}],"curies":[{"name":"wp","href":"https:\/\/api.w.org\/{rel}","templated":true}]}}