{"id":18714,"date":"2021-06-10T14:15:39","date_gmt":"2021-06-10T14:15:39","guid":{"rendered":"http:\/\/www.iceagetv.com\/radiosite\/?p=18714"},"modified":"2021-06-10T14:15:39","modified_gmt":"2021-06-10T14:15:39","slug":"emmanuel-macron-gifle-18-mois-de-prison-ferme-ont-ete-requis-contre-lhomme-qui-a-gifle-le-president","status":"publish","type":"post","link":"https:\/\/www.iceagetv.com\/radiosite\/emmanuel-macron-gifle-18-mois-de-prison-ferme-ont-ete-requis-contre-lhomme-qui-a-gifle-le-president\/","title":{"rendered":"Emmanuel Macron gifl\u00e9: 18 mois de prison ferme ont \u00e9t\u00e9 requis contre l&rsquo;homme qui a gifl\u00e9 le Pr\u00e9sident"},"content":{"rendered":"\n<p><strong>Le parquet a requis \u00e0 Valence (sud-est) une peine de 18 mois de prison contre Damien T., qui a reconnu \u00e0 l&rsquo;audience avoir, deux jours plus t\u00f4t, gifl\u00e9 le pr\u00e9sident fran\u00e7ais Emmanuel Macron lors d&rsquo;un d\u00e9placement dans la Dr\u00f4me.<\/strong>&nbsp;Le procureur demande aussi une interdiction d\u00e9finitive d&rsquo;exercer une fonction publique et une interdiction des droits civiques et de d\u00e9tenir une arme pour une dur\u00e9e de 5 ans.<\/p>\n\n\n\n<p>Cette gifle, \u00ab\u00a0parfaitement inadmissible\u00a0\u00bb est un \u00ab\u00a0acte de violence d\u00e9lib\u00e9r\u00e9e\u00a0\u00bb, a soutenu le repr\u00e9sentant du minist\u00e8re public, face \u00e0 l&rsquo;homme de 28 ans, cheveux long, t-shirt vert et lunettes sur le nez, qui \u00e9tait jug\u00e9 en comparution imm\u00e9diate. Cet acte est parfaitement inadmissible. On n&rsquo;a pas \u00e0 agresser les gens comme \u00e7a\u00a0\u00bb, a lanc\u00e9 le procureur lors de son r\u00e9quisitoire en pr\u00e9cisant que \u00ab\u00a0ce geste n&rsquo;est pas qu&rsquo;une volont\u00e9 de frapper, mais c&rsquo;est de l&rsquo;humiliation<strong>\u00ab\u00a0<\/strong>  Il faut relativiser mais ne rien banaliser\u00a0\u00bb, indique le Pr\u00e9sident Emmanuel Macron lors d&rsquo;une interview accord\u00e9e \u00e0 BFMTV et RMC. \u00ab\u00a0Il ne faut pas faire dire \u00e0 cet acte autre chose qu\u2019un acte isol\u00e9 et qu&rsquo;il y a des gens aujourd&rsquo;hui qui dans la soci\u00e9t\u00e9 peuvent \u00eatre violents \u00e0 un moment ou un autre\u00a0\u00bb, a ajout\u00e9 le chef de l&rsquo;Etat <\/p>\n","protected":false},"excerpt":{"rendered":"<p>Le parquet a requis \u00e0 Valence (sud-est) une peine de 18 mois de prison contre Damien T., qui a reconnu \u00e0 l&rsquo;audience avoir, deux jours plus t\u00f4t, gifl\u00e9 le pr\u00e9sident fran\u00e7ais Emmanuel Macron lors d&rsquo;un d\u00e9placement dans la Dr\u00f4me.&nbsp;Le procureur demande aussi une interdiction d\u00e9finitive d&rsquo;exercer une fonction publique et une interdiction des droits civiques [&hellip;]<\/p>\n","protected":false},"author":2,"featured_media":18715,"comment_status":"open","ping_status":"open","sticky":false,"template":"","format":"standard","meta":{"_jetpack_memberships_contains_paid_content":false,"footnotes":"","jetpack_publicize_message":"","jetpack_publicize_feature_enabled":true,"jetpack_social_post_already_shared":true,"jetpack_social_options":{"image_generator_settings":{"template":"highway","default_image_id":0,"font":"","enabled":false},"version":2},"_wpas_customize_per_network":false},"categories":[405],"tags":[],"class_list":["post-18714","post","type-post","status-publish","format-standard","has-post-thumbnail","hentry","category-actu-france-monde"],"jetpack_publicize_connections":[],"jetpack_featured_media_url":"https:\/\/i0.wp.com\/www.iceagetv.com\/radiosite\/wp-content\/uploads\/2021\/06\/Emmanuel-Macron-gifl%C3%A9-1.jpg?fit=679%2C293&ssl=1","jetpack_sharing_enabled":true,"_links":{"self":[{"href":"https:\/\/www.iceagetv.com\/radiosite\/wp-json\/wp\/v2\/posts\/18714","targetHints":{"allow":["GET"]}}],"collection":[{"href":"https:\/\/www.iceagetv.com\/radiosite\/wp-json\/wp\/v2\/posts"}],"about":[{"href":"https:\/\/www.iceagetv.com\/radiosite\/wp-json\/wp\/v2\/types\/post"}],"author":[{"embeddable":true,"href":"https:\/\/www.iceagetv.com\/radiosite\/wp-json\/wp\/v2\/users\/2"}],"replies":[{"embeddable":true,"href":"https:\/\/www.iceagetv.com\/radiosite\/wp-json\/wp\/v2\/comments?post=18714"}],"version-history":[{"count":1,"href":"https:\/\/www.iceagetv.com\/radiosite\/wp-json\/wp\/v2\/posts\/18714\/revisions"}],"predecessor-version":[{"id":18716,"href":"https:\/\/www.iceagetv.com\/radiosite\/wp-json\/wp\/v2\/posts\/18714\/revisions\/18716"}],"wp:featuredmedia":[{"embeddable":true,"href":"https:\/\/www.iceagetv.com\/radiosite\/wp-json\/wp\/v2\/media\/18715"}],"wp:attachment":[{"href":"https:\/\/www.iceagetv.com\/radiosite\/wp-json\/wp\/v2\/media?parent=18714"}],"wp:term":[{"taxonomy":"category","embeddable":true,"href":"https:\/\/www.iceagetv.com\/radiosite\/wp-json\/wp\/v2\/categories?post=18714"},{"taxonomy":"post_tag","embeddable":true,"href":"https:\/\/www.iceagetv.com\/radiosite\/wp-json\/wp\/v2\/tags?post=18714"}],"curies":[{"name":"wp","href":"https:\/\/api.w.org\/{rel}","templated":true}]}}