{"id":18719,"date":"2021-06-21T16:23:37","date_gmt":"2021-06-21T16:23:37","guid":{"rendered":"http:\/\/www.iceagetv.com\/radiosite\/?p=18719"},"modified":"2021-06-21T16:23:37","modified_gmt":"2021-06-21T16:23:37","slug":"les-discotheques-autorisees-a-rouvrir-le-9-juillet-les-concerts-debout-des-le-30-juin","status":"publish","type":"post","link":"https:\/\/www.iceagetv.com\/radiosite\/les-discotheques-autorisees-a-rouvrir-le-9-juillet-les-concerts-debout-des-le-30-juin\/","title":{"rendered":"Les discoth\u00e8ques autoris\u00e9es \u00e0 rouvrir le 9 juillet, les concerts debout d\u00e8s le 30 juin"},"content":{"rendered":"\n<p>Les professionnels de la nuit peuvent souffler. Apr\u00e8s une r\u00e9union \u00e0 l\u2019\u00c9lys\u00e9e, ce lundi matin, avec les repr\u00e9sentants du secteur du monde de la nuit, Emmanuel Macron, le pr\u00e9sident de la R\u00e9publique a tranch\u00e9 et d\u00e9cid\u00e9 de la r\u00e9ouverture des&nbsp;<a href=\"https:\/\/www.leparisien.fr\/societe\/discotheques-fermees-a-cause-du-covid-19-alors-quand-est-ce-quon-danse-06-03-2021-A3FVNN3T4BHPDMF32DHMA3OLB4.php\" target=\"_blank\" rel=\"noreferrer noopener\">discoth\u00e8ques \u2014 ferm\u00e9es depuis 15 mois<\/a>&nbsp;\u2014 le 9 juillet.&nbsp;<a href=\"https:\/\/www.leparisien.fr\/culture-loisirs\/covid-19-reprise-des-concerts-avec-du-public-debout-a-partir-du-30-juin-21-06-2021-TRJPADH4ARCVRDCBZJMO7YKDZ4.php\" target=\"_blank\" rel=\"noreferrer noopener\">Les concerts debout<\/a>&nbsp;pourront, eux, reprendre d\u00e8s le 30 juin.<\/p>\n\n\n\n<p><a href=\"https:\/\/www.leparisien.fr\/economie\/rouvrir-oui-mais-pas-a-nimporte-quel-prix-linquietude-des-patrons-de-discotheques-20-06-2021-KRHBDNHQCZHC5LMBTVLV7ZMCPE.php\">Contrairement aux craintes, le protocole sanitaire sera all\u00e9g\u00e9<\/a>. Seules les personnes pouvant \u00ab produire un<a rel=\"noreferrer noopener\" href=\"https:\/\/www.leparisien.fr\/societe\/pass-sanitaire-ces-lieux-dans-lesquels-il-sera-obligatoire-des-mercredi-08-06-2021-AF4PME4XFFCV5KJEI6BVI7TOLM.php\" target=\"_blank\">\u00a0pass sanitaire<\/a>\u00a0\u00bb auront acc\u00e8s aux \u00e9tablissements qui accueillent au minimum 50 personnes pour les discoth\u00e8ques, et 1 000 pour les concerts debout. \u00ab Cela ne veut pas dire un passeport vaccinal \u00bb, a toutefois rassur\u00e9 la ministre de la Culture, Roselyne Bachelot, \u00e0 l\u2019issue de la r\u00e9union.<\/p>\n\n\n\n<p>l faudra, avec&nbsp;<a href=\"https:\/\/www.leparisien.fr\/high-tech\/comment-lappli-tousanticovid-va-se-muer-en-pass-sanitaire-numerique-19-04-2021-KOL2QSYXABH4JCXR7W4YOAM3JM.php\" target=\"_blank\" rel=\"noreferrer noopener\">l\u2019application Tous Anti Covid<\/a>, d\u00e9montrer que l\u2019on est soit vaccin\u00e9 (deux injections), soit que l\u2019on a un test PCR ou antig\u00e9nique n\u00e9gatif. \u00ab Les professionnels, en cas de grande affluence, auront la possibilit\u00e9 d\u2019installer des barnums, \u00e0 l\u2019entr\u00e9e, pour r\u00e9aliser des tests antig\u00e9niques rapides \u00bb, a pr\u00e9cis\u00e9 Alain Griset, ministre d\u00e9l\u00e9gu\u00e9 aux PME. M\u00eame chose pour les organisateurs de spectacles. C\u2019\u00e9tait une requ\u00eate de l\u2019ensemble de l\u2019ensemble des professionnels.<\/p>\n\n\n\n<h2 class=\"wp-block-heading\">Le masque ne sera \u00abpas obligatoire\u00bb<\/h2>\n\n\n\n<p>\u00c0 l\u2019int\u00e9rieur, la jauge est fix\u00e9e \u00e0 75 %, pour les discoth\u00e8ques et les salles de concerts. En ext\u00e9rieur, elle sera de 100 %. Le masque, lui, sera recommand\u00e9 mais \u00ab pas obligatoire \u00bb. Jusqu\u2019\u00e0 la fin des contraintes sanitaires, les aides seront maintenues. \u00ab Il a \u00e9t\u00e9 l\u2019un des secteurs les plus soutenus avec le fonds de solidarit\u00e9, nous continuerons d\u2019accompagner les professionnels \u00bb, a martel\u00e9 Alain Griset. Ce protocole sera maintenu jusqu\u2019\u00e0 \u00ab fin ao\u00fbt \u00bb. \u00ab Un point sera fait \u00e0 la mi-septembre pour l\u2019ajuster, le renforcer ou le desserrer \u00bb, pr\u00e9cise-t-on \u00e0 l\u2019\u00c9lys\u00e9e.<\/p>\n\n\n\n<h2 class=\"wp-block-heading\">Des patrons de discoth\u00e8que soulag\u00e9s mais prudents<\/h2>\n\n\n\n<p>Jean-Christophe Bruon, patron du Point Bar \u00e0 Deauville (Calvados), pousse un grand \u00ab ouf de soulagement \u00bb. \u00ab Nous sommes tr\u00e8s, tr\u00e8s, tr\u00e8s contents ! C\u2019est beaucoup plus positif que&nbsp;<a href=\"https:\/\/www.leparisien.fr\/politique\/tour-de-france-demmanuel-macron-dans-la-drome-la-nouvelle-carte-postale-du-chef-de-letat-07-06-2021-2KAAX2W5TNBXHHKPN4367MG454.php\">les premi\u00e8res pistes qui nous avaient \u00e9t\u00e9 pr\u00e9sent\u00e9es<\/a>, se f\u00e9licite l\u2019ex-patron de la c\u00e9l\u00e8bre discoth\u00e8que Les Planches. Apr\u00e8s quinze mois de fermeture, il va enfin y avoir une vraie f\u00eate, une vraie joie de revenir en bo\u00eete de nuit. Si on nous avait dit cela, il y a deux mois, on aurait sign\u00e9 tout de suite. \u00bb<\/p>\n\n\n\n<p>Son confr\u00e8re Nicolas Guihot, directeur du Space \u00e0 Val-Andr\u00e9 (C\u00f4tes-d\u2019Armor), se dit \u00ab satisfait \u00bb, mais reste prudent sur sa capacit\u00e9 \u00e0 rouvrir. \u00ab C\u2019est une bonne nouvelle, tardive. Maintenant, nous devons monter une \u00e9quipe en saisonnier, cela va d\u00e9terminer notre r\u00e9ouverture, souligne-t-il. Elle sera conditionn\u00e9e aussi aux travaux de ventilation que nous aurons \u00e0 r\u00e9aliser\u2026 En esp\u00e9rant qu\u2019ils soient termin\u00e9s le 9 juillet. Sinon, je resterai ferm\u00e9 jusqu\u2019\u00e0 la fin de la p\u00e9riode sanitaire. \u00bb<\/p>\n\n\n\n<p><\/p>\n\n\n\n<p><\/p>\n","protected":false},"excerpt":{"rendered":"<p>Les professionnels de la nuit peuvent souffler. Apr\u00e8s une r\u00e9union \u00e0 l\u2019\u00c9lys\u00e9e, ce lundi matin, avec les repr\u00e9sentants du secteur du monde de la nuit, Emmanuel Macron, le pr\u00e9sident de la R\u00e9publique a tranch\u00e9 et d\u00e9cid\u00e9 de la r\u00e9ouverture des&nbsp;discoth\u00e8ques \u2014 ferm\u00e9es depuis 15 mois&nbsp;\u2014 le 9 juillet.&nbsp;Les concerts debout&nbsp;pourront, eux, reprendre d\u00e8s le 30 [&hellip;]<\/p>\n","protected":false},"author":2,"featured_media":18720,"comment_status":"open","ping_status":"open","sticky":false,"template":"","format":"standard","meta":{"_jetpack_memberships_contains_paid_content":false,"footnotes":"","jetpack_publicize_message":"","jetpack_publicize_feature_enabled":true,"jetpack_social_post_already_shared":true,"jetpack_social_options":{"image_generator_settings":{"template":"highway","default_image_id":0,"font":"","enabled":false},"version":2},"_wpas_customize_per_network":false},"categories":[405],"tags":[2930],"class_list":["post-18719","post","type-post","status-publish","format-standard","has-post-thumbnail","hentry","category-actu-france-monde","tag-les-discotheques-autorisees-a-rouvrir-le-9-juillet"],"jetpack_publicize_connections":[],"jetpack_featured_media_url":"https:\/\/i0.wp.com\/www.iceagetv.com\/radiosite\/wp-content\/uploads\/2021\/06\/Les-discoth%C3%A8ques-autoris%C3%A9es-%C3%A0-rouvrir-le-9-juillet-les-concerts-debout-d%C3%A8s-le-30-juin.jpg?fit=770%2C433&ssl=1","jetpack_sharing_enabled":true,"_links":{"self":[{"href":"https:\/\/www.iceagetv.com\/radiosite\/wp-json\/wp\/v2\/posts\/18719","targetHints":{"allow":["GET"]}}],"collection":[{"href":"https:\/\/www.iceagetv.com\/radiosite\/wp-json\/wp\/v2\/posts"}],"about":[{"href":"https:\/\/www.iceagetv.com\/radiosite\/wp-json\/wp\/v2\/types\/post"}],"author":[{"embeddable":true,"href":"https:\/\/www.iceagetv.com\/radiosite\/wp-json\/wp\/v2\/users\/2"}],"replies":[{"embeddable":true,"href":"https:\/\/www.iceagetv.com\/radiosite\/wp-json\/wp\/v2\/comments?post=18719"}],"version-history":[{"count":1,"href":"https:\/\/www.iceagetv.com\/radiosite\/wp-json\/wp\/v2\/posts\/18719\/revisions"}],"predecessor-version":[{"id":18721,"href":"https:\/\/www.iceagetv.com\/radiosite\/wp-json\/wp\/v2\/posts\/18719\/revisions\/18721"}],"wp:featuredmedia":[{"embeddable":true,"href":"https:\/\/www.iceagetv.com\/radiosite\/wp-json\/wp\/v2\/media\/18720"}],"wp:attachment":[{"href":"https:\/\/www.iceagetv.com\/radiosite\/wp-json\/wp\/v2\/media?parent=18719"}],"wp:term":[{"taxonomy":"category","embeddable":true,"href":"https:\/\/www.iceagetv.com\/radiosite\/wp-json\/wp\/v2\/categories?post=18719"},{"taxonomy":"post_tag","embeddable":true,"href":"https:\/\/www.iceagetv.com\/radiosite\/wp-json\/wp\/v2\/tags?post=18719"}],"curies":[{"name":"wp","href":"https:\/\/api.w.org\/{rel}","templated":true}]}}