{"id":18722,"date":"2021-06-21T16:26:12","date_gmt":"2021-06-21T16:26:12","guid":{"rendered":"http:\/\/www.iceagetv.com\/radiosite\/?p=18722"},"modified":"2021-06-21T16:26:12","modified_gmt":"2021-06-21T16:26:12","slug":"regionales-en-paca-apres-le-retrait-de-sa-liste-au-second-tour-lecologiste-jean-laurent-felizia-votera-pour-le-candidat-lr-renaud-muselier-pour-battre-le-rn","status":"publish","type":"post","link":"https:\/\/www.iceagetv.com\/radiosite\/regionales-en-paca-apres-le-retrait-de-sa-liste-au-second-tour-lecologiste-jean-laurent-felizia-votera-pour-le-candidat-lr-renaud-muselier-pour-battre-le-rn\/","title":{"rendered":"R\u00e9gionales en Paca : apr\u00e8s le retrait de sa liste au second tour, l&rsquo;\u00e9cologiste Jean-Laurent F\u00e9lizia votera pour le candidat LR Renaud Muselier \u00ab\u00a0pour battre\u00a0\u00bb le RN"},"content":{"rendered":"\n<p><em>Je n&rsquo;avais pas le droit de jouer avec le feu\u00a0\u00bb<\/em>&nbsp;face au Rassemblement national, a d\u00e9clar\u00e9 lundi 21&nbsp;juin Jean-Laurent F\u00e9lizia. Au lendemain du&nbsp;<a href=\"https:\/\/www.francetvinfo.fr\/elections\/resultats\/\">premier tour des \u00e9lections r\u00e9gionales<\/a>, la t\u00eate de liste \u00e9cologiste&nbsp;<a href=\"https:\/\/www.francetvinfo.fr\/elections\/resultats\/provence-alpes-cote-d-azur\/\">en Provence-Alpes-C\u00f4te d&rsquo;Azur<\/a>, arriv\u00e9e troisi\u00e8me avec 16,89% des voix, a annonc\u00e9 son retrait pour le second tour.&nbsp;<a href=\"https:\/\/www.francetvinfo.fr\/elections\/elections-regionales-en-paca-jean-laurent-felizia-confirme-son-maintien-au-second-tour_4672479.html\">Jean-Laurent F\u00e9lizia avait d&rsquo;abord&nbsp;envisag\u00e9 de se maintenir<\/a>&nbsp;face \u00e0 Thierry Mariani (RN, 36,38%) et Renaud Muselier (LR, 31,91%). Face&nbsp;<a href=\"https:\/\/www.francetvinfo.fr\/elections\/elections-regionales-en-paca-si-la-liste-de-jean-laurent-felizia-n-est-pas-retiree-elle-n-aura-pas-le-soutien-d-eelv-previent-julien-bayou_4672541.html\">aux pressions politiques<\/a>, le candidat \u00e9cologiste est revenu sur sa d\u00e9cision et a ajout\u00e9 qu&rsquo;il voterait pour la liste des R\u00e9publicains au second tour&nbsp;<em>\u00ab\u00a0pour battre Thierry Mariani\u00a0\u00bb<\/em>. Suivez notre direct et retrouvez l&rsquo;ensemble&nbsp;<a href=\"https:\/\/www.francetvinfo.fr\/elections\/regionales\/carte-resultats-des-elections-regionales-decouvrez-quel-parti-est-en-tete-dans-votre-region-selon-notre-estimation-ipsos-sopra-steria_4668769.html\">des r\u00e9sultats dans notre carte<\/a>.<\/p>\n\n\n\n<p><strong>&nbsp;Les listes de gauche s&rsquo;unissent en Ile-de-France.&nbsp;<\/strong>En vue du second tour des r\u00e9gionales, le candidat \u00e9cologiste&nbsp;<a href=\"https:\/\/www.francetvinfo.fr\/elections\/resultats\/ile-de-france\/\">en Ile-de-France<\/a>&nbsp;Julien Bayou a annonc\u00e9 l&rsquo;union de sa liste avec celle du PS, emmen\u00e9e par Audrey Pulvar, et celle de LFI et du PCF conduite par Cl\u00e9mentine Autain. Le secr\u00e9taire national d&rsquo;EELV a remport\u00e9 12,95% au premier tour, contre 11,07% pour la liste d&rsquo;Audrey Pulvar et 10,24% pour celle de Cl\u00e9mentine Autain. La pr\u00e9sidente sortante LR,&nbsp;<a href=\"https:\/\/www.francetvinfo.fr\/elections\/regionales\/resultats-des-elections-regionales-en-ile-de-france-valerie-pecresse-domine-le-premier-tour-avec-34-2-des-suffrages-selon-notre-estimation-ipsos-sopra-steria_4667243.html\">Val\u00e9rie P\u00e9cresse, est arriv\u00e9e largement en t\u00eate<\/a>&nbsp;avec 35,94% des voix.<\/p>\n\n\n\n<p><strong>&nbsp;Les R\u00e9publicains obtiennent de bons scores.<\/strong>&nbsp;Damien Abad, d\u00e9put\u00e9 LR de l&rsquo;Ain, a salu\u00e9 sur franceinfo&nbsp;<em>\u00ab\u00a0la victoire de la droite r\u00e9publicaine\u00a0\u00bb<\/em>,&nbsp;<em>\u00ab\u00a0premier parti de France\u00a0\u00bb<\/em>, apr\u00e8s ce premier tour des \u00e9lections d\u00e9partementales et r\u00e9gionales. Les listes de droite sont notamment largement en t\u00eate en Ile-de-France, dans les Hauts-de-France et en&nbsp;Auvergne-Rh\u00f4ne-Alpes.&nbsp;Le patron des R\u00e9publicains, Christian Jacob, a quant \u00e0 lui qualifi\u00e9&nbsp;<em>\u00ab\u00a0d&rsquo;\u00e9chec cuisant\u00a0\u00bb<\/em>&nbsp;les r\u00e9sultats de LREM et du RN. La&nbsp;<a href=\"https:\/\/www.francetvinfo.fr\/elections\/regionales\/resultats-des-elections-regionales-un-premier-tour-a-oublier-pour-la-republique-en-marche_4668761.html\">majorit\u00e9 pr\u00e9sidentielle n&rsquo;est arriv\u00e9e en t\u00eate dans aucune r\u00e9gion<\/a>. De son c\u00f4t\u00e9,&nbsp;<a href=\"https:\/\/www.francetvinfo.fr\/politique\/front-national\/resultats-des-elections-regionales-un-premier-tour-tres-decevant-pour-le-rassemblement-national_4665979.html\">le parti&nbsp;de Marine Le Pen<\/a>&nbsp;n&rsquo;est en t\u00eate des&nbsp;<a href=\"https:\/\/www.francetvinfo.fr\/elections\/resultats\/provence-alpes-cote-d-azur\/\">suffrages qu&rsquo;en Provence-Alpes-C\u00f4te d&rsquo;Azur<\/a>.<\/p>\n\n\n\n<p><strong>&nbsp;Le chef des R\u00e9publicains demande le retrait de trois listes LREM.&nbsp;<\/strong>Christian Jacob a par ailleurs demand\u00e9&nbsp;<em>\u00ab\u00a0le retrait des listes de la majorit\u00e9 pr\u00e9sidentielle\u00a0\u00bb<\/em>&nbsp;dans les Pays-de-la-Loire,&nbsp;<a href=\"https:\/\/www.francetvinfo.fr\/elections\/resultats\/centre-val-de-loire\/\">en Centre-Val-de-Loire<\/a>&nbsp;et en Bourgogne-Franche-Comt\u00e9&nbsp;pour \u00e9viter<em>&nbsp;\u00ab\u00a0un risque de gouvernance avec l&rsquo;extr\u00eame gauche\u00a0\u00bb<\/em>&nbsp;dans ces trois r\u00e9gions. Dans les Pays-de-la-Loire, la pr\u00e9sidente sortante&nbsp;<a href=\"https:\/\/www.francetvinfo.fr\/elections\/regionales\/resultats-des-elections-regionales-dans-les-pays-de-la-loire-christelle-morancais-arrive-en-tete-avec-34-5-des-voix-selon-notre-estimation-ipsos-sopra-steria_4667407.html\">Christelle Moran\u00e7ais (LR) devance largement une coalition de gauche<\/a>. En Centre-Val-de-Loire,&nbsp;<a href=\"https:\/\/www.francetvinfo.fr\/elections\/regionales\/resultats-des-elections-regionales-en-centre-val-de-loire-le-socialiste-francois-bonneau-domine-avec-25-6-des-voix-selon-notre-estimation-ipsos-sopra-steria_4667185.html\">la liste PS\/PCF arrive devant le RN et la droite<\/a>. Enfin, en Bourgogne,&nbsp;<a href=\"https:\/\/www.francetvinfo.fr\/elections\/regionales\/resultats-des-regionales-en-bourgogne-franche-comte-la-socialiste-marie-guite-dufay-en-tete-avec-26-des-voix-selon-notre-estimation-ipsos-sopra-steria_4665749.html\">la pr\u00e9sidente sortante socialiste, Marie-Guite Dufay<\/a>, pourrait conserver la r\u00e9gion.<\/p>\n\n\n\n<p><strong>&nbsp;Abstention record.<\/strong>&nbsp;Deux Fran\u00e7ais sur trois&nbsp;<a href=\"https:\/\/www.francetvinfo.fr\/elections\/abstention\/resultats-des-elections-regionales-et-departementales-pourquoi-l-abstention-est-une-nouvelle-fois-la-grande-gagnante-du-scrutin_4667639.html\">n&rsquo;ont pas vot\u00e9<\/a>. Jamais les Fran\u00e7ais n&rsquo;ont autant boud\u00e9 les urnes pour le premier tour des r\u00e9gionales et d\u00e9partementales.&nbsp;<em>\u00ab\u00a0Abyssale\u00a0\u00bb<\/em>,&nbsp;<em>\u00ab\u00a0abstention de dingue\u00a0\u00bb<\/em>,&nbsp;<em>\u00ab\u00a0d\u00e9sastre civique\u00a0\u00bb<\/em>&nbsp;: la classe politique a d\u00e9plor\u00e9 dimanche, dans son ensemble, ce record.<\/p>\n\n\n\n<p><strong>&nbsp;Dysfonctionnements en s\u00e9rie.<\/strong>&nbsp;<a href=\"https:\/\/www.francetvinfo.fr\/elections\/elections-regionales-et-departementales-un-scrutin-perturbe-par-plusieurs-couacs_4671171.html\">Des incidents<\/a>&nbsp;dans l&rsquo;organisation du vote ont \u00e9t\u00e9 rapport\u00e9s dimanche et les jours pr\u00e9c\u00e9dents. Tous ne sont pas li\u00e9s \u00e0 la situation sanitaire. Les deux prestataires charg\u00e9s de la distribution de la propagande \u00e9lectorale pour les \u00e9lections r\u00e9gionales et d\u00e9partementales, La Poste et Adrexo, sont convoqu\u00e9s lundi par le ministre de l&rsquo;Int\u00e9rieur, G\u00e9rald Darmanin.<\/p>\n","protected":false},"excerpt":{"rendered":"<p>Je n&rsquo;avais pas le droit de jouer avec le feu\u00a0\u00bb&nbsp;face au Rassemblement national, a d\u00e9clar\u00e9 lundi 21&nbsp;juin Jean-Laurent F\u00e9lizia. Au lendemain du&nbsp;premier tour des \u00e9lections r\u00e9gionales, la t\u00eate de liste \u00e9cologiste&nbsp;en Provence-Alpes-C\u00f4te d&rsquo;Azur, arriv\u00e9e troisi\u00e8me avec 16,89% des voix, a annonc\u00e9 son retrait pour le second tour.&nbsp;Jean-Laurent F\u00e9lizia avait d&rsquo;abord&nbsp;envisag\u00e9 de se maintenir&nbsp;face \u00e0 Thierry [&hellip;]<\/p>\n","protected":false},"author":2,"featured_media":18723,"comment_status":"open","ping_status":"open","sticky":false,"template":"","format":"standard","meta":{"_jetpack_memberships_contains_paid_content":false,"footnotes":"","jetpack_publicize_message":"","jetpack_publicize_feature_enabled":true,"jetpack_social_post_already_shared":true,"jetpack_social_options":{"image_generator_settings":{"template":"highway","default_image_id":0,"font":"","enabled":false},"version":2},"_wpas_customize_per_network":false},"categories":[405],"tags":[],"class_list":["post-18722","post","type-post","status-publish","format-standard","has-post-thumbnail","hentry","category-actu-france-monde"],"jetpack_publicize_connections":[],"jetpack_featured_media_url":"https:\/\/i0.wp.com\/www.iceagetv.com\/radiosite\/wp-content\/uploads\/2021\/06\/R%C3%A9gionales-en-Paca.jpg?fit=770%2C433&ssl=1","jetpack_sharing_enabled":true,"_links":{"self":[{"href":"https:\/\/www.iceagetv.com\/radiosite\/wp-json\/wp\/v2\/posts\/18722","targetHints":{"allow":["GET"]}}],"collection":[{"href":"https:\/\/www.iceagetv.com\/radiosite\/wp-json\/wp\/v2\/posts"}],"about":[{"href":"https:\/\/www.iceagetv.com\/radiosite\/wp-json\/wp\/v2\/types\/post"}],"author":[{"embeddable":true,"href":"https:\/\/www.iceagetv.com\/radiosite\/wp-json\/wp\/v2\/users\/2"}],"replies":[{"embeddable":true,"href":"https:\/\/www.iceagetv.com\/radiosite\/wp-json\/wp\/v2\/comments?post=18722"}],"version-history":[{"count":1,"href":"https:\/\/www.iceagetv.com\/radiosite\/wp-json\/wp\/v2\/posts\/18722\/revisions"}],"predecessor-version":[{"id":18724,"href":"https:\/\/www.iceagetv.com\/radiosite\/wp-json\/wp\/v2\/posts\/18722\/revisions\/18724"}],"wp:featuredmedia":[{"embeddable":true,"href":"https:\/\/www.iceagetv.com\/radiosite\/wp-json\/wp\/v2\/media\/18723"}],"wp:attachment":[{"href":"https:\/\/www.iceagetv.com\/radiosite\/wp-json\/wp\/v2\/media?parent=18722"}],"wp:term":[{"taxonomy":"category","embeddable":true,"href":"https:\/\/www.iceagetv.com\/radiosite\/wp-json\/wp\/v2\/categories?post=18722"},{"taxonomy":"post_tag","embeddable":true,"href":"https:\/\/www.iceagetv.com\/radiosite\/wp-json\/wp\/v2\/tags?post=18722"}],"curies":[{"name":"wp","href":"https:\/\/api.w.org\/{rel}","templated":true}]}}