{"id":18726,"date":"2021-06-21T16:29:05","date_gmt":"2021-06-21T16:29:05","guid":{"rendered":"http:\/\/www.iceagetv.com\/radiosite\/?p=18726"},"modified":"2021-06-21T16:29:05","modified_gmt":"2021-06-21T16:29:05","slug":"bleus-mondial-rate-euro-ecourte-dembele-promesse-non-tenue","status":"publish","type":"post","link":"https:\/\/www.iceagetv.com\/radiosite\/bleus-mondial-rate-euro-ecourte-dembele-promesse-non-tenue\/","title":{"rendered":"BLEUS : MONDIAL RAT\u00c9, EURO \u00c9COURT\u00c9 : DEMB\u00c9L\u00c9, PROMESSE NON TENUE"},"content":{"rendered":"\n<p> Trente minutes comme un cruel r\u00e9sum\u00e9 de ses 27 s\u00e9lections. En une demi-heure, Ousmane Demb\u00e9l\u00e9 a d&rsquo;abord montr\u00e9 quel joueur fantastique il pouvait \u00eatre. Des crochets, une frappe sur le poteau : en quelques secondes, le Barcelonais avait d\u00e9j\u00e0 montr\u00e9 plus que Karim Benzema ou Antoine Griezmann. Puis, il s&rsquo;est perdu dans des conduites de balle hasardeuses et des passes axiales trop molles et dangereuses. Dembouz&rsquo; a finalement d\u00fb se r\u00e9soudre \u00e0 quitter le terrain, victime d&rsquo;un coup sur le tendon du genou. Des promesses, du d\u00e9chet et de la frustration : tout Demb\u00e9l\u00e9 est l\u00e0. Son forfait pour la suite de la comp\u00e9tition, officialis\u00e9 ce lundi, marque un nouveau coup d&rsquo;arr\u00eat pour celui qu&rsquo;on pensait enfin lanc\u00e9. Mais il faudra encore patienter, comme souvent avec Demb\u00e9l\u00e9 en Bleu. Il est pourtant arriv\u00e9 comme une \u00e9vidence. Apr\u00e8s la finale de l&rsquo;Euro, et quelques mois avant son pote Kylian Mbapp\u00e9, il faisait partie de cette nouvelle g\u00e9n\u00e9ration qui incarnait les espoirs tricolores. Et un soir d&rsquo;\u00e9t\u00e9 2017, \u00e0 20 ans, Demb\u00e9l\u00e9 estomaque, avec l&rsquo;aide pr\u00e9cieuse du crack de Bondy, l&rsquo;Angleterre (3-2).<\/p>\n\n\n\n<h2 class=\"wp-block-heading\">LA PRESSE ANGLAISE : \u00ab\u00a0MBAPP\u00c9 ET DEMB\u00c9L\u00c9, DEUX SUPERSTARS EN DEVENIR\u00a0\u00bb<\/h2>\n\n\n\n<p>\u00ab\u00a0<em>Les enfants de Didier Deschamps ont r\u00e9gal\u00e9 le Stade de France d&rsquo;une vision d&rsquo;avenir qui fait peur pour le reste du monde,\u00a0<\/em>r\u00e9sume le\u00a0<em>Mirror. Les jeunes attaquants fran\u00e7ais ont d\u00e9chir\u00e9 la d\u00e9fense anglaise. C&rsquo;\u00e9tait parfois g\u00e9nial et presque imparable<\/em>.\u00a0\u00bb Le\u00a0<em>Telegraph\u00a0<\/em>est \u00e9bahi : \u00ab\u00a0<em>L\u2019Angleterre a perdu parce qu\u2019elle ne pouvait tout simplement pas faire face \u00e0 la vitesse et aux capacit\u00e9s des deux superstars en devenir Ousmane Demb\u00e9l\u00e9 et Kylian Mbapp\u00e9<\/em>.\u00a0\u00bb Bingo, les Bleus tiennent leur duo pour dix ans au moins.Il faudra quasiment un an pour le revoir en Bleu, la faute d\u00e9j\u00e0, \u00e0 des blessures. Mais Deschamps, trop conscient de son potentiel, l&rsquo;am\u00e8ne en Russie. Cette fois, c&rsquo;est une d\u00e9monstration face \u00e0 l&rsquo;Italie en pr\u00e9paration qui fait basculer son destin. Une mine du pied droit le propulse parmi le onze de d\u00e9part face \u00e0 l&rsquo;Australie pour les d\u00e9buts de l&rsquo;\u00e9quipe de France \u00e0 la Coupe du monde. C&rsquo;est un fiasco. Non seulement, il rate tout ce qu&rsquo;il entreprend mais il expose l&rsquo;\u00e9quipe par l&rsquo;indolence de ses replis. Sanction imm\u00e9diate : il ne d\u00e9butera plus que le match des coiffeurs face au Danemark (0-0) qualifi\u00e9s de la pire rencontre du Mondial par les m\u00e9dias internationaux. Demb\u00e9l\u00e9 est champion du monde mais il a pli\u00e9 sous le poids des responsabilit\u00e9s. Son sourire, sa d\u00e9contraction et sa bonne humeur auront charm\u00e9 le staff. Mais sur le terrain, son premier rendez-vous international est un \u00e9chec. <\/p>\n\n\n\n<p>\n\nSa vie en Bleu se r\u00e9sume alors \u00e0 un r\u00f4le de supersub mais Demb\u00e9l\u00e9 fait rarement des diff\u00e9rences. Et la succession de blessures en Catalogne vont peu \u00e0 peu l&rsquo;\u00e9loigner du groupe et d\u00e9clencher les remontrances publiques de Didier Deschamps \u00e0 intervalle r\u00e9gulier.<strong>Octobre 2018&nbsp;<\/strong>: \u00ab\u00a0<em>\u00c0 lui de prendre conscience de toutes les exigences du football de haut niveau. Je ne crois pas qu&rsquo;il ait pleinement conscience de cela<\/em>.\u00a0\u00bb<strong>Novembre 2019&nbsp;<\/strong>: \u00ab\u00a0<em>Qu&rsquo;il fasse en sorte de ne pas g\u00e2cher tout ce qu&rsquo;il est capable de faire. Quand il est avec moi, je lui ai d\u00e9j\u00e0 dit certaines choses. Je lui dis \u00e0 lui comme \u00e0 d&rsquo;autres : &lsquo;donne-toi tous les moyens, que ce soit sur le terrain ou en dehors.<\/em>\u00ab\u00a0<\/p>\n\n\n\n<h2 class=\"wp-block-heading\">DEUX ANS ET DEMI SANS \u00c9QUIPE DE FRANCE<\/h2>\n\n\n\n<p>Des blessures musculaires l&rsquo;\u00e9loignent de Clairefontaine durant deux ans et demi, un nouveau claquage le condamne pour l&rsquo;Euro. Son report offre une seconde chance \u00e0 un Demb\u00e9l\u00e9 enfin r\u00e9gulier avec le FC Barcelone. Deschamps, qui raffole de son profil, le rattrape par la manche en mars. Rebelote. Des dribbles saignants, des chevauch\u00e9es \u00e9bouriffantes : \u00e0 trois mois de l&rsquo;Euro, le revoil\u00e0 qui s&rsquo;impose comme une \u00e9vidence.Comme face \u00e0 la Hongrie, il est tr\u00e8s souvent la premi\u00e8re cartouche offensive \u00e0 sortir du banc lors de la pr\u00e9paration. Face au Pays de Galles, il inscrit m\u00eame son quatri\u00e8me but avec les Bleus. Tout roule, jusqu&rsquo;\u00e0 ce nouveau coup d&rsquo;arr\u00eat. Son corps le l\u00e2che, encore une fois. Demb\u00e9l\u00e9, le p\u00e9tard mouill\u00e9, repart et laisse derri\u00e8re lui le go\u00fbt de frustration qui l&rsquo;accompagne depuis ses d\u00e9buts. A 24 ans, la promesse n&rsquo;est toujours pas tenue.\n\n<\/p>\n\n\n\n<p><\/p>\n\n\n\n<p><br><br><\/p>\n","protected":false},"excerpt":{"rendered":"<p>Trente minutes comme un cruel r\u00e9sum\u00e9 de ses 27 s\u00e9lections. En une demi-heure, Ousmane Demb\u00e9l\u00e9 a d&rsquo;abord montr\u00e9 quel joueur fantastique il pouvait \u00eatre. Des crochets, une frappe sur le poteau : en quelques secondes, le Barcelonais avait d\u00e9j\u00e0 montr\u00e9 plus que Karim Benzema ou Antoine Griezmann. Puis, il s&rsquo;est perdu dans des conduites de [&hellip;]<\/p>\n","protected":false},"author":2,"featured_media":18727,"comment_status":"open","ping_status":"open","sticky":false,"template":"","format":"standard","meta":{"_jetpack_memberships_contains_paid_content":false,"footnotes":"","jetpack_publicize_message":"","jetpack_publicize_feature_enabled":true,"jetpack_social_post_already_shared":true,"jetpack_social_options":{"image_generator_settings":{"template":"highway","default_image_id":0,"font":"","enabled":false},"version":2},"_wpas_customize_per_network":false},"categories":[18],"tags":[],"class_list":["post-18726","post","type-post","status-publish","format-standard","has-post-thumbnail","hentry","category-actu-sport"],"jetpack_publicize_connections":[],"jetpack_featured_media_url":"https:\/\/i0.wp.com\/www.iceagetv.com\/radiosite\/wp-content\/uploads\/2021\/06\/MONDIAL-RAT%C3%89-EURO-%C3%89COURT%C3%89.png?fit=941%2C665&ssl=1","jetpack_sharing_enabled":true,"_links":{"self":[{"href":"https:\/\/www.iceagetv.com\/radiosite\/wp-json\/wp\/v2\/posts\/18726","targetHints":{"allow":["GET"]}}],"collection":[{"href":"https:\/\/www.iceagetv.com\/radiosite\/wp-json\/wp\/v2\/posts"}],"about":[{"href":"https:\/\/www.iceagetv.com\/radiosite\/wp-json\/wp\/v2\/types\/post"}],"author":[{"embeddable":true,"href":"https:\/\/www.iceagetv.com\/radiosite\/wp-json\/wp\/v2\/users\/2"}],"replies":[{"embeddable":true,"href":"https:\/\/www.iceagetv.com\/radiosite\/wp-json\/wp\/v2\/comments?post=18726"}],"version-history":[{"count":1,"href":"https:\/\/www.iceagetv.com\/radiosite\/wp-json\/wp\/v2\/posts\/18726\/revisions"}],"predecessor-version":[{"id":18728,"href":"https:\/\/www.iceagetv.com\/radiosite\/wp-json\/wp\/v2\/posts\/18726\/revisions\/18728"}],"wp:featuredmedia":[{"embeddable":true,"href":"https:\/\/www.iceagetv.com\/radiosite\/wp-json\/wp\/v2\/media\/18727"}],"wp:attachment":[{"href":"https:\/\/www.iceagetv.com\/radiosite\/wp-json\/wp\/v2\/media?parent=18726"}],"wp:term":[{"taxonomy":"category","embeddable":true,"href":"https:\/\/www.iceagetv.com\/radiosite\/wp-json\/wp\/v2\/categories?post=18726"},{"taxonomy":"post_tag","embeddable":true,"href":"https:\/\/www.iceagetv.com\/radiosite\/wp-json\/wp\/v2\/tags?post=18726"}],"curies":[{"name":"wp","href":"https:\/\/api.w.org\/{rel}","templated":true}]}}