{"id":18739,"date":"2021-06-24T18:26:34","date_gmt":"2021-06-24T18:26:34","guid":{"rendered":"http:\/\/www.iceagetv.com\/radiosite\/?p=18739"},"modified":"2021-06-24T18:26:34","modified_gmt":"2021-06-24T18:26:34","slug":"disparition-de-lucas-tronche-dans-le-gard-des-ossements-et-des-debris-de-vetements-retrouves-a-1km-du-lieu-de-sa-disparition-le-sac-a-dos-retrouve-est-identique-a-celui-quil-portait","status":"publish","type":"post","link":"https:\/\/www.iceagetv.com\/radiosite\/disparition-de-lucas-tronche-dans-le-gard-des-ossements-et-des-debris-de-vetements-retrouves-a-1km-du-lieu-de-sa-disparition-le-sac-a-dos-retrouve-est-identique-a-celui-quil-portait\/","title":{"rendered":"Disparition de Lucas Tronche dans le Gard : Des ossements et des d\u00e9bris de v\u00eatements retrouv\u00e9s \u00e0 1km du lieu de sa disparition : \u00ab\u00a0Le sac \u00e0 dos retrouv\u00e9 est identique \u00e0 celui qu\u2019il portait\u00a0\u00bb"},"content":{"rendered":"\n<p>Selon La Provence, le procureur de la R\u00e9publique de N\u00eemes, \u00c9ric Maurel, vient de s\u2019exprimer \u00e0 proximit\u00e9 des lieux o\u00f9 des ossements ont \u00e9t\u00e9 mis au jour cet apr\u00e8s-midi, chemin du mas jaune :\u00a0\u00bbNous sommes dans une vraisemblance, pas dans une certitude. C\u2019est \u00ab\u00a0sur la verticalit\u00e9 de la falaise\u00a0\u00bb que ces ossements ont \u00e9t\u00e9 mis au jour. C\u2019est dans le cadre de recherches ordonn\u00e9es par la juge d\u2019instruction danse le cadre de la disparition de l\u2019adolescent que les pompiers ont d\u00e9couvert ces restes humains et ces v\u00eatements.<\/p>\n\n\n\n<p>Quinze jours apr\u00e8s l\u2019\u00e9mission Appel \u00e0 t\u00e9moins sur M6, cette d\u00e9couverte ne serait pas \u00e0 mettre en lien avec d\u2019\u00e9ventuels \u00e9l\u00e9ments recueillis lors de sa diffusion, a confirm\u00e9 le procureur. Des analyses g\u00e9n\u00e9tiques vont \u00eatre ordonn\u00e9es afin de d\u00e9terminer si les ossements sont bien ceux de Lucas Tronche <strong>Apr\u00e8s l&rsquo;annonce par le procureur de N\u00eemes de la d\u00e9couverte d&rsquo;ossements et de d\u00e9bris de v\u00eatements et d&rsquo;un sac ce matin, une source proche de l&rsquo;enqu\u00eate affirme \u00e0 franceinfo que \u00ab\u00a0tout semble correspondre\u00a0\u00bb. Le sac \u00e0 dos retrouv\u00e9 est \u00ab\u00a0identique \u00e0 celui qu\u2019il portait au moment de sa disparition\u00a0\u00bb, ainsi que des \u00ab\u00a0bouts de tissus de doudoune\u00a0\u00bb similaires<\/strong>, ajoute cette source proche de l\u2019enqu\u00eate \u00e0 franceinfo. <\/p>\n\n\n\n<p><strong>Des ossements, des d\u00e9bris de v\u00eatements et un sac ont \u00e9t\u00e9 d\u00e9couverts jeudi \u00e0 Bagnols-sur-C\u00e8ze (Gard), \u00e0 proximit\u00e9 du domicile de Lucas Tronche, un adolescent port\u00e9 disparu depuis 2015<\/strong>, a annonc\u00e9 ce jeudi le procureur de N\u00eemes. \u00ab\u00a0Des examens m\u00e9dico-l\u00e9gaux et si possible g\u00e9n\u00e9tiques des ossements seront r\u00e9alis\u00e9s\u00a0\u00bb, a indiqu\u00e9 \u00e0 la presse le procureur Eric Maurel. Le sac retrouv\u00e9 est \u00ab\u00a0similaire \u00e0 celui de Lucas Tronche\u00a0\u00bb, a-t-il ajout\u00e9.<\/p>\n\n\n\n<p>Ces d\u00e9couvertes ont \u00e9t\u00e9 faites par des pompiers qui intervenaient jeudi dans le cadre d&rsquo;op\u00e9rations ordonn\u00e9es par la juge d&rsquo;instruction.<\/p>\n\n\n\n<p>Les indices retrouv\u00e9s jeudi sont situ\u00e9s \u00e0 moins d&rsquo;un kilom\u00e8tre du domicile des parents de l&rsquo;adolescent, a constat\u00e9 un correspondant de l&rsquo;AFP, en pleine campagne, entre un mas et une paroi rocheuse.<\/p>\n\n\n\n<p>D&rsquo;apr\u00e8s le procureur, les parois rocheuses \u00ab\u00a0n&rsquo;ont pu \u00eatre fouill\u00e9es que par les pompiers en pendulaire\u00a0\u00bb. Lucas Tronche, 15 ans, avait disparu le 18 mars 2015 apr\u00e8s avoir quitt\u00e9 son domicile pour se rendre \u00e0 un cours de natation dans une commune voisine. Le parquet indique \u00e9galement que des examen m\u00e9dico-l\u00e9gal et si possible g\u00e9n\u00e9tique des ossements vont \u00eatre r\u00e9alis\u00e9s <\/p>\n\n\n\n<p><\/p>\n","protected":false},"excerpt":{"rendered":"<p>Selon La Provence, le procureur de la R\u00e9publique de N\u00eemes, \u00c9ric Maurel, vient de s\u2019exprimer \u00e0 proximit\u00e9 des lieux o\u00f9 des ossements ont \u00e9t\u00e9 mis au jour cet apr\u00e8s-midi, chemin du mas jaune :\u00a0\u00bbNous sommes dans une vraisemblance, pas dans une certitude. C\u2019est \u00ab\u00a0sur la verticalit\u00e9 de la falaise\u00a0\u00bb que ces ossements ont \u00e9t\u00e9 mis [&hellip;]<\/p>\n","protected":false},"author":2,"featured_media":18740,"comment_status":"open","ping_status":"open","sticky":false,"template":"","format":"standard","meta":{"_jetpack_memberships_contains_paid_content":false,"footnotes":"","jetpack_publicize_message":"","jetpack_publicize_feature_enabled":true,"jetpack_social_post_already_shared":true,"jetpack_social_options":{"image_generator_settings":{"template":"highway","default_image_id":0,"font":"","enabled":false},"version":2},"_wpas_customize_per_network":false},"categories":[405],"tags":[],"class_list":["post-18739","post","type-post","status-publish","format-standard","has-post-thumbnail","hentry","category-actu-france-monde"],"jetpack_publicize_connections":[],"jetpack_featured_media_url":"https:\/\/i0.wp.com\/www.iceagetv.com\/radiosite\/wp-content\/uploads\/2021\/06\/Disparition-de-Lucas-Tronche-dans-le-Gard.jpg?fit=679%2C293&ssl=1","jetpack_sharing_enabled":true,"_links":{"self":[{"href":"https:\/\/www.iceagetv.com\/radiosite\/wp-json\/wp\/v2\/posts\/18739","targetHints":{"allow":["GET"]}}],"collection":[{"href":"https:\/\/www.iceagetv.com\/radiosite\/wp-json\/wp\/v2\/posts"}],"about":[{"href":"https:\/\/www.iceagetv.com\/radiosite\/wp-json\/wp\/v2\/types\/post"}],"author":[{"embeddable":true,"href":"https:\/\/www.iceagetv.com\/radiosite\/wp-json\/wp\/v2\/users\/2"}],"replies":[{"embeddable":true,"href":"https:\/\/www.iceagetv.com\/radiosite\/wp-json\/wp\/v2\/comments?post=18739"}],"version-history":[{"count":1,"href":"https:\/\/www.iceagetv.com\/radiosite\/wp-json\/wp\/v2\/posts\/18739\/revisions"}],"predecessor-version":[{"id":18741,"href":"https:\/\/www.iceagetv.com\/radiosite\/wp-json\/wp\/v2\/posts\/18739\/revisions\/18741"}],"wp:featuredmedia":[{"embeddable":true,"href":"https:\/\/www.iceagetv.com\/radiosite\/wp-json\/wp\/v2\/media\/18740"}],"wp:attachment":[{"href":"https:\/\/www.iceagetv.com\/radiosite\/wp-json\/wp\/v2\/media?parent=18739"}],"wp:term":[{"taxonomy":"category","embeddable":true,"href":"https:\/\/www.iceagetv.com\/radiosite\/wp-json\/wp\/v2\/categories?post=18739"},{"taxonomy":"post_tag","embeddable":true,"href":"https:\/\/www.iceagetv.com\/radiosite\/wp-json\/wp\/v2\/tags?post=18739"}],"curies":[{"name":"wp","href":"https:\/\/api.w.org\/{rel}","templated":true}]}}