{"id":18760,"date":"2021-06-26T14:58:12","date_gmt":"2021-06-26T14:58:12","guid":{"rendered":"http:\/\/www.iceagetv.com\/radiosite\/?p=18760"},"modified":"2021-06-26T14:58:12","modified_gmt":"2021-06-26T14:58:12","slug":"coronavirus-dans-le-gers-deux-premiers-cas-de-variant-delta-les-patients-decedes","status":"publish","type":"post","link":"https:\/\/www.iceagetv.com\/radiosite\/coronavirus-dans-le-gers-deux-premiers-cas-de-variant-delta-les-patients-decedes\/","title":{"rendered":"Coronavirus dans le Gers : Deux premiers cas de variant Delta, les patients d\u00e9c\u00e9d\u00e9s"},"content":{"rendered":"\n<p>Deux patients sont morts apr\u00e8s avoir \u00e9t\u00e9 contamin\u00e9s par&nbsp;<a href=\"https:\/\/www.20minutes.fr\/sante\/3052551-20210602-coronavirus-sait-variant-delta-dont-mutation-inquiete-oms\">le variant Delta<\/a>&nbsp;du&nbsp;<a href=\"https:\/\/www.20minutes.fr\/dossier\/coronavirus\">coronavirus<\/a>&nbsp;dans&nbsp;<a href=\"https:\/\/www.20minutes.fr\/dossier\/gers\">le Gers<\/a>, a annonc\u00e9&nbsp;l\u2019Agence r\u00e9gionale de sant\u00e9 (ARS), ce samedi, annon\u00e7ant \u00ab&nbsp;un plan d\u2019action imm\u00e9diat&nbsp;\u00bb pour \u00ab&nbsp;\u00e9viter une reprise \u00e9pid\u00e9mique&nbsp;\u00bb dans ce d\u00e9partement.<\/p>\n\n\n\n<p>\u00ab&nbsp;Le virus ne s\u2019arr\u00eate pas aux fronti\u00e8res d\u00e9partementales&nbsp;\u00bb, a indiqu\u00e9 l\u2019ARS d\u2019Occitanie, rappelant que&nbsp;<a href=\"https:\/\/www.20minutes.fr\/sante\/3063115-20210616-coronavirus-landes-variant-delta-bien-installe-indicateurs-sanitaires-ameliorent\">le d\u00e9partement des Landes, voisin du Gers, \u00ab&nbsp;conna\u00eet une progression importante<\/a>&nbsp;du nombre de personnes contamin\u00e9es par ce variant&nbsp;\u00bb.<\/p>\n\n\n\n<h2 class=\"wp-block-heading\">Des facteurs de risques<\/h2>\n\n\n\n<p>Parmi les neuf premiers cas possibles de variant Delta dans le Gers, deux ont \u00e9t\u00e9 confirm\u00e9s vendredi. Ces deux personnes \u00e2g\u00e9es de 42 et 60 ans, qui n\u2019\u00e9taient pas vaccin\u00e9es et dont l\u2019\u00e9tat de sant\u00e9 \u00ab\u00a0\u00e9tait marqu\u00e9 par des facteurs de risque\u00a0\u00bb, sont d\u00e9c\u00e9d\u00e9es au Centre hospitalier d\u2019Auch, pr\u00e9cise l\u2019ARS.<\/p>\n\n\n\n<p>Plusieurs autres suspicions de cas sont actuellement en cours d\u2019investigation m\u00e9dicale et de contact-tracing&nbsp;\u00bb, ajoute-t-elle. Dans ce contexte, \u00ab&nbsp;toutes les ressources sont mobilis\u00e9es afin de renforcer les moyens d\u2019action et d\u2019\u00e9viter une reprise \u00e9pid\u00e9mique&nbsp;\u00bb, poursuit l\u2019ARS, qui appelle la population \u00e0 participer \u00ab&nbsp;massivement aux op\u00e9rations de d\u00e9pistage et de vaccination&nbsp;\u00bb.<\/p>\n\n\n\n<h2 class=\"wp-block-heading\">Un variant plus contagieux<\/h2>\n\n\n\n<p>Le variant Delta du coronavirus, plus contagieux, repr\u00e9sente d\u00e9sormais \u00ab&nbsp;entre 9 et 10&nbsp;%&nbsp;\u00bb des nouveaux cas positifs en France, en forte progression par rapport \u00e0 la semaine derni\u00e8re, avait indiqu\u00e9 mercredi le porte-parole du gouvernement Gabriel Attal.<\/p>\n\n\n\n<p>D\u00e9j\u00e0 responsable d\u2019une reprise \u00e9pid\u00e9mique au Royaume-Uni depuis quelques semaines, ce variant, plus contagieux, pourrait provoquer un rebond \u00e0 large \u00e9chelle d\u00e8s cet \u00e9t\u00e9 si rien n\u2019est fait pour le contrer pr\u00e9cocement, avertissent sp\u00e9cialistes et autorit\u00e9s sanitaires.<\/p>\n\n\n\n<p><br><\/p>\n","protected":false},"excerpt":{"rendered":"<p>Deux patients sont morts apr\u00e8s avoir \u00e9t\u00e9 contamin\u00e9s par&nbsp;le variant Delta&nbsp;du&nbsp;coronavirus&nbsp;dans&nbsp;le Gers, a annonc\u00e9&nbsp;l\u2019Agence r\u00e9gionale de sant\u00e9 (ARS), ce samedi, annon\u00e7ant \u00ab&nbsp;un plan d\u2019action imm\u00e9diat&nbsp;\u00bb pour \u00ab&nbsp;\u00e9viter une reprise \u00e9pid\u00e9mique&nbsp;\u00bb dans ce d\u00e9partement. \u00ab&nbsp;Le virus ne s\u2019arr\u00eate pas aux fronti\u00e8res d\u00e9partementales&nbsp;\u00bb, a indiqu\u00e9 l\u2019ARS d\u2019Occitanie, rappelant que&nbsp;le d\u00e9partement des Landes, voisin du Gers, \u00ab&nbsp;conna\u00eet une [&hellip;]<\/p>\n","protected":false},"author":2,"featured_media":18761,"comment_status":"open","ping_status":"open","sticky":false,"template":"","format":"standard","meta":{"_jetpack_memberships_contains_paid_content":false,"footnotes":"","jetpack_publicize_message":"","jetpack_publicize_feature_enabled":true,"jetpack_social_post_already_shared":true,"jetpack_social_options":{"image_generator_settings":{"template":"highway","default_image_id":0,"font":"","enabled":false},"version":2},"_wpas_customize_per_network":false},"categories":[405],"tags":[],"class_list":["post-18760","post","type-post","status-publish","format-standard","has-post-thumbnail","hentry","category-actu-france-monde"],"jetpack_publicize_connections":[],"jetpack_featured_media_url":"https:\/\/i0.wp.com\/www.iceagetv.com\/radiosite\/wp-content\/uploads\/2021\/06\/Coronavirus-dans-le-Gers.jpg?fit=640%2C410&ssl=1","jetpack_sharing_enabled":true,"_links":{"self":[{"href":"https:\/\/www.iceagetv.com\/radiosite\/wp-json\/wp\/v2\/posts\/18760","targetHints":{"allow":["GET"]}}],"collection":[{"href":"https:\/\/www.iceagetv.com\/radiosite\/wp-json\/wp\/v2\/posts"}],"about":[{"href":"https:\/\/www.iceagetv.com\/radiosite\/wp-json\/wp\/v2\/types\/post"}],"author":[{"embeddable":true,"href":"https:\/\/www.iceagetv.com\/radiosite\/wp-json\/wp\/v2\/users\/2"}],"replies":[{"embeddable":true,"href":"https:\/\/www.iceagetv.com\/radiosite\/wp-json\/wp\/v2\/comments?post=18760"}],"version-history":[{"count":1,"href":"https:\/\/www.iceagetv.com\/radiosite\/wp-json\/wp\/v2\/posts\/18760\/revisions"}],"predecessor-version":[{"id":18762,"href":"https:\/\/www.iceagetv.com\/radiosite\/wp-json\/wp\/v2\/posts\/18760\/revisions\/18762"}],"wp:featuredmedia":[{"embeddable":true,"href":"https:\/\/www.iceagetv.com\/radiosite\/wp-json\/wp\/v2\/media\/18761"}],"wp:attachment":[{"href":"https:\/\/www.iceagetv.com\/radiosite\/wp-json\/wp\/v2\/media?parent=18760"}],"wp:term":[{"taxonomy":"category","embeddable":true,"href":"https:\/\/www.iceagetv.com\/radiosite\/wp-json\/wp\/v2\/categories?post=18760"},{"taxonomy":"post_tag","embeddable":true,"href":"https:\/\/www.iceagetv.com\/radiosite\/wp-json\/wp\/v2\/tags?post=18760"}],"curies":[{"name":"wp","href":"https:\/\/api.w.org\/{rel}","templated":true}]}}