{"id":18774,"date":"2021-07-01T09:57:59","date_gmt":"2021-07-01T09:57:59","guid":{"rendered":"http:\/\/www.iceagetv.com\/radiosite\/?p=18774"},"modified":"2021-07-01T09:57:59","modified_gmt":"2021-07-01T09:57:59","slug":"coronavirus-les-cas-ont-recommence-a-augmenter-en-europe-apres-dix-semaines-de-recul","status":"publish","type":"post","link":"https:\/\/www.iceagetv.com\/radiosite\/coronavirus-les-cas-ont-recommence-a-augmenter-en-europe-apres-dix-semaines-de-recul\/","title":{"rendered":"Coronavirus : Les cas ont recommenc\u00e9 \u00e0 augmenter en Europe apr\u00e8s dix semaines de recul"},"content":{"rendered":"\n<p>Les cas de&nbsp;<a href=\"https:\/\/www.20minutes.fr\/dossier\/coronavirus\">Covid-19<\/a>&nbsp;ont recommenc\u00e9 \u00e0 augmenter la semaine derni\u00e8re en Europe apr\u00e8s dix semaines cons\u00e9cutives de recul, a annonc\u00e9 jeudi la branche europ\u00e9enne de l\u2019&nbsp;<a href=\"https:\/\/www.20minutes.fr\/dossier\/oms\">Organisation mondiale de la sant\u00e9<\/a>&nbsp;(OMS), mettant en garde contre un risque de nouvelle vague.<\/p>\n\n\n\n<p>\u00ab&nbsp;Il y aura une nouvelle vague dans la r\u00e9gion europ\u00e9enne, sauf si nous restons disciplin\u00e9s&nbsp;\u00bb, a affirm\u00e9 le directeur de l\u2019OMS Europe Hans Kluge lors d\u2019un point presse en ligne.<\/p>\n","protected":false},"excerpt":{"rendered":"<p>Les cas de&nbsp;Covid-19&nbsp;ont recommenc\u00e9 \u00e0 augmenter la semaine derni\u00e8re en Europe apr\u00e8s dix semaines cons\u00e9cutives de recul, a annonc\u00e9 jeudi la branche europ\u00e9enne de l\u2019&nbsp;Organisation mondiale de la sant\u00e9&nbsp;(OMS), mettant en garde contre un risque de nouvelle vague. \u00ab&nbsp;Il y aura une nouvelle vague dans la r\u00e9gion europ\u00e9enne, sauf si nous restons disciplin\u00e9s&nbsp;\u00bb, a affirm\u00e9 [&hellip;]<\/p>\n","protected":false},"author":2,"featured_media":18775,"comment_status":"open","ping_status":"open","sticky":false,"template":"","format":"standard","meta":{"_jetpack_memberships_contains_paid_content":false,"footnotes":"","jetpack_publicize_message":"","jetpack_publicize_feature_enabled":true,"jetpack_social_post_already_shared":true,"jetpack_social_options":{"image_generator_settings":{"template":"highway","default_image_id":0,"font":"","enabled":false},"version":2},"_wpas_customize_per_network":false},"categories":[405],"tags":[],"class_list":["post-18774","post","type-post","status-publish","format-standard","has-post-thumbnail","hentry","category-actu-france-monde"],"jetpack_publicize_connections":[],"jetpack_featured_media_url":"https:\/\/i0.wp.com\/www.iceagetv.com\/radiosite\/wp-content\/uploads\/2021\/07\/Les-cas-ont-recommenc%C3%A9-%C3%A0-augmenter-en-Europe-apr%C3%A8s-dix-semaines-de-recul.png?fit=551%2C402&ssl=1","jetpack_sharing_enabled":true,"_links":{"self":[{"href":"https:\/\/www.iceagetv.com\/radiosite\/wp-json\/wp\/v2\/posts\/18774","targetHints":{"allow":["GET"]}}],"collection":[{"href":"https:\/\/www.iceagetv.com\/radiosite\/wp-json\/wp\/v2\/posts"}],"about":[{"href":"https:\/\/www.iceagetv.com\/radiosite\/wp-json\/wp\/v2\/types\/post"}],"author":[{"embeddable":true,"href":"https:\/\/www.iceagetv.com\/radiosite\/wp-json\/wp\/v2\/users\/2"}],"replies":[{"embeddable":true,"href":"https:\/\/www.iceagetv.com\/radiosite\/wp-json\/wp\/v2\/comments?post=18774"}],"version-history":[{"count":1,"href":"https:\/\/www.iceagetv.com\/radiosite\/wp-json\/wp\/v2\/posts\/18774\/revisions"}],"predecessor-version":[{"id":18776,"href":"https:\/\/www.iceagetv.com\/radiosite\/wp-json\/wp\/v2\/posts\/18774\/revisions\/18776"}],"wp:featuredmedia":[{"embeddable":true,"href":"https:\/\/www.iceagetv.com\/radiosite\/wp-json\/wp\/v2\/media\/18775"}],"wp:attachment":[{"href":"https:\/\/www.iceagetv.com\/radiosite\/wp-json\/wp\/v2\/media?parent=18774"}],"wp:term":[{"taxonomy":"category","embeddable":true,"href":"https:\/\/www.iceagetv.com\/radiosite\/wp-json\/wp\/v2\/categories?post=18774"},{"taxonomy":"post_tag","embeddable":true,"href":"https:\/\/www.iceagetv.com\/radiosite\/wp-json\/wp\/v2\/tags?post=18774"}],"curies":[{"name":"wp","href":"https:\/\/api.w.org\/{rel}","templated":true}]}}