{"id":18777,"date":"2021-07-01T09:59:48","date_gmt":"2021-07-01T09:59:48","guid":{"rendered":"http:\/\/www.iceagetv.com\/radiosite\/?p=18777"},"modified":"2021-07-01T09:59:48","modified_gmt":"2021-07-01T09:59:48","slug":"soupcons-de-prise-illegale-dinterets-une-perquisition-en-cours-au-ministere-de-la-justice","status":"publish","type":"post","link":"https:\/\/www.iceagetv.com\/radiosite\/soupcons-de-prise-illegale-dinterets-une-perquisition-en-cours-au-ministere-de-la-justice\/","title":{"rendered":"Soup\u00e7ons de prise ill\u00e9gale d\u2019int\u00e9r\u00eats : Une perquisition en cours au minist\u00e8re de la Justice"},"content":{"rendered":"\n<p>Des juges chez le ministre. Une perquisition est en cours depuis 9h, ce jeudi matin, place Vend\u00f4me dans les bureaux du minist\u00e8re de la Justice, a appris&nbsp;<em>20 Minutes<\/em>&nbsp;de source judiciaire, confirmant&nbsp;<a href=\"https:\/\/www.leparisien.fr\/faits-divers\/soupcons-de-conflits-dinteret-perquisition-place-vendome-01-07-2021-XQZLLL4A7JBZDNZNRUQQSBUBPY.php\" target=\"_blank\" rel=\"noreferrer noopener\">une information du&nbsp;<em>Parisien<\/em>.<\/a>&nbsp;Accompagn\u00e9s des gendarmes de la section de recherches de Paris, trois magistrats de&nbsp;<a href=\"https:\/\/www.20minutes.fr\/justice\/2268323-20180509-quoi-cour-justice-republique-emmanuel-macron-veut-supprimer\">la Cour de justice de la R\u00e9publique<\/a>&nbsp;sont donc entr\u00e9s au minist\u00e8re. Ils enqu\u00eatent sur&nbsp;<a href=\"https:\/\/www.20minutes.fr\/justice\/2880603-20201008-enquete-visant-pnf-anticor-porte-plainte-contre-eric-dupond-moretti-prise-illegale-interets\">des soup\u00e7ons de prise ill\u00e9gale d\u2019int\u00e9r\u00eats<\/a>&nbsp;visant&nbsp;<a href=\"https:\/\/www.20minutes.fr\/justice\/2880603-20201008-enquete-visant-pnf-anticor-porte-plainte-contre-eric-dupond-moretti-prise-illegale-interets\">Eric Dupond-Moretti.<\/a><\/p>\n\n\n\n<p>En janvier, la Cour de justice de la R\u00e9publique avait indiqu\u00e9 avoir ouvert cette enqu\u00eate li\u00e9e \u00e0 ces anciennes fonctions d\u2019avocat. Cela faisait suite \u00e0 plusieurs plaintes d\u00e9pos\u00e9es non seulement par des syndicats de magistrats mais aussi par l\u2019association Anticor,&nbsp;<a href=\"https:\/\/www.20minutes.fr\/justice\/2880603-20201008-enquete-visant-pnf-anticor-porte-plainte-contre-eric-dupond-moretti-prise-illegale-interets\">comme&nbsp;<em>20 Minutes<\/em>&nbsp;l&rsquo;avait r\u00e9v\u00e9l\u00e9 \u00e0 l&rsquo;\u00e9poque.<\/a><\/p>\n\n\n\n<h2 class=\"wp-block-heading\">L\u2019affaire \u00ab&nbsp;des \u00e9coutes de Paul Bismuth&nbsp;\u00bb en toile de fond<\/h2>\n\n\n\n<p>Au c\u0153ur des accusations figure l\u2019enqu\u00eate administrative ordonn\u00e9e par le ministre en septembre sur trois magistrats du parquet national financier (PNF) qui avaient particip\u00e9 \u00e0 une enqu\u00eate pr\u00e9liminaire visant \u00e0 identifier la taupe qui aurait inform\u00e9 Nicolas Sarkozy et son avocat Thierry Herzog qu\u2019ils \u00e9taient sur \u00e9coute dans\u00a0<a href=\"https:\/\/www.20minutes.fr\/justice\/2987759-20210301-affaire-ecoutes-nicolas-sarkozy-condamne-trois-ans-prison-dont-deux-sursis-corruption-trafic-influence\">l\u2019affaire dite \u00ab des \u00e9coutes de Bismuth\u00a0\u00bb.<\/a><\/p>\n\n\n\n<p><a href=\"https:\/\/www.20minutes.fr\/justice\/2875015-20201001-enquete-visant-pnf-syndicats-magistrats-accusent-eric-dupond-moretti-conflit-interets\">Les syndicats de magistrats et l\u2019association anticorruption reprochent \u00e0 Eric Dupond-Moretti de se servir de ses fonctions de ministre<\/a>&nbsp;pour r\u00e9gler ses vieux comptes, du temps o\u00f9 il \u00e9tait avocat. Malgr\u00e9 une premi\u00e8re enqu\u00eate estimant que le travail des magistrats du parquet national financier n&rsquo;avait rien comport\u00e9 d&rsquo;ill\u00e9gal, le ministre avait, le 15 septembre 2020, saisi une seconde fois l&rsquo;Inspection g\u00e9n\u00e9rale de la justice pour de plus amples v\u00e9rifications.&nbsp;<\/p>\n\n\n\n<p>Depuis, il s&rsquo;est d\u00e9port\u00e9 de ce dossier, laissant le soin \u00e0 Jean Castex, son Premier ministre, de suivre l&rsquo;affaire qui fait toujours l&rsquo;objet d&rsquo;investigations au Conseil sup\u00e9rieur de la magistrature.<\/p>\n\n\n\n<h2 class=\"wp-block-heading\">Jean Castex a \u00e9t\u00e9 entendu d\u00e9but juin dans ce dossier<\/h2>\n\n\n\n<p>Six mois apr\u00e8s son ouverture, l&rsquo;enqu\u00eate de la Cour de justice de la R\u00e9publique semble donc s&rsquo;acc\u00e9l\u00e9rer.&nbsp;<a href=\"https:\/\/www.20minutes.fr\/politique\/3073803-20210630-jean-castex-entendu-cjr-enquete-visant-dupond-moretti\">Selon nos informations, Jean Castex a d&rsquo;ailleurs \u00e9t\u00e9 entendu en qualit\u00e9 de t\u00e9moin,<\/a>&nbsp;d\u00e9but juin, par les magistrats de la Cour de justice de la R\u00e9publique. Eric Dupond-Moretti, lui, n&rsquo;a pas encore \u00e9t\u00e9 convoqu\u00e9 pour r\u00e9pondre aux questions des magistrats. Selon le Canard encha\u00een\u00e9, il devrait l&rsquo;\u00eatre prochainement. Avec un r\u00e9el risque de mise en examen.<\/p>\n\n\n\n<p><\/p>\n","protected":false},"excerpt":{"rendered":"<p>Des juges chez le ministre. Une perquisition est en cours depuis 9h, ce jeudi matin, place Vend\u00f4me dans les bureaux du minist\u00e8re de la Justice, a appris&nbsp;20 Minutes&nbsp;de source judiciaire, confirmant&nbsp;une information du&nbsp;Parisien.&nbsp;Accompagn\u00e9s des gendarmes de la section de recherches de Paris, trois magistrats de&nbsp;la Cour de justice de la R\u00e9publique&nbsp;sont donc entr\u00e9s au minist\u00e8re. [&hellip;]<\/p>\n","protected":false},"author":2,"featured_media":18778,"comment_status":"open","ping_status":"open","sticky":false,"template":"","format":"standard","meta":{"_jetpack_memberships_contains_paid_content":false,"footnotes":"","jetpack_publicize_message":"","jetpack_publicize_feature_enabled":true,"jetpack_social_post_already_shared":true,"jetpack_social_options":{"image_generator_settings":{"template":"highway","default_image_id":0,"font":"","enabled":false},"version":2},"_wpas_customize_per_network":false},"categories":[405],"tags":[],"class_list":["post-18777","post","type-post","status-publish","format-standard","has-post-thumbnail","hentry","category-actu-france-monde"],"jetpack_publicize_connections":[],"jetpack_featured_media_url":"https:\/\/i0.wp.com\/www.iceagetv.com\/radiosite\/wp-content\/uploads\/2021\/07\/Soup%C3%A7ons-de-prise-ill%C3%A9gale-d%E2%80%99int%C3%A9r%C3%AAts.png?fit=638%2C391&ssl=1","jetpack_sharing_enabled":true,"_links":{"self":[{"href":"https:\/\/www.iceagetv.com\/radiosite\/wp-json\/wp\/v2\/posts\/18777","targetHints":{"allow":["GET"]}}],"collection":[{"href":"https:\/\/www.iceagetv.com\/radiosite\/wp-json\/wp\/v2\/posts"}],"about":[{"href":"https:\/\/www.iceagetv.com\/radiosite\/wp-json\/wp\/v2\/types\/post"}],"author":[{"embeddable":true,"href":"https:\/\/www.iceagetv.com\/radiosite\/wp-json\/wp\/v2\/users\/2"}],"replies":[{"embeddable":true,"href":"https:\/\/www.iceagetv.com\/radiosite\/wp-json\/wp\/v2\/comments?post=18777"}],"version-history":[{"count":1,"href":"https:\/\/www.iceagetv.com\/radiosite\/wp-json\/wp\/v2\/posts\/18777\/revisions"}],"predecessor-version":[{"id":18779,"href":"https:\/\/www.iceagetv.com\/radiosite\/wp-json\/wp\/v2\/posts\/18777\/revisions\/18779"}],"wp:featuredmedia":[{"embeddable":true,"href":"https:\/\/www.iceagetv.com\/radiosite\/wp-json\/wp\/v2\/media\/18778"}],"wp:attachment":[{"href":"https:\/\/www.iceagetv.com\/radiosite\/wp-json\/wp\/v2\/media?parent=18777"}],"wp:term":[{"taxonomy":"category","embeddable":true,"href":"https:\/\/www.iceagetv.com\/radiosite\/wp-json\/wp\/v2\/categories?post=18777"},{"taxonomy":"post_tag","embeddable":true,"href":"https:\/\/www.iceagetv.com\/radiosite\/wp-json\/wp\/v2\/tags?post=18777"}],"curies":[{"name":"wp","href":"https:\/\/api.w.org\/{rel}","templated":true}]}}