{"id":18781,"date":"2021-07-07T08:08:39","date_gmt":"2021-07-07T08:08:39","guid":{"rendered":"http:\/\/www.iceagetv.com\/radiosite\/?p=18781"},"modified":"2021-07-07T08:08:39","modified_gmt":"2021-07-07T08:08:39","slug":"verdict-dans-le-proces-des-harceleurs-de-mila-les-peines-vont-de-4-a-6-mois-de-prison-avec-sursis-on-a-gagne-et-on-gagnera-encore-je-veux-plus-jamais-quon-fasse-culpabiliser-les-victimes","status":"publish","type":"post","link":"https:\/\/www.iceagetv.com\/radiosite\/verdict-dans-le-proces-des-harceleurs-de-mila-les-peines-vont-de-4-a-6-mois-de-prison-avec-sursis-on-a-gagne-et-on-gagnera-encore-je-veux-plus-jamais-quon-fasse-culpabiliser-les-victimes\/","title":{"rendered":"Verdict dans le proc\u00e8s des harceleurs de Mila : Les peines vont de 4 \u00e0 6 mois de prison avec sursis : \u00ab\u00a0On a gagn\u00e9 et on gagnera encore. Je veux plus jamais qu&rsquo;on fasse culpabiliser les victimes\u00a0\u00bb"},"content":{"rendered":"\n<p>Auteure d&rsquo;une vid\u00e9o pol\u00e9mique sur l&rsquo;islam, puis d&rsquo;une seconde, toujours en 2020, dans laquelle elle r\u00e9pondait \u00e0 ses harceleurs, Mila vit depuis janvier 2020 sous protection polici\u00e8re, face aux menaces de mort et de viol dont elle est la cible.<\/p>\n\n\n\n<p><strong>Les peines vont de 4 \u00e0 6 mois de prison avec sursis et une relaxe au b\u00e9n\u00e9fice du doute. Chacun des condamn\u00e9s devra \u00e9galement verser 1.500 euros de dommages et int\u00e9r\u00eats et 1.000 euros pour les frais de justice soit un total de 2.5000 euros.<\/strong><\/p>\n\n\n\n<p><strong>Mila d\u00e9clare \u00e0 la sortie de la salle d&rsquo;audience : \u00ab\u00a0Je remercie la police, mes avocats et tous ceux qui m&rsquo;ont soutenus. Honn\u00eatement on a gagn\u00e9 et on gagnera encore. Je veux plus jamais qu&rsquo;on fasse culpabiliser les victimes\u00a0\u00bb.<\/strong><\/p>\n\n\n\n<p>Le procureur de la R\u00e9publique avait r\u00e9clam\u00e9 trois et six mois de prison contre 12 des 13 accus\u00e9s, int\u00e9gralement assortis d&rsquo;un sursis. Le 13e fait l&rsquo;objet d&rsquo;une demande de relaxe. Pour le magistrat, cette peine serait \u00ab\u00a0un avertissement\u00a0\u00bb adress\u00e9 \u00e0 des pr\u00e9venus au casier judiciaire jusque-l\u00e0 vierge, qui ont cru leurs actes sans cons\u00e9quence. \u00ab\u00a0Les d\u00e9clarer coupable, ce sera leur dire qu&rsquo;ils ont des citoyens responsables et non de grands enfants comme ils ont essay\u00e9 de se d\u00e9peindre, a justifi\u00e9 le procureur, rapporte LCI dans son livre consacr\u00e9 au proc\u00e8s. \u00c0 l\u2019\u00e9poque c&rsquo;\u00e9tait eux les majeurs, face \u00e0 une mineure.\u00a0\u00bb<\/p>\n\n\n\n<p>Alors \u00e2g\u00e9e de 16 ans, Mila avait publi\u00e9 d\u00e9but 2020 une vid\u00e9o sur l&rsquo;islam, critique, virulente, blasph\u00e9matoire, apr\u00e8s une premi\u00e8re s\u00e9rie d&rsquo;insultes d&rsquo;un homme \u00e0 l&rsquo;\u00e9vocation sur Instagram de son homosexualit\u00e9.<\/p>\n\n\n\n<p>Dans la courte vid\u00e9o, elle l\u00e2che : \u00ab\u00a0Votre religion, c&rsquo;est de la merde, votre Dieu, je lui mets un doigt dans le trou du cul, merci, au revoir.\u00a0\u00bb S&rsquo;en suivra un d\u00e9bat sur le droit au blasph\u00e8me, mais surtout un \u00ab\u00a0lynchage num\u00e9rique\u00a0\u00bb, pour son avocat, Richard Malka, passant par des menaces de mort, de viol, la diffusion massive de ses donn\u00e9es personnelles pirat\u00e9es.<\/p>\n\n\n\n<p><\/p>\n","protected":false},"excerpt":{"rendered":"<p>Auteure d&rsquo;une vid\u00e9o pol\u00e9mique sur l&rsquo;islam, puis d&rsquo;une seconde, toujours en 2020, dans laquelle elle r\u00e9pondait \u00e0 ses harceleurs, Mila vit depuis janvier 2020 sous protection polici\u00e8re, face aux menaces de mort et de viol dont elle est la cible. Les peines vont de 4 \u00e0 6 mois de prison avec sursis et une relaxe [&hellip;]<\/p>\n","protected":false},"author":2,"featured_media":18782,"comment_status":"open","ping_status":"open","sticky":false,"template":"","format":"standard","meta":{"_jetpack_memberships_contains_paid_content":false,"footnotes":"","jetpack_publicize_message":"","jetpack_publicize_feature_enabled":true,"jetpack_social_post_already_shared":true,"jetpack_social_options":{"image_generator_settings":{"template":"highway","default_image_id":0,"font":"","enabled":false},"version":2},"_wpas_customize_per_network":false},"categories":[405],"tags":[],"class_list":["post-18781","post","type-post","status-publish","format-standard","has-post-thumbnail","hentry","category-actu-france-monde"],"jetpack_publicize_connections":[],"jetpack_featured_media_url":"https:\/\/i0.wp.com\/www.iceagetv.com\/radiosite\/wp-content\/uploads\/2021\/07\/Verdict-dans-le-proc%C3%A8s-des-harceleurs-de-Mila.png?fit=584%2C265&ssl=1","jetpack_sharing_enabled":true,"_links":{"self":[{"href":"https:\/\/www.iceagetv.com\/radiosite\/wp-json\/wp\/v2\/posts\/18781","targetHints":{"allow":["GET"]}}],"collection":[{"href":"https:\/\/www.iceagetv.com\/radiosite\/wp-json\/wp\/v2\/posts"}],"about":[{"href":"https:\/\/www.iceagetv.com\/radiosite\/wp-json\/wp\/v2\/types\/post"}],"author":[{"embeddable":true,"href":"https:\/\/www.iceagetv.com\/radiosite\/wp-json\/wp\/v2\/users\/2"}],"replies":[{"embeddable":true,"href":"https:\/\/www.iceagetv.com\/radiosite\/wp-json\/wp\/v2\/comments?post=18781"}],"version-history":[{"count":1,"href":"https:\/\/www.iceagetv.com\/radiosite\/wp-json\/wp\/v2\/posts\/18781\/revisions"}],"predecessor-version":[{"id":18783,"href":"https:\/\/www.iceagetv.com\/radiosite\/wp-json\/wp\/v2\/posts\/18781\/revisions\/18783"}],"wp:featuredmedia":[{"embeddable":true,"href":"https:\/\/www.iceagetv.com\/radiosite\/wp-json\/wp\/v2\/media\/18782"}],"wp:attachment":[{"href":"https:\/\/www.iceagetv.com\/radiosite\/wp-json\/wp\/v2\/media?parent=18781"}],"wp:term":[{"taxonomy":"category","embeddable":true,"href":"https:\/\/www.iceagetv.com\/radiosite\/wp-json\/wp\/v2\/categories?post=18781"},{"taxonomy":"post_tag","embeddable":true,"href":"https:\/\/www.iceagetv.com\/radiosite\/wp-json\/wp\/v2\/tags?post=18781"}],"curies":[{"name":"wp","href":"https:\/\/api.w.org\/{rel}","templated":true}]}}