{"id":18784,"date":"2021-07-07T10:58:52","date_gmt":"2021-07-07T10:58:52","guid":{"rendered":"http:\/\/www.iceagetv.com\/radiosite\/?p=18784"},"modified":"2021-07-07T10:58:52","modified_gmt":"2021-07-07T10:58:52","slug":"haiti-le-president-jovenel-moise-assassine-par-un-commando","status":"publish","type":"post","link":"https:\/\/www.iceagetv.com\/radiosite\/haiti-le-president-jovenel-moise-assassine-par-un-commando\/","title":{"rendered":"Ha\u00efti : le pr\u00e9sident Jovenel Mo\u00efse assassin\u00e9 par un commando"},"content":{"rendered":"\n<p> Condamnant cet acte odieux, inhumain et barbare\u00a0\u00bb, le Premier ministre a appel\u00e9, dans un communiqu\u00e9, \u00ab\u00a0la population au calme\u00a0\u00bb et a assur\u00e9 que \u00ab\u00a0la situation s\u00e9curitaire du pays\u00a0\u00bb \u00e9tait \u00ab\u00a0sous contr\u00f4le\u00a0\u00bb. <\/p>\n\n\n\n<p>Stupeur en&nbsp;<a href=\"https:\/\/la1ere.francetvinfo.fr\/guadeloupe\/haiti-restrictions-vol-passagers-six-pays-dont-france-809190.html\" target=\"_blank\" rel=\"noreferrer noopener\">Ha\u00efti<\/a>. Le pr\u00e9sident&nbsp;Jovenel Mo\u00efse&nbsp;a \u00e9t\u00e9 assassin\u00e9 par un commando dans la nuit du mardi 6 au mercredi 7 juillet dans sa r\u00e9sidence priv\u00e9e.&nbsp;<em>\u00ab\u00a0Vers une heure du matin, un groupe d&rsquo;individus non identifi\u00e9s, dont certains parlaient en espagnol, ont attaqu\u00e9 la r\u00e9sidence priv\u00e9e du pr\u00e9sident de la R\u00e9publique et ainsi bless\u00e9 mortellement le chef de l&rsquo;Etat\u00a0\u00bb<\/em>, a annonc\u00e9 le Premier ministre, Ariel Henry, dans un communiqu\u00e9.<\/p>\n\n\n\n<p>Le chef du gouvernement ha\u00eftien a condamn\u00e9&nbsp;<em>\u00ab\u00a0cet acte odieux, inhumain et barbare\u00a0\u00bb&nbsp;<\/em>et appel\u00e9&nbsp;<em>\u00ab\u00a0la population au calme\u00a0\u00bb<\/em>. Ariel Henry a par ailleurs assur\u00e9 que<em>&nbsp;\u00ab\u00a0la situation s\u00e9curitaire du pays\u00a0\u00bb<\/em>&nbsp;\u00e9tait&nbsp;<em>\u00ab\u00a0sous contr\u00f4le\u00a0\u00bb.&nbsp;<\/em>L&rsquo;\u00e9pouse de Jovenel Mo\u00efse a \u00e9galement \u00e9t\u00e9 bless\u00e9e dans l&rsquo;attaque et hospitalis\u00e9e, a pr\u00e9cis\u00e9 le Premier ministre d&rsquo;Ha\u00efti.<\/p>\n\n\n\n<h2 class=\"wp-block-heading\">Un pays gangren\u00e9 par l&rsquo;ins\u00e9curit\u00e9&nbsp;<\/h2>\n\n\n\n<p>Venu du monde des affaires, Jovenel Mo\u00efse, 53 ans, avait \u00e9t\u00e9 \u00e9lu pr\u00e9sident en 2016 et avait pris ses fonctions le 7 f\u00e9vrier 2017. Ha\u00efti, pays des Cara\u00efbes et nation la plus pauvre du continent am\u00e9ricain, est gangren\u00e9 par l&rsquo;ins\u00e9curit\u00e9 et notamment les enl\u00e8vements contre ran\u00e7on men\u00e9s par des gangs jouissant d&rsquo;une quasi impunit\u00e9. Une situation qui valait \u00e0 Jovenel Mo\u00efse, accus\u00e9 d&rsquo;inaction face \u00e0 la crise, d&rsquo;\u00eatre confront\u00e9 \u00e0 une vive d\u00e9fiance d&rsquo;une bonne partie de la soci\u00e9t\u00e9 civile.<\/p>\n\n\n\n<p><\/p>\n","protected":false},"excerpt":{"rendered":"<p>Condamnant cet acte odieux, inhumain et barbare\u00a0\u00bb, le Premier ministre a appel\u00e9, dans un communiqu\u00e9, \u00ab\u00a0la population au calme\u00a0\u00bb et a assur\u00e9 que \u00ab\u00a0la situation s\u00e9curitaire du pays\u00a0\u00bb \u00e9tait \u00ab\u00a0sous contr\u00f4le\u00a0\u00bb. Stupeur en&nbsp;Ha\u00efti. Le pr\u00e9sident&nbsp;Jovenel Mo\u00efse&nbsp;a \u00e9t\u00e9 assassin\u00e9 par un commando dans la nuit du mardi 6 au mercredi 7 juillet dans sa r\u00e9sidence priv\u00e9e.&nbsp;\u00ab\u00a0Vers [&hellip;]<\/p>\n","protected":false},"author":2,"featured_media":18785,"comment_status":"open","ping_status":"open","sticky":false,"template":"","format":"standard","meta":{"_jetpack_memberships_contains_paid_content":false,"footnotes":"","jetpack_publicize_message":"","jetpack_publicize_feature_enabled":true,"jetpack_social_post_already_shared":true,"jetpack_social_options":{"image_generator_settings":{"template":"highway","default_image_id":0,"font":"","enabled":false},"version":2},"_wpas_customize_per_network":false},"categories":[405],"tags":[],"class_list":["post-18784","post","type-post","status-publish","format-standard","has-post-thumbnail","hentry","category-actu-france-monde"],"jetpack_publicize_connections":[],"jetpack_featured_media_url":"https:\/\/i0.wp.com\/www.iceagetv.com\/radiosite\/wp-content\/uploads\/2021\/07\/le-pr%C3%A9sident-Jovenel-Mo%C3%AFse-assassin%C3%A9-par-un-commando.png?fit=919%2C511&ssl=1","jetpack_sharing_enabled":true,"_links":{"self":[{"href":"https:\/\/www.iceagetv.com\/radiosite\/wp-json\/wp\/v2\/posts\/18784","targetHints":{"allow":["GET"]}}],"collection":[{"href":"https:\/\/www.iceagetv.com\/radiosite\/wp-json\/wp\/v2\/posts"}],"about":[{"href":"https:\/\/www.iceagetv.com\/radiosite\/wp-json\/wp\/v2\/types\/post"}],"author":[{"embeddable":true,"href":"https:\/\/www.iceagetv.com\/radiosite\/wp-json\/wp\/v2\/users\/2"}],"replies":[{"embeddable":true,"href":"https:\/\/www.iceagetv.com\/radiosite\/wp-json\/wp\/v2\/comments?post=18784"}],"version-history":[{"count":1,"href":"https:\/\/www.iceagetv.com\/radiosite\/wp-json\/wp\/v2\/posts\/18784\/revisions"}],"predecessor-version":[{"id":18786,"href":"https:\/\/www.iceagetv.com\/radiosite\/wp-json\/wp\/v2\/posts\/18784\/revisions\/18786"}],"wp:featuredmedia":[{"embeddable":true,"href":"https:\/\/www.iceagetv.com\/radiosite\/wp-json\/wp\/v2\/media\/18785"}],"wp:attachment":[{"href":"https:\/\/www.iceagetv.com\/radiosite\/wp-json\/wp\/v2\/media?parent=18784"}],"wp:term":[{"taxonomy":"category","embeddable":true,"href":"https:\/\/www.iceagetv.com\/radiosite\/wp-json\/wp\/v2\/categories?post=18784"},{"taxonomy":"post_tag","embeddable":true,"href":"https:\/\/www.iceagetv.com\/radiosite\/wp-json\/wp\/v2\/tags?post=18784"}],"curies":[{"name":"wp","href":"https:\/\/api.w.org\/{rel}","templated":true}]}}