{"id":18793,"date":"2021-08-09T16:14:13","date_gmt":"2021-08-09T16:14:13","guid":{"rendered":"http:\/\/www.iceagetv.com\/radiosite\/?p=18793"},"modified":"2021-08-09T16:14:13","modified_gmt":"2021-08-09T16:14:13","slug":"vendee-le-pere-olivier-maire-assassine-par-le-migrant-en-situation-illegale-qui-avait-deja-incendie-la-cathedrale-de-nantes-laisse-libre-sous-controle-judiciaire-il-etait-heberge-dans-cette-commu","status":"publish","type":"post","link":"https:\/\/www.iceagetv.com\/radiosite\/vendee-le-pere-olivier-maire-assassine-par-le-migrant-en-situation-illegale-qui-avait-deja-incendie-la-cathedrale-de-nantes-laisse-libre-sous-controle-judiciaire-il-etait-heberge-dans-cette-commu\/","title":{"rendered":"Vend\u00e9e &#8211; Le P\u00e8re Olivier Maire assassin\u00e9 par le migrant en situation ill\u00e9gale qui avait d\u00e9j\u00e0 incendi\u00e9 la cath\u00e9drale de Nantes &#8211; Laiss\u00e9 libre sous contr\u00f4le judiciaire, il \u00e9tait h\u00e9berg\u00e9 dans cette communaut\u00e9 religieuse"},"content":{"rendered":"\n<p><strong>Le point complet \u00e0 17h sur ce que l&rsquo;on sait de ce meurtre qui bouleverse la France &#8211;<\/strong>&nbsp;Un pr\u00eatre a \u00e9t\u00e9 tu\u00e9 lundi en Vend\u00e9e dans une communaut\u00e9 religieuse par un homme qui y \u00e9tait h\u00e9berg\u00e9, le pr\u00e9sum\u00e9 incendiaire de la cath\u00e9drale de Nantes en juillet 2020, qui s&rsquo;est lui-m\u00eame rendu ensuite \u00e0 la gendarmerie pour se d\u00e9noncer, a-t-on appris de sources polici\u00e8re et proches du dossier.<\/p>\n\n\n\n<p>Le drame a \u00e9t\u00e9 annonc\u00e9 par le ministre de l&rsquo;Int\u00e9rieur G\u00e9rald Darmanin sur Twitter, confirmant une information de Valeurs Actuelles. \u00ab\u00a0Tout mon soutien aux catholiques de notre pays apr\u00e8s le dramatique assassinat d&rsquo;un pr\u00eatre en Vend\u00e9e\u00a0\u00bb, a tweet\u00e9 le ministre, qui doit se rendre en fin d&rsquo;apr\u00e8s-midi sur place, \u00e0 Saint-Laurent-sur-S\u00e8vre, \u00e0 une quinzaine de kilom\u00e8tres au sud de Cholet et \u00e0 une dizaine de km du parc du Puy-du-Fou.<\/p>\n\n\n\n<p>Un homme s&rsquo;est pr\u00e9sent\u00e9 en milieu de matin\u00e9e \u00e0 la brigade de gendarmerie de Mortagne-sur-S\u00e8vre et a dit avoir tu\u00e9 un eccl\u00e9siastique\u00a0\u00bb, a pr\u00e9cis\u00e9 une source proche du dossier.<\/p>\n\n\n\n<p>Le corps de la victime a \u00e9t\u00e9 retrouv\u00e9 dans les parties communes de la communaut\u00e9 et le suspect a \u00e9t\u00e9 plac\u00e9 en garde \u00e0 vue, d&rsquo;apr\u00e8s la m\u00eame source, pr\u00e9cisant que la Brigade de recherches de La Roche-sur-Yon et la Section de recherches de Nantes \u00e9taient saisis de l&rsquo;enqu\u00eate. Selon les premiers \u00e9l\u00e9ments, la victime est d\u00e9c\u00e9d\u00e9e apr\u00e8s avoir re\u00e7u des coups, d&rsquo;apr\u00e8s une source polici\u00e8re, qui \u00e9carte a priori une attaque terroriste. L&rsquo;autopsie permettra de pr\u00e9ciser les causes de la mort.<\/p>\n\n\n\n<p>Le pr\u00eatre, \u00e2g\u00e9 de 60 ans, membre de la communaut\u00e9 religieuse des Montfortains \u00e0 Saint-Laurent-sur-S\u00e8vre, accueillait cet homme \u00ab\u00a0depuis plusieurs mois\u00a0\u00bb, a indiqu\u00e9 une source polici\u00e8re \u00e0 l&rsquo;AFP. Selon le dioc\u00e8se de Vend\u00e9e, le p\u00e8re tu\u00e9 s&rsquo;appelle Olivier Maire et \u00e9tait le sup\u00e9rieur provincial de cette communaut\u00e9, bien implant\u00e9e dans l&rsquo;Ouest.<\/p>\n\n\n\n<p>L&rsquo;\u00e9v\u00eaque de Lu\u00e7on, Mgr Fran\u00e7ois Jacolin, doit se rendre sur place et rencontrer le ministre de l&rsquo;Int\u00e9rieur. Vincent Neymon, secr\u00e9taire g\u00e9n\u00e9ral adjoint de la Conf\u00e9rence des Ev\u00eaques de France joint par l&rsquo;AFP, a exprim\u00e9 \u00ab\u00a0stup\u00e9faction et profonde tristesse\u00a0\u00bb.<\/p>\n\n\n\n<p>Les Missionnaires Montfortains sont une congr\u00e9gation pr\u00e9sente dans une trentaine de pays, tr\u00e8s orient\u00e9e sur la charit\u00e9 et l&rsquo;hospitalit\u00e9, d&rsquo;apr\u00e8s la m\u00eame source. Sur Twitter, le s\u00e9nateur LR de la Vend\u00e9e Bruno Retailleau a rendu hommage au religieux tu\u00e9: \u00ab\u00a0Sa mort t\u00e9moigne de la bont\u00e9 de ce pr\u00eatre que je connaissais bien et dont j&rsquo;avais pu appr\u00e9cier la profondeur de la foi. Sa mort est une grande perte\u00a0\u00bb.<\/p>\n\n\n\n<p>Contact\u00e9 par l&rsquo;AFP, le parquet de La Roche-sur-Yon a indiqu\u00e9 qu&rsquo;une conf\u00e9rence de presse devrait avoir lieu dans l&rsquo;apr\u00e8s-midi \u00e0 la gendarmerie de Mortagne-sur-S\u00e8vre. Un homme bien connu des services Emmanuel A., de nationalit\u00e9 rwandaise et r\u00e9fugi\u00e9 en France, avait \u00e9t\u00e9 plac\u00e9 sous contr\u00f4le judiciaire dans le cadre de l&rsquo;enqu\u00eate sur l&rsquo;incendie du 18 juillet 2020 de la cath\u00e9drale de Nantes, o\u00f9 il \u00e9tait b\u00e9n\u00e9vole, a pr\u00e9cis\u00e9 une source proche du dossier.<\/p>\n\n\n\n<p>La derni\u00e8re attaque mortelle visant un membre de l&rsquo;\u00c9glise catholique en France remonte au 29 octobre dernier, lorsque Brahim Aouissaoui, un Tunisien de 22 ans, avait tu\u00e9 au couteau deux fid\u00e8les et le sacristain de la basilique Notre-Dame-de-l&rsquo;Assomption \u00e0 Nice, avant d&rsquo;\u00eatre gri\u00e8vement bless\u00e9 par des policiers municipaux.<\/p>\n\n\n\n<p>En 2016, le p\u00e8re Jacques Hamel, pr\u00eatre de Saint-Etienne-du-Rouvray (Seine-Maritime), avait \u00e9t\u00e9 \u00e9gorg\u00e9 dans son \u00e9glise par Abdel Malik Petitjean et Adel Kermiche, qui avaient \u00e9t\u00e9 abattus par la police. L&rsquo;assassinat avait \u00e9t\u00e9 revendiqu\u00e9 par l&rsquo;organisation Etat Islamique (EI). <strong>Nouveau tweet d&rsquo;Emmanuel Macron pour rendre hommage au P\u00e8re Olivier Maire :\u00a0<\/strong>\u00ab\u00a0Il portait jusque dans les traits de son visage la g\u00e9n\u00e9rosit\u00e9 et l\u2019amour de l\u2019autre. Au nom de la Nation, je rends hommage au P\u00e8re Olivier Maire. Pens\u00e9es chaleureuses pour les Montfortains et tous les catholiques de France. Prot\u00e9ger ceux qui croient est une priorit\u00e9.\u00a0\u00bb <\/p>\n\n\n\n<p><\/p>\n","protected":false},"excerpt":{"rendered":"<p>Le point complet \u00e0 17h sur ce que l&rsquo;on sait de ce meurtre qui bouleverse la France &#8211;&nbsp;Un pr\u00eatre a \u00e9t\u00e9 tu\u00e9 lundi en Vend\u00e9e dans une communaut\u00e9 religieuse par un homme qui y \u00e9tait h\u00e9berg\u00e9, le pr\u00e9sum\u00e9 incendiaire de la cath\u00e9drale de Nantes en juillet 2020, qui s&rsquo;est lui-m\u00eame rendu ensuite \u00e0 la gendarmerie [&hellip;]<\/p>\n","protected":false},"author":2,"featured_media":18794,"comment_status":"open","ping_status":"open","sticky":false,"template":"","format":"standard","meta":{"_jetpack_memberships_contains_paid_content":false,"footnotes":"","jetpack_publicize_message":"","jetpack_publicize_feature_enabled":true,"jetpack_social_post_already_shared":true,"jetpack_social_options":{"image_generator_settings":{"template":"highway","default_image_id":0,"font":"","enabled":false},"version":2},"_wpas_customize_per_network":false},"categories":[405],"tags":[],"class_list":["post-18793","post","type-post","status-publish","format-standard","has-post-thumbnail","hentry","category-actu-france-monde"],"jetpack_publicize_connections":[],"jetpack_featured_media_url":"https:\/\/i0.wp.com\/www.iceagetv.com\/radiosite\/wp-content\/uploads\/2021\/08\/Le-P%C3%A8re-Olivier-Maire.png?fit=452%2C369&ssl=1","jetpack_sharing_enabled":true,"_links":{"self":[{"href":"https:\/\/www.iceagetv.com\/radiosite\/wp-json\/wp\/v2\/posts\/18793","targetHints":{"allow":["GET"]}}],"collection":[{"href":"https:\/\/www.iceagetv.com\/radiosite\/wp-json\/wp\/v2\/posts"}],"about":[{"href":"https:\/\/www.iceagetv.com\/radiosite\/wp-json\/wp\/v2\/types\/post"}],"author":[{"embeddable":true,"href":"https:\/\/www.iceagetv.com\/radiosite\/wp-json\/wp\/v2\/users\/2"}],"replies":[{"embeddable":true,"href":"https:\/\/www.iceagetv.com\/radiosite\/wp-json\/wp\/v2\/comments?post=18793"}],"version-history":[{"count":1,"href":"https:\/\/www.iceagetv.com\/radiosite\/wp-json\/wp\/v2\/posts\/18793\/revisions"}],"predecessor-version":[{"id":18795,"href":"https:\/\/www.iceagetv.com\/radiosite\/wp-json\/wp\/v2\/posts\/18793\/revisions\/18795"}],"wp:featuredmedia":[{"embeddable":true,"href":"https:\/\/www.iceagetv.com\/radiosite\/wp-json\/wp\/v2\/media\/18794"}],"wp:attachment":[{"href":"https:\/\/www.iceagetv.com\/radiosite\/wp-json\/wp\/v2\/media?parent=18793"}],"wp:term":[{"taxonomy":"category","embeddable":true,"href":"https:\/\/www.iceagetv.com\/radiosite\/wp-json\/wp\/v2\/categories?post=18793"},{"taxonomy":"post_tag","embeddable":true,"href":"https:\/\/www.iceagetv.com\/radiosite\/wp-json\/wp\/v2\/tags?post=18793"}],"curies":[{"name":"wp","href":"https:\/\/api.w.org\/{rel}","templated":true}]}}