{"id":18811,"date":"2021-08-11T13:37:16","date_gmt":"2021-08-11T13:37:16","guid":{"rendered":"http:\/\/www.iceagetv.com\/radiosite\/?p=18811"},"modified":"2021-08-11T13:37:16","modified_gmt":"2021-08-11T13:37:16","slug":"algerie-plus-de-60-morts-dans-des-incendies-parmi-lesquels-28-militaires","status":"publish","type":"post","link":"https:\/\/www.iceagetv.com\/radiosite\/algerie-plus-de-60-morts-dans-des-incendies-parmi-lesquels-28-militaires\/","title":{"rendered":"Alg\u00e9rie : Plus de 60 morts dans des incendies, parmi lesquels 28 militaires"},"content":{"rendered":"\n<p>Au moins 65 personnes parmi lesquelles 28 militaires ont perdu la vie dans les incendies qui ravagent depuis lundi soir le nord de&nbsp;<a href=\"https:\/\/www.20minutes.fr\/dossier\/algerie\">l\u2019Alg\u00e9rie<\/a>, notamment en Kabylie, selon un nouveau bilan fourni mercredi par la t\u00e9l\u00e9vision nationale alg\u00e9rienne. \u00ab&nbsp;Le bilan des&nbsp;<a href=\"https:\/\/www.20minutes.fr\/dossier\/incendie\">incendies<\/a>&nbsp;de for\u00eats est pass\u00e9 \u00e0 65 morts (28 militaires et 37 civils), pour la plupart dans la wilaya de Tizi Ouzou&nbsp;\u00bb, a rapport\u00e9 la t\u00e9l\u00e9vision, ajoutant que 12 militaires \u00e9taient par ailleurs \u00ab&nbsp;hospitalis\u00e9s dans un \u00e9tat critique&nbsp;\u00bb.<\/p>\n\n\n\n<p>Des pompiers soutenus par des militaires et des volontaires luttent mercredi pour tenter d\u2019arr\u00eater la course folle des flammes, qui ravagent depuis la veille le nord de l\u2019Alg\u00e9rie, des multiples incendies qui ont fait au moins 65 morts parmi lesquels 28 soldats.<\/p>\n\n\n\n<h2 class=\"wp-block-heading\">Les pompiers \u00e0 l\u2019oeuvre pour arr\u00eater les flammes<\/h2>\n\n\n\n<p>Ces incendies, pour lesquels les autorit\u00e9s ont \u00e9voqu\u00e9 des pistes \u00ab&nbsp;criminelles&nbsp;\u00bb, touchent plusieurs r\u00e9gions de&nbsp;<a href=\"https:\/\/www.20minutes.fr\/planete\/3100303-20210810-algerie-incendies-kabylie-font-quatre-morts-trois-blesses\">Kabylie<\/a>, notamment Tizi Ouzou. Des images impressionnantes, accompagn\u00e9es d\u2019appels \u00e0 l\u2019aide, circulent sur les r\u00e9seaux sociaux, avec des troncs calcin\u00e9s, du b\u00e9tail agonisant, asphyxi\u00e9, et des villages assi\u00e9g\u00e9s.&nbsp;Sur des images, on peut voir des habitants tentant d\u00e9sesp\u00e9r\u00e9ment d\u2019\u00e9touffer un d\u00e9part de feu \u00e0 l\u2019aide de modestes branches. Alors que l\u2019Alg\u00e9rie&nbsp;fait face \u00e0 une vague de chaleur extr\u00eame, des vents propagent les feux et compliquent la t\u00e2che des secouristes, selon Youcef Ould Mohamed, un responsable local des for\u00eats cit\u00e9 par l\u2019agence officielle APS.<\/p>\n\n\n\n<p>Le porte-parole de la protection civile, Nassim Barnaoui, a dit mercredi \u00e0 la presse que 69 foyers d\u2019incendies au total \u00e9taient encore actifs, dans&nbsp;17 wilayas (pr\u00e9fecture). Les plus importants se trouvent dans la wilaya de Tizi Ouzou, qui a \u00e9galement connu le plus de pertes humaines.&nbsp;\u00ab&nbsp;J\u2019ai laiss\u00e9 tous mes biens dans mon village et je me suis enfui avec ma femme et mes trois enfants vers la ville de Tizi Ouzou&nbsp;\u00bb, a dit&nbsp;Abdelhamid, un commer\u00e7ant du village de Beni Yeni. \u00ab&nbsp;Heureusement, je poss\u00e8de un appartement dans le centre de Tizi Ouzou, o\u00f9 je me suis r\u00e9fugi\u00e9 avec ma famille et quelques voisins&nbsp;\u00bb, a-t-il racont\u00e9.<\/p>\n\n\n\n<h2 class=\"wp-block-heading\">La solidarit\u00e9 s\u2019organise<\/h2>\n\n\n\n<p>Depuis mardi, des appels \u00e0 l\u2019organisation de convois de solidarit\u00e9 avec les habitants des villages de Tizi Ouzou se sont multipli\u00e9s sur les r\u00e9seaux sociaux.&nbsp;Les internautes y appellent notamment \u00e0 collecter de la nourriture, des m\u00e9dicaments et aider \u00e0 l\u2019acheminement de l\u2019eau pour lutter contre les incendies.<\/p>\n\n\n\n<p>Plusieurs camions sont partis de la capitale transportant du mat\u00e9riel offert par des citoyens et des commer\u00e7ants. Et une page \u00ab&nbsp;M\u00e9decins&nbsp;\u00bb sur Facebook a publi\u00e9 un appel \u00e0 se porter volontaire pour venir en aide au personnel de l\u2019h\u00f4pital de Tizi Ouzou.&nbsp;D\u2019autres appels ont \u00e9t\u00e9 lanc\u00e9s sur les r\u00e9seaux sociaux exhortant les autorit\u00e9s \u00e0 solliciter une assistance internationale.<\/p>\n\n\n\n<h2 class=\"wp-block-heading\">\u00ab&nbsp;Origine criminelle&nbsp;\u00bb<\/h2>\n\n\n\n<p>La piste criminelle a \u00e9t\u00e9 \u00e9voqu\u00e9e par les autorit\u00e9s alg\u00e9riennes, qui n\u2019ont toutefois donn\u00e9 aucune pr\u00e9cision.&nbsp;La radio publique alg\u00e9rienne a annonc\u00e9 mardi l\u2019arrestation de trois \u00ab&nbsp;pyromanes&nbsp;\u00bb \u00e0 M\u00e9d\u00e9a. Un quatri\u00e8me a \u00e9t\u00e9 arr\u00eat\u00e9 \u00e0 Annaba, selon l\u2019APS. D\u2019apr\u00e8s le ministre de l\u2019Int\u00e9rieur, Kamel Beldjoud, une cinquantaine d\u2019incendies \u00ab&nbsp;d\u2019<a href=\"https:\/\/www.20minutes.fr\/planete\/3100891-20210811-algerie-incendies-toujours-cours-font-plus-40-morts-dont-25-militaires\">origine criminelle<\/a>&nbsp;\u00bb attis\u00e9s par les conditions m\u00e9t\u00e9o ont d\u00e9but\u00e9 lundi soir.&nbsp;Le Premier ministre, A\u00efm\u00e8ne Benabderahmane, a lui \u00e9voqu\u00e9 plus de 70 incendies dans 18 wilayas (pr\u00e9fectures) du nord du pays. La protection civile a fait \u00e9tat d\u2019une centaine de feux dans 16 wilayas.<\/p>\n\n\n\n<p>Les villes de Bouira, S\u00e9tif, Khenchela, Guelma, Beja\u00efa, Bordj Bou Arreridj, Boumerd\u00e8s, Tiaret, M\u00e9d\u00e9a, T\u00e9bessa, Blida et Skikda sont touch\u00e9es, a indiqu\u00e9 sur Twitter la direction g\u00e9n\u00e9rale de la protection civile.<\/p>\n\n\n\n<h2 class=\"wp-block-heading\">Multiplication des incendies<\/h2>\n\n\n\n<p>Chaque ann\u00e9e, le nord de l\u2019Alg\u00e9rie&nbsp;est touch\u00e9 par des feux de for\u00eat. En 2020, pr\u00e8s de 44.000 hectares de taillis sont partis en fum\u00e9e.&nbsp;Ce ph\u00e9nom\u00e8ne s\u2019amplifie alors que les incendies se multiplient \u00e0 travers le globe. Ils sont associ\u00e9s \u00e0 divers ph\u00e9nom\u00e8nes anticip\u00e9s par les scientifiques en raison du r\u00e9chauffement de la plan\u00e8te.<\/p>\n\n\n\n<p><a href=\"https:\/\/www.20minutes.fr\/dossier\/rechauffement-climatique\">L\u2019augmentation de la temp\u00e9rature<\/a>, la multiplication des canicules et la baisse des pr\u00e9cipitations par endroit est une combinaison id\u00e9ale pour le d\u00e9veloppement des feux.&nbsp;La chaleur extr\u00eame doit se poursuivre jusqu\u2019en fin de semaine au Maghreb, jusqu\u2019au 15&nbsp;ao\u00fbt selon les services m\u00e9t\u00e9orologiques alg\u00e9riens, avec des&nbsp;temp\u00e9ratures atteignant 46 degr\u00e9s.<\/p>\n\n\n\n<p>En Tunisie voisine, la capitale Tunis a battu mardi son record absolu, avec 49 degr\u00e9s. Une quinzaine de d\u00e9parts de feu ont \u00e9t\u00e9 enregistr\u00e9s dans le nord et le nord-ouest, sans heureusement faire de victime, selon Moez Triaa, porte-parole de la protection civile. Sur la rive nord de la M\u00e9diterran\u00e9e, la Gr\u00e8ce et la Turquie ont \u00e9t\u00e9 les plus touch\u00e9s ces deux derni\u00e8res semaines, avec une s\u00e9rie d\u2019incendies violents qui ont fait huit morts sur les c\u00f4tes turques et trois morts&nbsp;<a href=\"https:\/\/www.20minutes.fr\/monde\/3101011-20210811-grece-incendie-eubee-lentement-train-etre-maitrise-apres-maire-ile\">en Gr\u00e8ce<\/a>.<\/p>\n","protected":false},"excerpt":{"rendered":"<p>Au moins 65 personnes parmi lesquelles 28 militaires ont perdu la vie dans les incendies qui ravagent depuis lundi soir le nord de&nbsp;l\u2019Alg\u00e9rie, notamment en Kabylie, selon un nouveau bilan fourni mercredi par la t\u00e9l\u00e9vision nationale alg\u00e9rienne. \u00ab&nbsp;Le bilan des&nbsp;incendies&nbsp;de for\u00eats est pass\u00e9 \u00e0 65 morts (28 militaires et 37 civils), pour la plupart dans [&hellip;]<\/p>\n","protected":false},"author":2,"featured_media":18812,"comment_status":"open","ping_status":"open","sticky":false,"template":"","format":"standard","meta":{"_jetpack_memberships_contains_paid_content":false,"footnotes":"","jetpack_publicize_message":"","jetpack_publicize_feature_enabled":true,"jetpack_social_post_already_shared":true,"jetpack_social_options":{"image_generator_settings":{"template":"highway","default_image_id":0,"font":"","enabled":false},"version":2},"_wpas_customize_per_network":false},"categories":[405],"tags":[],"class_list":["post-18811","post","type-post","status-publish","format-standard","has-post-thumbnail","hentry","category-actu-france-monde"],"jetpack_publicize_connections":[],"jetpack_featured_media_url":"https:\/\/i0.wp.com\/www.iceagetv.com\/radiosite\/wp-content\/uploads\/2021\/08\/Plus-de-60-morts-dans-des-incendies-parmi-lesquels-28-militaires.png?fit=491%2C399&ssl=1","jetpack_sharing_enabled":true,"_links":{"self":[{"href":"https:\/\/www.iceagetv.com\/radiosite\/wp-json\/wp\/v2\/posts\/18811","targetHints":{"allow":["GET"]}}],"collection":[{"href":"https:\/\/www.iceagetv.com\/radiosite\/wp-json\/wp\/v2\/posts"}],"about":[{"href":"https:\/\/www.iceagetv.com\/radiosite\/wp-json\/wp\/v2\/types\/post"}],"author":[{"embeddable":true,"href":"https:\/\/www.iceagetv.com\/radiosite\/wp-json\/wp\/v2\/users\/2"}],"replies":[{"embeddable":true,"href":"https:\/\/www.iceagetv.com\/radiosite\/wp-json\/wp\/v2\/comments?post=18811"}],"version-history":[{"count":1,"href":"https:\/\/www.iceagetv.com\/radiosite\/wp-json\/wp\/v2\/posts\/18811\/revisions"}],"predecessor-version":[{"id":18813,"href":"https:\/\/www.iceagetv.com\/radiosite\/wp-json\/wp\/v2\/posts\/18811\/revisions\/18813"}],"wp:featuredmedia":[{"embeddable":true,"href":"https:\/\/www.iceagetv.com\/radiosite\/wp-json\/wp\/v2\/media\/18812"}],"wp:attachment":[{"href":"https:\/\/www.iceagetv.com\/radiosite\/wp-json\/wp\/v2\/media?parent=18811"}],"wp:term":[{"taxonomy":"category","embeddable":true,"href":"https:\/\/www.iceagetv.com\/radiosite\/wp-json\/wp\/v2\/categories?post=18811"},{"taxonomy":"post_tag","embeddable":true,"href":"https:\/\/www.iceagetv.com\/radiosite\/wp-json\/wp\/v2\/tags?post=18811"}],"curies":[{"name":"wp","href":"https:\/\/api.w.org\/{rel}","templated":true}]}}