{"id":18817,"date":"2021-08-13T07:31:52","date_gmt":"2021-08-13T07:31:52","guid":{"rendered":"http:\/\/www.iceagetv.com\/radiosite\/?p=18817"},"modified":"2021-08-13T07:31:52","modified_gmt":"2021-08-13T07:31:52","slug":"pretre-assassine-le-president-emmanuel-macron-nira-pas-aux-obseques-cet-apres-midi-mais-il-va-envoyer-un-ministre-le-garde-des-sceaux-eric-dupond-moretti","status":"publish","type":"post","link":"https:\/\/www.iceagetv.com\/radiosite\/pretre-assassine-le-president-emmanuel-macron-nira-pas-aux-obseques-cet-apres-midi-mais-il-va-envoyer-un-ministre-le-garde-des-sceaux-eric-dupond-moretti\/","title":{"rendered":"Pr\u00eatre assassin\u00e9 &#8211; Le Pr\u00e9sident Emmanuel Macron n&rsquo;ira pas aux obs\u00e8ques cet apr\u00e8s-midi mais il va envoyer un ministre, le garde des Sceaux, \u00c9ric Dupond-Moretti"},"content":{"rendered":"\n<p><strong>Le Pr\u00e9sident Emmanuel Macron n&rsquo;ira pas aux obs\u00e8ques du P\u00e8re Olivier Mais qui a \u00e9t\u00e9 assassin\u00e9. Il a souhait\u00e9 envoyer le garde des Sceaux, \u00c9ric Dupond-Moretti, qui a \u00e9t\u00e9 choisi pour repr\u00e9senter le gouvernement.<\/strong>&nbsp;Le ministre de la Justice sera d&rsquo;ailleurs le seul membre du gouvernement \u00e0 \u00eatre pr\u00e9sent \u00e0 ces fun\u00e9railles qui se d\u00e9rouleront \u00e0 14h30 dans la basilique de Saint-Laurent-sur-S\u00e8vre, l\u00e0 o\u00f9 il officiait.<\/p>\n\n\n\n<p>Pour rappel, au lendemain de la mort du pr\u00eatre, le ministre de la Justice, \u00c9ric Dupond-Moretti s\u2019\u00e9tait emport\u00e9 contre ceux qui s\u2019en servaient pour \u00ab nourrir l\u2019instrumentalisation politicienne \u00bb, selon ses mots. \u00ab Pourtant, force est de constater que certains, toujours les m\u00eames, guettent le malheur pour mieux l\u2019exploiter et n\u2019ont pas pu r\u00e9sister d\u00e8s l\u2019annonce de ce meurtre effroyable, \u00e0 son exploitation politique \u00bb, ajoutait-il. Point\u00e9e du doigt, la justice sera donc repr\u00e9sent\u00e9e vendredi matin par le garde des Sceaux. S\u2019il avait rappel\u00e9 que le gouvernement travaillait \u00ab sans rel\u00e2che \u00bb pour appliquer la justice, \u00ab la vraie \u00bb, il avait aussi gliss\u00e9 que ces OQTF n\u2019avaient pas \u00e9t\u00e9 ex\u00e9cut\u00e9s non \u00ab pas par ang\u00e9lisme, mais par souci de justice \u00bb. <\/p>\n\n\n\n<p><strong>Les obs\u00e8ques du p\u00e8re Olivier Maire, assassin\u00e9 le 9 ao\u00fbt dernier \u00e0 Saint-Laurent-sur-S\u00e8vre, \u00e0 l\u2019\u00e2ge de 61 ans, seront c\u00e9l\u00e9br\u00e9es \u00e0 14h30<\/strong>&nbsp;en la basilique de Saint-Laurent-sur-S\u00e8vre, a annonc\u00e9 ce jeudi le dioc\u00e8se de Lu\u00e7on dans un communiqu\u00e9. Une c\u00e9r\u00e9monie qui se tiendra en priv\u00e9, pr\u00e9cise le dioc\u00e8se, \u00aben pr\u00e9sence de la famille du p\u00e8re Olivier Maire, des membres de la congr\u00e9gation des Montfortains et des officiels\u00bb.<\/p>\n\n\n\n<p>Un \u00e9cran g\u00e9ant sera mis en place par la mairie pour les personnes qui souhaiteraient suivre ces obs\u00e8ques et se recueillir. Cette messe d&rsquo;obs\u00e8ques se d\u00e9roulera dans le respect des r\u00e8gles sanitaires en vigueur. Mgr Jacolin, \u00e9v\u00eaque de Lu\u00e7on, a demand\u00e9 \u00e0 toutes les paroisses de Vend\u00e9e que le glas soit sonn\u00e9 le vendredi 13 ao\u00fbt 2021 \u00e0 12h, pr\u00e9cise encore le dioc\u00e8se.<\/p>\n\n\n\n<p><\/p>\n","protected":false},"excerpt":{"rendered":"<p>Le Pr\u00e9sident Emmanuel Macron n&rsquo;ira pas aux obs\u00e8ques du P\u00e8re Olivier Mais qui a \u00e9t\u00e9 assassin\u00e9. Il a souhait\u00e9 envoyer le garde des Sceaux, \u00c9ric Dupond-Moretti, qui a \u00e9t\u00e9 choisi pour repr\u00e9senter le gouvernement.&nbsp;Le ministre de la Justice sera d&rsquo;ailleurs le seul membre du gouvernement \u00e0 \u00eatre pr\u00e9sent \u00e0 ces fun\u00e9railles qui se d\u00e9rouleront \u00e0 [&hellip;]<\/p>\n","protected":false},"author":2,"featured_media":18818,"comment_status":"open","ping_status":"open","sticky":false,"template":"","format":"standard","meta":{"_jetpack_memberships_contains_paid_content":false,"footnotes":"","jetpack_publicize_message":"","jetpack_publicize_feature_enabled":true,"jetpack_social_post_already_shared":true,"jetpack_social_options":{"image_generator_settings":{"template":"highway","default_image_id":0,"font":"","enabled":false},"version":2},"_wpas_customize_per_network":false},"categories":[405],"tags":[],"class_list":["post-18817","post","type-post","status-publish","format-standard","has-post-thumbnail","hentry","category-actu-france-monde"],"jetpack_publicize_connections":[],"jetpack_featured_media_url":"https:\/\/i0.wp.com\/www.iceagetv.com\/radiosite\/wp-content\/uploads\/2021\/08\/Les-obs%C3%A8ques-du-p%C3%A8re-Olivier-Maire-assassin%C3%A9-%C3%A0-Saint-Laurent-sur-S%C3%A8vre.jpg?fit=679%2C293&ssl=1","jetpack_sharing_enabled":true,"_links":{"self":[{"href":"https:\/\/www.iceagetv.com\/radiosite\/wp-json\/wp\/v2\/posts\/18817","targetHints":{"allow":["GET"]}}],"collection":[{"href":"https:\/\/www.iceagetv.com\/radiosite\/wp-json\/wp\/v2\/posts"}],"about":[{"href":"https:\/\/www.iceagetv.com\/radiosite\/wp-json\/wp\/v2\/types\/post"}],"author":[{"embeddable":true,"href":"https:\/\/www.iceagetv.com\/radiosite\/wp-json\/wp\/v2\/users\/2"}],"replies":[{"embeddable":true,"href":"https:\/\/www.iceagetv.com\/radiosite\/wp-json\/wp\/v2\/comments?post=18817"}],"version-history":[{"count":1,"href":"https:\/\/www.iceagetv.com\/radiosite\/wp-json\/wp\/v2\/posts\/18817\/revisions"}],"predecessor-version":[{"id":18819,"href":"https:\/\/www.iceagetv.com\/radiosite\/wp-json\/wp\/v2\/posts\/18817\/revisions\/18819"}],"wp:featuredmedia":[{"embeddable":true,"href":"https:\/\/www.iceagetv.com\/radiosite\/wp-json\/wp\/v2\/media\/18818"}],"wp:attachment":[{"href":"https:\/\/www.iceagetv.com\/radiosite\/wp-json\/wp\/v2\/media?parent=18817"}],"wp:term":[{"taxonomy":"category","embeddable":true,"href":"https:\/\/www.iceagetv.com\/radiosite\/wp-json\/wp\/v2\/categories?post=18817"},{"taxonomy":"post_tag","embeddable":true,"href":"https:\/\/www.iceagetv.com\/radiosite\/wp-json\/wp\/v2\/tags?post=18817"}],"curies":[{"name":"wp","href":"https:\/\/api.w.org\/{rel}","templated":true}]}}