{"id":18820,"date":"2021-08-13T07:33:53","date_gmt":"2021-08-13T07:33:53","guid":{"rendered":"http:\/\/www.iceagetv.com\/radiosite\/?p=18820"},"modified":"2021-08-13T07:33:53","modified_gmt":"2021-08-13T07:33:53","slug":"meteo-lardeche-la-drome-les-alpes-de-haute-provence-le-var-et-les-alpes-maritimes-sont-places-ce-matin-en-vigilance-orange-canicule-par-meteo-france","status":"publish","type":"post","link":"https:\/\/www.iceagetv.com\/radiosite\/meteo-lardeche-la-drome-les-alpes-de-haute-provence-le-var-et-les-alpes-maritimes-sont-places-ce-matin-en-vigilance-orange-canicule-par-meteo-france\/","title":{"rendered":"M\u00e9t\u00e9o &#8211; L\u2019Ard\u00e8che, la Dr\u00f4me, les Alpes-de-Haute-Provence, le Var et les Alpes-Maritimes sont plac\u00e9s ce matin en vigilance orange canicule par M\u00e9t\u00e9o France"},"content":{"rendered":"\n<p><strong>L\u2019Ard\u00e8che, la Dr\u00f4me, les Alpes-de-Haute-Provence, le Var et les Alpes-Maritimes sont plac\u00e9s ce matin en vigilance orange canicule par M\u00e9t\u00e9o France.&nbsp;<\/strong>Ce vendredi matin, \u00e0 5 heures, les temp\u00e9ratures sont souvent comprises entre 20 et 22\u00b0C sur ces m\u00eames d\u00e9partements. Elles sont localement plus \u00e9lev\u00e9es sur la Cote d&rsquo;Azur, de l&rsquo;ordre de 23 \u00e0 26 degr\u00e9s: on rel\u00e8ve par exemple 25,8\u00b0C \u00e0 Nice (06) et 26,1\u00b0C \u00e0 Frejus (83).&nbsp;<\/p>\n\n\n\n<p>Sur les d\u00e9partements plac\u00e9s en vigilance orange, les temp\u00e9ratures vont remonter rapidement avec des maximales en l\u00e9g\u00e8re augmentation par rapport \u00e0 jeudi. Elles seront g\u00e9n\u00e9ralement comprises entre 36 et 39\u00b0C, et atteindront localement 40\u00b0C en Provence. Samedi les temp\u00e9ratures resteront sensiblement du m\u00eame ordre que vendredi.<\/p>\n\n\n\n<p>Cet \u00e9pisode de canicule, se poursuivra jusqu&rsquo;\u00e0 dimanche. Sur les d\u00e9partements alentours plac\u00e9s en vigilance jaune, les maximales seront de l&rsquo;ordre de 33 \u00e0 37\u00b0C, un peu plus sur Gard, Vaucluse et Bouches-du-Rh\u00f4ne o\u00f9 l&rsquo;on pourra monter jusqu&rsquo;\u00e0 37-39\u00b0C.<\/p>\n\n\n\n<p>Les d\u00e9partements du Tarn, Haute-Garonne, Ari\u00e8ge qui \u00e9taient en jaune hier pour un pic de chaleur repassent comme pr\u00e9vu en vigilance verte ce matin, cette journ\u00e9e de vendredi y \u00e9tant plus basses que la veille avec des temp\u00e9ratures maximales attendues autour de 30-32\u00b0C.<\/p>\n\n\n\n<p><\/p>\n","protected":false},"excerpt":{"rendered":"<p>L\u2019Ard\u00e8che, la Dr\u00f4me, les Alpes-de-Haute-Provence, le Var et les Alpes-Maritimes sont plac\u00e9s ce matin en vigilance orange canicule par M\u00e9t\u00e9o France.&nbsp;Ce vendredi matin, \u00e0 5 heures, les temp\u00e9ratures sont souvent comprises entre 20 et 22\u00b0C sur ces m\u00eames d\u00e9partements. Elles sont localement plus \u00e9lev\u00e9es sur la Cote d&rsquo;Azur, de l&rsquo;ordre de 23 \u00e0 26 degr\u00e9s: [&hellip;]<\/p>\n","protected":false},"author":2,"featured_media":18821,"comment_status":"open","ping_status":"open","sticky":false,"template":"","format":"standard","meta":{"_jetpack_memberships_contains_paid_content":false,"footnotes":"","jetpack_publicize_message":"","jetpack_publicize_feature_enabled":true,"jetpack_social_post_already_shared":true,"jetpack_social_options":{"image_generator_settings":{"template":"highway","default_image_id":0,"font":"","enabled":false},"version":2},"_wpas_customize_per_network":false},"categories":[14],"tags":[2931,2932,2933],"class_list":["post-18820","post","type-post","status-publish","format-standard","has-post-thumbnail","hentry","category-actu-meteo","tag-lardeche","tag-la-drome","tag-les-alpes-de-haute-provence"],"jetpack_publicize_connections":[],"jetpack_featured_media_url":"https:\/\/i0.wp.com\/www.iceagetv.com\/radiosite\/wp-content\/uploads\/2021\/08\/sont-plac%C3%A9s-ce-matin-en-vigilance-orange-canicule-par-M%C3%A9t%C3%A9o-France.png?fit=603%2C359&ssl=1","jetpack_sharing_enabled":true,"_links":{"self":[{"href":"https:\/\/www.iceagetv.com\/radiosite\/wp-json\/wp\/v2\/posts\/18820","targetHints":{"allow":["GET"]}}],"collection":[{"href":"https:\/\/www.iceagetv.com\/radiosite\/wp-json\/wp\/v2\/posts"}],"about":[{"href":"https:\/\/www.iceagetv.com\/radiosite\/wp-json\/wp\/v2\/types\/post"}],"author":[{"embeddable":true,"href":"https:\/\/www.iceagetv.com\/radiosite\/wp-json\/wp\/v2\/users\/2"}],"replies":[{"embeddable":true,"href":"https:\/\/www.iceagetv.com\/radiosite\/wp-json\/wp\/v2\/comments?post=18820"}],"version-history":[{"count":1,"href":"https:\/\/www.iceagetv.com\/radiosite\/wp-json\/wp\/v2\/posts\/18820\/revisions"}],"predecessor-version":[{"id":18822,"href":"https:\/\/www.iceagetv.com\/radiosite\/wp-json\/wp\/v2\/posts\/18820\/revisions\/18822"}],"wp:featuredmedia":[{"embeddable":true,"href":"https:\/\/www.iceagetv.com\/radiosite\/wp-json\/wp\/v2\/media\/18821"}],"wp:attachment":[{"href":"https:\/\/www.iceagetv.com\/radiosite\/wp-json\/wp\/v2\/media?parent=18820"}],"wp:term":[{"taxonomy":"category","embeddable":true,"href":"https:\/\/www.iceagetv.com\/radiosite\/wp-json\/wp\/v2\/categories?post=18820"},{"taxonomy":"post_tag","embeddable":true,"href":"https:\/\/www.iceagetv.com\/radiosite\/wp-json\/wp\/v2\/tags?post=18820"}],"curies":[{"name":"wp","href":"https:\/\/api.w.org\/{rel}","templated":true}]}}