{"id":18835,"date":"2021-08-16T18:20:29","date_gmt":"2021-08-16T18:20:29","guid":{"rendered":"http:\/\/www.iceagetv.com\/radiosite\/?p=18835"},"modified":"2021-08-16T18:20:29","modified_gmt":"2021-08-16T18:20:29","slug":"afghanistan-emmanuel-macron-lurgence-absolue-est-de-mettre-en-securite-nos-compatriotes-qui-doivent-tous-quitter-le-pays-nos-forces-speciales-seront-sur-place-dans-les-prochaines-heur","status":"publish","type":"post","link":"https:\/\/www.iceagetv.com\/radiosite\/afghanistan-emmanuel-macron-lurgence-absolue-est-de-mettre-en-securite-nos-compatriotes-qui-doivent-tous-quitter-le-pays-nos-forces-speciales-seront-sur-place-dans-les-prochaines-heur\/","title":{"rendered":"Afghanistan &#8211; Emmanuel Macron : \u00ab\u00a0L\u2019urgence absolue est de mettre en s\u00e9curit\u00e9 nos compatriotes, qui doivent tous quitter le pays. Nos forces sp\u00e9ciales seront sur place dans les prochaines heures"},"content":{"rendered":"\n<p><strong>Emmanuel Macron prend la parole&nbsp;<\/strong>sur toutes les cha\u00eenes en France pour faire le point sur la situation en Afghanistan et expliquer la position de la France : \u00ab\u00a0Alors que nous continuons \u00e0 nous battre contre le virus et pour que la reprise soit l\u00e0, je m&rsquo;adresse \u00e0 vous pour vous parler de l&rsquo;Afghanistan.&nbsp;<\/p>\n\n\n\n<p>Notre combat en Afghanistan \u00e9tait juste et notre objectif \u00e9tait de lutter contre le terrorisme.&nbsp;Le Pr\u00e9sident Chirac, d\u00e8s octobre 2001 a d\u00e9cid\u00e9 la participation de la France \u00e0 l\u2019action internationale.&nbsp;&nbsp;Avec un objectif clair : combattre une menace terroriste qui visait directement notre territoire et celui de nos alli\u00e9s depuis l\u2019Afghanistan, devenu le sanctuaire du terrorisme islamiste.&nbsp;A partir de juin 2011, le Pr\u00e9sident Nicolas Sarkozy a d\u00e9cid\u00e9 du retrait des troupes fran\u00e7aises, la France estimant souverainement que sa mission en Afghanistan \u00e9tait accomplie.&nbsp;L\u2019intervention militaire fran\u00e7aise a d\u00e9finitivement c\u00e9d\u00e9 la place, le 31 d\u00e9cembre 2014, \u00e0 l\u2019action civile que nous avons continu\u00e9 de mener \u00e0 bien, aupr\u00e8s du peuple afghan, avec lequel nos liens d\u2019amiti\u00e9 sont anciens et profonds.<em>close<\/em><em>volume_off<\/em><\/p>\n\n\n\n<p>Nous n\u2019oublierons pas nos soldats. Nous n\u2019oublierons pas nos morts, 90 au total.<\/p>\n\n\n\n<p><strong>L\u2019urgence absolue est de mettre en s\u00e9curit\u00e9 nos compatriotes, qui doivent tous quitter le pays, ainsi que les Afghans qui ont travaill\u00e9 pour la France.&nbsp;C&rsquo;est notre devoir et notre dignit\u00e9 de prot\u00e9ger ceux qui nous aident : interpr\u00e8tes, chauffeurs, cuisiniers et tant d&rsquo;autres. Pr\u00e8s de 800 personnes sont d&rsquo;ores et d\u00e9j\u00e0 sur le sol fran\u00e7ais<\/strong><\/p>\n\n\n\n<p><strong>Nos forces sp\u00e9ciales seront sur place dans les prochaines heures<\/strong>.<\/p>\n\n\n\n<p>L\u2019Afghanistan ne doit pas redevenir le sanctuaire du terrorisme qu\u2019il a \u00e9t\u00e9. C\u2019est un enjeu pour la paix et la stabilit\u00e9 internationale, contre un ennemi commun, le terrorisme et ceux qui le soutiennent.&nbsp;La d\u00e9stabilisation de l\u2019Afghanistan risque \u00e9galement d\u2019entra\u00eener des flux migratoires irr\u00e9guliers vers l\u2019Europe. La France fait et continuera de faire son devoir pour prot\u00e9ger celles et ceux qui sont les plus menac\u00e9s.&nbsp;Nous devons anticiper et nous prot\u00e9ger contre des flux migratoires irr\u00e9guliers importants qui mettraient en danger ceux qui les empruntent, et nourrissent les trafics de toute nature.<\/p>\n","protected":false},"excerpt":{"rendered":"<p>Emmanuel Macron prend la parole&nbsp;sur toutes les cha\u00eenes en France pour faire le point sur la situation en Afghanistan et expliquer la position de la France : \u00ab\u00a0Alors que nous continuons \u00e0 nous battre contre le virus et pour que la reprise soit l\u00e0, je m&rsquo;adresse \u00e0 vous pour vous parler de l&rsquo;Afghanistan.&nbsp; Notre combat [&hellip;]<\/p>\n","protected":false},"author":2,"featured_media":18836,"comment_status":"open","ping_status":"open","sticky":false,"template":"","format":"standard","meta":{"_jetpack_memberships_contains_paid_content":false,"footnotes":"","jetpack_publicize_message":"","jetpack_publicize_feature_enabled":true,"jetpack_social_post_already_shared":true,"jetpack_social_options":{"image_generator_settings":{"template":"highway","default_image_id":0,"font":"","enabled":false},"version":2},"_wpas_customize_per_network":false},"categories":[405],"tags":[],"class_list":["post-18835","post","type-post","status-publish","format-standard","has-post-thumbnail","hentry","category-actu-france-monde"],"jetpack_publicize_connections":[],"jetpack_featured_media_url":"https:\/\/i0.wp.com\/www.iceagetv.com\/radiosite\/wp-content\/uploads\/2021\/08\/Afghanistan-Emmanuel-Macron.png?fit=743%2C360&ssl=1","jetpack_sharing_enabled":true,"_links":{"self":[{"href":"https:\/\/www.iceagetv.com\/radiosite\/wp-json\/wp\/v2\/posts\/18835","targetHints":{"allow":["GET"]}}],"collection":[{"href":"https:\/\/www.iceagetv.com\/radiosite\/wp-json\/wp\/v2\/posts"}],"about":[{"href":"https:\/\/www.iceagetv.com\/radiosite\/wp-json\/wp\/v2\/types\/post"}],"author":[{"embeddable":true,"href":"https:\/\/www.iceagetv.com\/radiosite\/wp-json\/wp\/v2\/users\/2"}],"replies":[{"embeddable":true,"href":"https:\/\/www.iceagetv.com\/radiosite\/wp-json\/wp\/v2\/comments?post=18835"}],"version-history":[{"count":1,"href":"https:\/\/www.iceagetv.com\/radiosite\/wp-json\/wp\/v2\/posts\/18835\/revisions"}],"predecessor-version":[{"id":18837,"href":"https:\/\/www.iceagetv.com\/radiosite\/wp-json\/wp\/v2\/posts\/18835\/revisions\/18837"}],"wp:featuredmedia":[{"embeddable":true,"href":"https:\/\/www.iceagetv.com\/radiosite\/wp-json\/wp\/v2\/media\/18836"}],"wp:attachment":[{"href":"https:\/\/www.iceagetv.com\/radiosite\/wp-json\/wp\/v2\/media?parent=18835"}],"wp:term":[{"taxonomy":"category","embeddable":true,"href":"https:\/\/www.iceagetv.com\/radiosite\/wp-json\/wp\/v2\/categories?post=18835"},{"taxonomy":"post_tag","embeddable":true,"href":"https:\/\/www.iceagetv.com\/radiosite\/wp-json\/wp\/v2\/tags?post=18835"}],"curies":[{"name":"wp","href":"https:\/\/api.w.org\/{rel}","templated":true}]}}