{"id":18884,"date":"2021-08-21T07:20:33","date_gmt":"2021-08-21T07:20:33","guid":{"rendered":"http:\/\/www.iceagetv.com\/radiosite\/?p=18884"},"modified":"2021-08-21T07:20:33","modified_gmt":"2021-08-21T07:20:33","slug":"afghanistan-sous-le-feu-des-critiques-joe-biden-tente-de-rassurer-sur-la-strategie-americaine-devacuation","status":"publish","type":"post","link":"https:\/\/www.iceagetv.com\/radiosite\/afghanistan-sous-le-feu-des-critiques-joe-biden-tente-de-rassurer-sur-la-strategie-americaine-devacuation\/","title":{"rendered":"Afghanistan : sous le feu des critiques, Joe Biden tente de rassurer sur la strat\u00e9gie am\u00e9ricaine d\u2019\u00e9vacuation"},"content":{"rendered":"\n<p>Le pr\u00e9sident am\u00e9ricain, mis en cause dans la gestion du retrait des troupes am\u00e9ricaines d\u2019Afghanistan, a assur\u00e9 ce vendredi que 18.000 personnes avaient \u00e9t\u00e9 \u00e9vacu\u00e9es depuis juillet. Tout en reconnaissant ne pas pouvoir garantir \u00ab\u00a0l\u2019issue finale\u00a0\u00bb de ces op\u00e9rations.<\/p>\n\n\n\n<p><em>Vous connaissez ma position depuis longtemps, il est temps de mettre fin \u00e0 cette guerre\u00a0\u00bb.&nbsp;<\/em>Les \u00c9tats-Unis ne feront aucun retour en arri\u00e8re, a affirm\u00e9 Joe Biden, dans une conf\u00e9rence de presse depuis la Maison Blanche ce vendredi 19 ao\u00fbt. Critiqu\u00e9 pour sa gestion de la crise afghane, en particulier des \u00e9vacuations de ressortissants am\u00e9ricains et d\u2019Afghans, le pr\u00e9sident am\u00e9ricain a cherch\u00e9 \u00e0 se d\u00e9fendre face aux accusations, pour la seconde fois en quelques jours.&nbsp;<\/p>\n\n\n\n<p>Seuls les \u00c9tats-Unis sont<em>\u00a0\u00ab\u00a0capables\u00a0\u00bb\u00a0<\/em>de mener une telle op\u00e9ration d\u2019\u00e9vacuation, parmi les\u00a0<em>\u00ab\u00a0plus difficiles de l&rsquo;histoire\u00a0\u00bb<\/em>, a-t-il affirm\u00e9. Le pr\u00e9sident am\u00e9ricain, entour\u00e9 notamment de sa vice-pr\u00e9sidente Kamala Harris et son chef de la diplomatie Antony Blinken, a tent\u00e9 de se montrer rassurant : les \u00c9tats-Unis ont d\u2019ores et d\u00e9j\u00e0 \u00e9vacu\u00e9 18.000 personnes d&rsquo;Afghanistan depuis le mois de juillet, dont 13.000 personnes depuis le 14 ao\u00fbt, a-t-il d\u00e9clar\u00e9.\u00a0<em>\u00ab\u00a0Des milliers d&rsquo;autres\u00a0\u00bb<\/em>\u00a0ont \u00e9galement pu \u00eatre \u00e9vacu\u00e9es par des vols charters priv\u00e9s facilit\u00e9s par le gouvernement am\u00e9ricain, a-t-il affirm\u00e9.\u00a0 Parmi les personnes \u00e9vacu\u00e9es figurent des citoyens am\u00e9ricains, des r\u00e9sidents permanents, des demandeurs de visa d&rsquo;immigration et des Afghans qui ont\u00a0<em>\u00ab\u00a0travaill\u00e9 \u00e0 nos c\u00f4t\u00e9s\u00a0\u00bb<\/em>, ainsi que des journalistes, selon le pr\u00e9sident.\u00a0<\/p>\n\n\n\n<h3 class=\"wp-block-heading\">Une gestion critiqu\u00e9e par le camp r\u00e9publicain<\/h3>\n\n\n\n<p>Joe Biden est pourtant sous le feu des critiques \u00e0 la suite d\u2019images d&rsquo;\u00e9vacuations chaotiques \u00e0 Kaboul, \u00e0 la suite de la chute de la capitale aux mains des talibans dimanche 15 ao\u00fbt. Des images repr\u00e9sentant des civils paniqu\u00e9s se pressant devant les grilles d&rsquo;entr\u00e9es ou tentant de s&rsquo;accrocher aux avions qui allaient d\u00e9coller ont choqu\u00e9 l&rsquo;opinion am\u00e9ricaine, pourtant largement favorable au retrait des troupes jusqu&rsquo;\u00e0 cette semaine, tandis que l&rsquo;administration Biden avait promis de son c\u00f4t\u00e9 des \u00e9vacuations fluides et organis\u00e9es.&nbsp;<\/p>\n\n\n\n<p>Ses adversaires r\u00e9publicains fustigent notamment la gestion du retrait pr\u00e9vu au 31 ao\u00fbt des troupes am\u00e9ricaines pr\u00e9sentes en Afghanistan, o\u00f9 elles combattent depuis vingt ans, &nbsp;qui a pr\u00e9cipit\u00e9 la chute du gouvernement afghan selon eux.&nbsp;<em>\u00ab\u00a0Abandonner des Am\u00e9ricains \u00e0 la mort est un manquement au devoir impardonnable, qui restera comme une infamie\u00a0\u00bb<\/em>, avait assur\u00e9 vendredi dans un communiqu\u00e9 l&rsquo;ex-pr\u00e9sident r\u00e9publicain Donald Trump, demandant une nouvelle fois la&nbsp;<em>\u00ab\u00a0d\u00e9mission\u00a0\u00bb<\/em>&nbsp;de son successeur, bien qu&rsquo;il ait lui-m\u00eame d\u00e9cid\u00e9 d&rsquo;acc\u00e9l\u00e9rer encore davantage le retrait des troupes.&nbsp;<\/p>\n\n\n\n<p>M\u00eame dans le camp d\u00e9mocrate, certains estiment que les cons\u00e9quences de ce retrait n\u2019avaient pas \u00e9t\u00e9 suffisamment anticip\u00e9es, face \u00e0 l&rsquo;effondrement du r\u00e9gime afghan en une dizaine de jours seulement.<\/p>\n\n\n\n<h3 class=\"wp-block-heading\">\u00ab\u00a0Tous les Am\u00e9ricains qui veulent rentrer chez eux, nous les ram\u00e8nerons chez eux\u00a0\u00bb<\/h3>\n\n\n\n<p><em>\u00ab\u00a0Soyons clairs : tous les Am\u00e9ricains qui veulent rentrer chez eux, nous les ram\u00e8nerons chez eux\u00a0\u00bb<\/em>, a martel\u00e9 Joe Biden en r\u00e9ponse, affirmant que les autorit\u00e9s am\u00e9ricaines se mobilisaient pour garantir l&rsquo;acc\u00e8s de leurs ressortissants \u00e0 l&rsquo;a\u00e9roport, avec 6000 soldats am\u00e9ricains mobilis\u00e9s aux alentours de la zone. &nbsp;Les \u00c9tats-Unis pr\u00e9voient d&rsquo;\u00e9vacuer en tout plus de 30.000 Am\u00e9ricains et civils afghans via leurs bases au Kowe\u00eft et au Qatar. \u00ab\u00a0<em>Nous sommes en contact avec les talibans pour faire \u00e9vacuer en s\u00e9curit\u00e9 nos ressortissants\u00a0\u00bb,<\/em>&nbsp;a-t-il \u00e9galement affirm\u00e9, d\u00e9clarant que les talibans avaient \u00e9t\u00e9 avertis que \u00ab\u00a0<em>toute attaque, quelle qu&rsquo;elle soit, contre nos forces ou toute perturbation de nos op\u00e9rations \u00e0 l&rsquo;a\u00e9roport sera r\u00e9prim\u00e9e avec force et rapidit\u00e9\u00a0\u00bb.&nbsp;<\/em><\/p>\n\n\n\n<p>Il a \u00e9galement indiqu\u00e9 que son gouvernement travaille \u00e0 l&rsquo;\u00e9vacuation de tous ses \u00ab\u00a0<em>alli\u00e9s afghans<\/em>\u00ab\u00a0, ayant aid\u00e9 les \u00c9tats-Unis dans leurs op\u00e9rations en Afghanistan pendant la guerre. Depuis la chute de Kaboul, de nombreux Afghans, notamment ceux ayant travaill\u00e9 pour les \u00c9tats-Unis et d\u00e9tenteurs d&rsquo;un visa d&rsquo;immigration sp\u00e9ciale (SIV) pour eux et leurs proches, s\u2019\u00e9taient vus refuser l\u2019acc\u00e8s \u00e0 l&rsquo;enceinte s\u00e9curis\u00e9e de l\u2019a\u00e9roport par les militaires am\u00e9ricains. &nbsp;<\/p>\n\n\n\n<h3 class=\"wp-block-heading\">Les alli\u00e9s des \u00c9tats-Unis \u00ab\u00a0ne remettent pas en question notre cr\u00e9dibilit\u00e9\u00a0\u00bb<\/h3>\n\n\n\n<p>Le pr\u00e9sident am\u00e9ricain a toutefois reconnu qu&rsquo;il ne pouvait pas garantir&nbsp;<em>\u00ab\u00a0l&rsquo;issue finale\u00a0\u00bb<\/em>&nbsp;des op\u00e9rations de pont a\u00e9rien \u00e0 Kaboul.&nbsp;<em>\u00ab\u00a0Ces op\u00e9rations d&rsquo;\u00e9vacuations repr\u00e9sentent des risques pour nos forces arm\u00e9es, il y aura peut-\u00eatre des pertes\u00a0\u00bb<\/em>, a-t-il ajout\u00e9. Avant de promettre :&nbsp;<em>\u00ab\u00a0Mais en tant que commandant en chef, je peux vous assurer que je mobiliserai tous les moyens possibles\u00a0\u00bb<\/em>.&nbsp;<\/p>\n\n\n\n<p>Pour autant, Joe Biden a assur\u00e9 b\u00e9n\u00e9ficier du soutien de la communaut\u00e9 internationale.&nbsp;<em>\u00ab\u00a0Je n&rsquo;ai vu aucun questionnement de la part de nos alli\u00e9s\u00a0\u00bb<\/em>, a-t-il lanc\u00e9, affirmant qu\u2019ils&nbsp;<em>\u00ab\u00a0ne remettent pas en question notre cr\u00e9dibilit\u00e9\u00a0\u00bb<\/em>.&nbsp;<em>\u00ab\u00a0On parle de l&rsquo;Am\u00e9rique qui dirige le monde, et tous nos alli\u00e9s sont d&rsquo;accord avec \u00e7a\u00a0\u00bb<\/em>, a-t-il fait valoir. Le pr\u00e9sident am\u00e9ricain a affirm\u00e9 que les alli\u00e9s de l&rsquo;OTAN&nbsp;<em>\u00ab\u00a0\u00e9taient d&rsquo;accord\u00a0\u00bb<\/em>&nbsp;avec la d\u00e9cision de retrait des troupes am\u00e9ricaines :&nbsp;<em>\u00ab\u00a0Nous agissons ensemble et nous faisons ce que nous avons promis\u00a0\u00bb<\/em>, a-t-il d\u00e9fendu, d\u00e9clarant que la mission d&rsquo;<em>\u00ab\u00a0en finir avec Al-Qaida et Ben Laden\u00a0\u00bb<\/em>&nbsp;avait \u00e9t\u00e9 r\u00e9ussie.&nbsp;<\/p>\n\n\n\n<p>Il a par ailleurs annonc\u00e9 qu&rsquo;une r\u00e9union du G7 se tiendrait la semaine prochaine au sujet de la crise afghane, en indiquant que le rendez-vous avait \u00e9t\u00e9 pris apr\u00e8s des entretiens avec le Premier ministre britannique Boris Johnson, la chanceli\u00e8re allemande Angela Merkel et le pr\u00e9sident fran\u00e7ais Emmanuel Macron.<\/p>\n\n\n\n<p><\/p>\n\n\n\n<p><\/p>\n","protected":false},"excerpt":{"rendered":"<p>Le pr\u00e9sident am\u00e9ricain, mis en cause dans la gestion du retrait des troupes am\u00e9ricaines d\u2019Afghanistan, a assur\u00e9 ce vendredi que 18.000 personnes avaient \u00e9t\u00e9 \u00e9vacu\u00e9es depuis juillet. Tout en reconnaissant ne pas pouvoir garantir \u00ab\u00a0l\u2019issue finale\u00a0\u00bb de ces op\u00e9rations. Vous connaissez ma position depuis longtemps, il est temps de mettre fin \u00e0 cette guerre\u00a0\u00bb.&nbsp;Les \u00c9tats-Unis [&hellip;]<\/p>\n","protected":false},"author":2,"featured_media":18885,"comment_status":"open","ping_status":"open","sticky":false,"template":"","format":"standard","meta":{"_jetpack_memberships_contains_paid_content":false,"footnotes":"","jetpack_publicize_message":"","jetpack_publicize_feature_enabled":true,"jetpack_social_post_already_shared":true,"jetpack_social_options":{"image_generator_settings":{"template":"highway","default_image_id":0,"font":"","enabled":false},"version":2},"_wpas_customize_per_network":false},"categories":[405],"tags":[2935],"class_list":["post-18884","post","type-post","status-publish","format-standard","has-post-thumbnail","hentry","category-actu-france-monde","tag-sous-le-feu-des-critiques"],"jetpack_publicize_connections":[],"jetpack_featured_media_url":"https:\/\/i0.wp.com\/www.iceagetv.com\/radiosite\/wp-content\/uploads\/2021\/08\/sous-le-feu-des-critiques-Joe-Biden-tente-de-rassurer-sur-la-strat%C3%A9gie-am%C3%A9ricaine-d%E2%80%99%C3%A9vacuation.jpeg?fit=1024%2C576&ssl=1","jetpack_sharing_enabled":true,"_links":{"self":[{"href":"https:\/\/www.iceagetv.com\/radiosite\/wp-json\/wp\/v2\/posts\/18884","targetHints":{"allow":["GET"]}}],"collection":[{"href":"https:\/\/www.iceagetv.com\/radiosite\/wp-json\/wp\/v2\/posts"}],"about":[{"href":"https:\/\/www.iceagetv.com\/radiosite\/wp-json\/wp\/v2\/types\/post"}],"author":[{"embeddable":true,"href":"https:\/\/www.iceagetv.com\/radiosite\/wp-json\/wp\/v2\/users\/2"}],"replies":[{"embeddable":true,"href":"https:\/\/www.iceagetv.com\/radiosite\/wp-json\/wp\/v2\/comments?post=18884"}],"version-history":[{"count":1,"href":"https:\/\/www.iceagetv.com\/radiosite\/wp-json\/wp\/v2\/posts\/18884\/revisions"}],"predecessor-version":[{"id":18886,"href":"https:\/\/www.iceagetv.com\/radiosite\/wp-json\/wp\/v2\/posts\/18884\/revisions\/18886"}],"wp:featuredmedia":[{"embeddable":true,"href":"https:\/\/www.iceagetv.com\/radiosite\/wp-json\/wp\/v2\/media\/18885"}],"wp:attachment":[{"href":"https:\/\/www.iceagetv.com\/radiosite\/wp-json\/wp\/v2\/media?parent=18884"}],"wp:term":[{"taxonomy":"category","embeddable":true,"href":"https:\/\/www.iceagetv.com\/radiosite\/wp-json\/wp\/v2\/categories?post=18884"},{"taxonomy":"post_tag","embeddable":true,"href":"https:\/\/www.iceagetv.com\/radiosite\/wp-json\/wp\/v2\/tags?post=18884"}],"curies":[{"name":"wp","href":"https:\/\/api.w.org\/{rel}","templated":true}]}}