{"id":18890,"date":"2021-08-22T07:26:09","date_gmt":"2021-08-22T07:26:09","guid":{"rendered":"http:\/\/www.iceagetv.com\/radiosite\/?p=18890"},"modified":"2021-08-22T07:26:09","modified_gmt":"2021-08-22T07:26:09","slug":"la-chanteuse-franco-americaine-josephine-baker-entrera-au-pantheon-le-30-novembre","status":"publish","type":"post","link":"https:\/\/www.iceagetv.com\/radiosite\/la-chanteuse-franco-americaine-josephine-baker-entrera-au-pantheon-le-30-novembre\/","title":{"rendered":"La chanteuse franco-am\u00e9ricaine Jos\u00e9phine Baker entrera au Panth\u00e9on le 30 novembre"},"content":{"rendered":"\n<p>La c\u00e9l\u00e8bre chanteuse, danseuse et meneuse de revue franco-am\u00e9ricaine, Jos\u00e9phine Baker, va entrer au Panth\u00e9on. Le pr\u00e9sident de la R\u00e9publique, Emmanuel Macron, a d\u00e9cid\u00e9 de panth\u00e9oniser cette artiste, militante de la libert\u00e9 et de l&rsquo;\u00e9galit\u00e9, a appris, samedi 21 ao\u00fbt, franceinfo, confirmant une information du Parisien. Jos\u00e9phine Baker deviendra ainsi la premi\u00e8re femme noire \u00e0 reposer dans ce temple r\u00e9publicain, install\u00e9 dans le 5\u00e8me arrondissement de Paris.<\/p>\n\n\n\n<p>L&rsquo;artiste franco-am\u00e9ricaine Jos\u00e9phine Baker (1906-1975), figure \u00e9minente de la R\u00e9sistance et de la lutte antiraciste, sera panth\u00e9onis\u00e9e le 30 novembre, selon une information de l&rsquo;\u00e9dition dominicale du Parisien citant le pr\u00e9sident Emmanuel Macron.<\/p>\n\n\n\n<p>Premi\u00e8re star internationale noire<br>\nLe dossier en faveur de l&rsquo;interpr\u00e8te de la c\u00e9l\u00e8bre chanson \u00ab\u00a0J&rsquo;ai deux amours\u00a0\u00bb avait \u00e9t\u00e9 examin\u00e9 une premi\u00e8re fois fin juin par l&rsquo;Elys\u00e9e, selon Le Parisien. Une p\u00e9tition en faveur de la panth\u00e9onisation de l&rsquo;artiste, lanc\u00e9e il y a deux ans par Laurent Kupferman, avait rassembl\u00e9 38 000 signatures. \u00ab\u00a0Artiste, premi\u00e8re star internationale noire, muse des cubistes, r\u00e9sistante pendant la Seconde Guerre mondiale dans l&rsquo;Arm\u00e9e fran\u00e7aise, active aux c\u00f4t\u00e9s de Martin Luther King pour les droits civiques aux Etats-Unis d&rsquo;Am\u00e9rique et en France aux c\u00f4t\u00e9s de la Lica (\u2026) nous pensons que Jos\u00e9phine Baker, 1906-1975, a sa place au Panth\u00e9on\u00a0\u00bb, fait valoir le texte.<\/p>\n\n\n\n<p>Parmi les 80 \u00ab\u00a0panth\u00e9onis\u00e9s\u00a0\u00bb figurent des politiques, des \u00e9crivains, des scientifiques, quelques religieux et beaucoup de militaires. Seules cinq femmes y sont actuellement inhum\u00e9es, dont Simone Veil, la derni\u00e8re personnalit\u00e9 \u00e0 l&rsquo;avoir \u00e9t\u00e9, en 2018.<\/p>\n","protected":false},"excerpt":{"rendered":"<p>La c\u00e9l\u00e8bre chanteuse, danseuse et meneuse de revue franco-am\u00e9ricaine, Jos\u00e9phine Baker, va entrer au Panth\u00e9on. Le pr\u00e9sident de la R\u00e9publique, Emmanuel Macron, a d\u00e9cid\u00e9 de panth\u00e9oniser cette artiste, militante de la libert\u00e9 et de l&rsquo;\u00e9galit\u00e9, a appris, samedi 21 ao\u00fbt, franceinfo, confirmant une information du Parisien. Jos\u00e9phine Baker deviendra ainsi la premi\u00e8re femme noire \u00e0 [&hellip;]<\/p>\n","protected":false},"author":2,"featured_media":18891,"comment_status":"open","ping_status":"open","sticky":false,"template":"","format":"standard","meta":{"_jetpack_memberships_contains_paid_content":false,"footnotes":"","jetpack_publicize_message":"","jetpack_publicize_feature_enabled":true,"jetpack_social_post_already_shared":true,"jetpack_social_options":{"image_generator_settings":{"template":"highway","default_image_id":0,"font":"","enabled":false},"version":2},"_wpas_customize_per_network":false},"categories":[405],"tags":[],"class_list":["post-18890","post","type-post","status-publish","format-standard","has-post-thumbnail","hentry","category-actu-france-monde"],"jetpack_publicize_connections":[],"jetpack_featured_media_url":"https:\/\/i0.wp.com\/www.iceagetv.com\/radiosite\/wp-content\/uploads\/2021\/08\/La-chanteuse-franco-am%C3%A9ricaine-Jos%C3%A9phine-Baker-entrera-au-Panth%C3%A9on-le-30-novembre.png?fit=853%2C450&ssl=1","jetpack_sharing_enabled":true,"_links":{"self":[{"href":"https:\/\/www.iceagetv.com\/radiosite\/wp-json\/wp\/v2\/posts\/18890","targetHints":{"allow":["GET"]}}],"collection":[{"href":"https:\/\/www.iceagetv.com\/radiosite\/wp-json\/wp\/v2\/posts"}],"about":[{"href":"https:\/\/www.iceagetv.com\/radiosite\/wp-json\/wp\/v2\/types\/post"}],"author":[{"embeddable":true,"href":"https:\/\/www.iceagetv.com\/radiosite\/wp-json\/wp\/v2\/users\/2"}],"replies":[{"embeddable":true,"href":"https:\/\/www.iceagetv.com\/radiosite\/wp-json\/wp\/v2\/comments?post=18890"}],"version-history":[{"count":1,"href":"https:\/\/www.iceagetv.com\/radiosite\/wp-json\/wp\/v2\/posts\/18890\/revisions"}],"predecessor-version":[{"id":18892,"href":"https:\/\/www.iceagetv.com\/radiosite\/wp-json\/wp\/v2\/posts\/18890\/revisions\/18892"}],"wp:featuredmedia":[{"embeddable":true,"href":"https:\/\/www.iceagetv.com\/radiosite\/wp-json\/wp\/v2\/media\/18891"}],"wp:attachment":[{"href":"https:\/\/www.iceagetv.com\/radiosite\/wp-json\/wp\/v2\/media?parent=18890"}],"wp:term":[{"taxonomy":"category","embeddable":true,"href":"https:\/\/www.iceagetv.com\/radiosite\/wp-json\/wp\/v2\/categories?post=18890"},{"taxonomy":"post_tag","embeddable":true,"href":"https:\/\/www.iceagetv.com\/radiosite\/wp-json\/wp\/v2\/tags?post=18890"}],"curies":[{"name":"wp","href":"https:\/\/api.w.org\/{rel}","templated":true}]}}