{"id":18898,"date":"2021-08-23T16:27:20","date_gmt":"2021-08-23T16:27:20","guid":{"rendered":"http:\/\/www.iceagetv.com\/radiosite\/?p=18898"},"modified":"2021-08-23T16:27:20","modified_gmt":"2021-08-23T16:27:20","slug":"coronavirus-la-justice-espagnole-rejette-la-demande-du-gouvernement-regional-catalan-de-retablir-un-couvre-feu-a-barcelone-et-dans-plusieurs-dizaines-dautres-villes-de-catalogne","status":"publish","type":"post","link":"https:\/\/www.iceagetv.com\/radiosite\/coronavirus-la-justice-espagnole-rejette-la-demande-du-gouvernement-regional-catalan-de-retablir-un-couvre-feu-a-barcelone-et-dans-plusieurs-dizaines-dautres-villes-de-catalogne\/","title":{"rendered":"Coronavirus: La justice espagnole rejette la demande du gouvernement r\u00e9gional catalan de r\u00e9tablir un couvre-feu \u00e0 Barcelone et dans plusieurs dizaines d&rsquo;autres villes de Catalogne"},"content":{"rendered":"\n<p>La justice espagnole a rejet\u00e9 lundi la demande du gouvernement r\u00e9gional catalan de r\u00e9tablir un couvre-feu \u00e0 Barcelone et dans plusieurs dizaines d&rsquo;autres villes de Catalogne (nord-est de l&rsquo;Espagne), jugeant la mesure \u00ab\u00a0encore plus inutile et disproportionn\u00e9e\u00a0\u00bb face \u00e0 l&rsquo;am\u00e9lioration de la situation \u00e9pid\u00e9miologique.<\/p>\n\n\n\n<p>Cette d\u00e9cision du Tribunal sup\u00e9rieur de Justice de Catalogne (TSJC) confirme celle qu&rsquo;il avait prise jeudi, lorsqu&rsquo;il avait autoris\u00e9 le maintien du couvre-feu entre 01h00 et 06h00 dans seulement 19 des 148 municipalit\u00e9s figurant sur la liste soumise par l&rsquo;ex\u00e9cutif catalan.<em>close<\/em><em>volume_off<\/em><\/p>\n\n\n\n<p>Selon les derniers chiffres de l&rsquo;autorit\u00e9 catalane de sant\u00e9, l&rsquo;incidence cumul\u00e9e sur sept jours \u00e0 Barcelone est tomb\u00e9e \u00e0 98,66 cas pour 100 000 habitants, ce qui est m\u00eame inf\u00e9rieur au seuil fix\u00e9 par les autorit\u00e9s pour demander le retour du couvre-feu dans les villes les plus peupl\u00e9es (125 cas pour 100 000 habitants).<\/p>\n\n\n\n<p>Avec un taux d&rsquo;incidence cumul\u00e9 de 302 cas pour 100 00 habitants sur les 14 derniers jours &#8211; le crit\u00e8re de mesure nationale -, la Catalogne est m\u00eame d\u00e9sormais en-dessous de la moyenne espagnole (345 selon les chiffres publi\u00e9s vendredi dernier par le minist\u00e8re de la Sant\u00e9).<\/p>\n","protected":false},"excerpt":{"rendered":"<p>La justice espagnole a rejet\u00e9 lundi la demande du gouvernement r\u00e9gional catalan de r\u00e9tablir un couvre-feu \u00e0 Barcelone et dans plusieurs dizaines d&rsquo;autres villes de Catalogne (nord-est de l&rsquo;Espagne), jugeant la mesure \u00ab\u00a0encore plus inutile et disproportionn\u00e9e\u00a0\u00bb face \u00e0 l&rsquo;am\u00e9lioration de la situation \u00e9pid\u00e9miologique. Cette d\u00e9cision du Tribunal sup\u00e9rieur de Justice de Catalogne (TSJC) confirme [&hellip;]<\/p>\n","protected":false},"author":2,"featured_media":18899,"comment_status":"open","ping_status":"open","sticky":false,"template":"","format":"standard","meta":{"_jetpack_memberships_contains_paid_content":false,"footnotes":"","jetpack_publicize_message":"","jetpack_publicize_feature_enabled":true,"jetpack_social_post_already_shared":true,"jetpack_social_options":{"image_generator_settings":{"template":"highway","default_image_id":0,"font":"","enabled":false},"version":2},"_wpas_customize_per_network":false},"categories":[405],"tags":[],"class_list":["post-18898","post","type-post","status-publish","format-standard","has-post-thumbnail","hentry","category-actu-france-monde"],"jetpack_publicize_connections":[],"jetpack_featured_media_url":"https:\/\/i0.wp.com\/www.iceagetv.com\/radiosite\/wp-content\/uploads\/2021\/08\/La-justice-espagnole-rejette-la-demande-du-gouvernement-r%C3%A9gional-catalan.png?fit=609%2C246&ssl=1","jetpack_sharing_enabled":true,"_links":{"self":[{"href":"https:\/\/www.iceagetv.com\/radiosite\/wp-json\/wp\/v2\/posts\/18898","targetHints":{"allow":["GET"]}}],"collection":[{"href":"https:\/\/www.iceagetv.com\/radiosite\/wp-json\/wp\/v2\/posts"}],"about":[{"href":"https:\/\/www.iceagetv.com\/radiosite\/wp-json\/wp\/v2\/types\/post"}],"author":[{"embeddable":true,"href":"https:\/\/www.iceagetv.com\/radiosite\/wp-json\/wp\/v2\/users\/2"}],"replies":[{"embeddable":true,"href":"https:\/\/www.iceagetv.com\/radiosite\/wp-json\/wp\/v2\/comments?post=18898"}],"version-history":[{"count":1,"href":"https:\/\/www.iceagetv.com\/radiosite\/wp-json\/wp\/v2\/posts\/18898\/revisions"}],"predecessor-version":[{"id":18900,"href":"https:\/\/www.iceagetv.com\/radiosite\/wp-json\/wp\/v2\/posts\/18898\/revisions\/18900"}],"wp:featuredmedia":[{"embeddable":true,"href":"https:\/\/www.iceagetv.com\/radiosite\/wp-json\/wp\/v2\/media\/18899"}],"wp:attachment":[{"href":"https:\/\/www.iceagetv.com\/radiosite\/wp-json\/wp\/v2\/media?parent=18898"}],"wp:term":[{"taxonomy":"category","embeddable":true,"href":"https:\/\/www.iceagetv.com\/radiosite\/wp-json\/wp\/v2\/categories?post=18898"},{"taxonomy":"post_tag","embeddable":true,"href":"https:\/\/www.iceagetv.com\/radiosite\/wp-json\/wp\/v2\/tags?post=18898"}],"curies":[{"name":"wp","href":"https:\/\/api.w.org\/{rel}","templated":true}]}}