{"id":18901,"date":"2021-08-23T16:29:03","date_gmt":"2021-08-23T16:29:03","guid":{"rendered":"http:\/\/www.iceagetv.com\/radiosite\/?p=18901"},"modified":"2021-08-23T16:29:03","modified_gmt":"2021-08-23T16:29:03","slug":"covid-19-pourquoi-le-protocole-sanitaire-pour-la-rentree-scolaire-est-critique-par-plusieurs-syndicats-denseignants","status":"publish","type":"post","link":"https:\/\/www.iceagetv.com\/radiosite\/covid-19-pourquoi-le-protocole-sanitaire-pour-la-rentree-scolaire-est-critique-par-plusieurs-syndicats-denseignants\/","title":{"rendered":"Covid-19 : pourquoi le protocole sanitaire pour la rentr\u00e9e scolaire est critiqu\u00e9 par plusieurs syndicats d&rsquo;enseignants"},"content":{"rendered":"\n<p> Jug\u00e9es trop g\u00e9n\u00e9rales, floues, voire risqu\u00e9es pour les plus jeunes, les\u00a0r\u00e8gles pr\u00e9sent\u00e9es par le ministre de l&rsquo;Education nationale, Jean-Michel Blanquer, sont loin de faire l&rsquo;unanimit\u00e9 <\/p>\n\n\n\n<p>Peut mieux faire. C&rsquo;est en&nbsp;r\u00e9sum\u00e9 l&rsquo;appr\u00e9ciation des syndicats enseignants, qui ont r\u00e9agi \u00e0 la d\u00e9cision du ministre de l&rsquo;Education nationale, Jean-Michel Blanquer,&nbsp;<a href=\"https:\/\/www.francetvinfo.fr\/sante\/maladie\/coronavirus\/masque-vaccination-presentiel-ce-que-l-on-sait-du-protocole-sanitaire-qui-va-s-appliquer-dans-les-ecoles-a-la-rentree_4745069.html\">de faire appliquer le niveau 2 (sur 4) du protocole sanitaire<\/a>&nbsp;dans la quasi-totalit\u00e9 des \u00e9tablissements scolaires, d\u00e8s le 2 septembre. Champ d&rsquo;application, seuils d&rsquo;alerte, sorties scolaires&#8230; A dix jours de la rentr\u00e9e scolaire, franceinfo vous r\u00e9sume les principaux&nbsp;points de friction.<\/p>\n\n\n\n<h2 class=\"wp-block-heading\">Un m\u00eame protocole malgr\u00e9 des situations sanitaires vari\u00e9es<\/h2>\n\n\n\n<p>Hormis en outre-mer, et notamment&nbsp;<a href=\"https:\/\/la1ere.francetvinfo.fr\/guadeloupe\/quelle-rentree-attend-la-communaute-scolaire-en-septembre-1083829.html\">en Guadeloupe<\/a>,&nbsp;<a href=\"https:\/\/la1ere.francetvinfo.fr\/martinique\/allons-nous-vers-le-report-de-la-rentree-2021-2022-en-martinique-1084540.html\">en Martinique<\/a>&nbsp;et&nbsp;<a href=\"https:\/\/la1ere.francetvinfo.fr\/guyane\/ouest-guyanais\/guyane\/education-affectations-scolaires-en-guyane-des-parents-plus-mobilises-que-jamais-1080805.html\">en Guyane<\/a>,&nbsp;o\u00f9 des&nbsp;<em>\u00ab\u00a0mesures sp\u00e9cifiques\u00a0\u00bb<\/em>&nbsp;seront prises dans les prochains jours,&nbsp;les r\u00e8gles seront donc les m\u00eames \u00e0 la rentr\u00e9e dans&nbsp;l&rsquo;ensemble de l&rsquo;Hexagone ainsi qu&rsquo;en&nbsp;Corse. Un r\u00e9gime commun qui interpelle dans le monde enseignant, alors que&nbsp;<a href=\"https:\/\/www.francetvinfo.fr\/sante\/maladie\/coronavirus\/infographies-voici-a-quoi-ressemble-la-quatrieme-vague-de-covid-19-en-france-plus-rapide-et-plus-imprevisible_4725197.html\">la quatri\u00e8me vague \u00e9pid\u00e9mique<\/a>&nbsp;du Covid-19&nbsp;<a href=\"https:\/\/www.francetvinfo.fr\/sante\/maladie\/coronavirus\/infographies-covid-19-morts-hospitalisations-age-malades-l-evolution-de-l-epidemie-en-france-et-dans-le-monde-en-cartes-et-graphiques.html\">frappe certaines r\u00e9gions plus que d&rsquo;autres<\/a>.&nbsp;<\/p>\n\n\n\n<p>\u00ab\u00a0<em>Niveau 2 pour toute la m\u00e9tropole alors que les taux d&rsquo;incidence vont de 56 en Creuse \u00e0 680 dans les Bouches-du-Rh\u00f4ne<\/em>\u00ab\u00a0, remarquait&nbsp;ainsi une directrice d&rsquo;\u00e9cole primaire en Occitanie, interrog\u00e9e ce dimanche par<em>&nbsp;<a href=\"https:\/\/www.leparisien.fr\/societe\/rentree-scolaire-sous-covid-pass-sanitaire-protocole-toutes-les-reponses-a-vos-questions-22-08-2021-ZJJAGFZHCBEDVNPT7B57HQDAYI.php?xtor=AD-366\" target=\"_blank\" rel=\"noreferrer noopener\">Le Parisien<\/a>&nbsp;(article payant)<\/em>.<\/p>\n\n\n\n<p>Pour certains syndicats, les consignes sanitaires devraient pouvoir \u00eatre durcies dans les zones les plus touch\u00e9es.<em>&nbsp;\u00ab\u00a0<\/em><em>Le protocole niveau 2 dit &lsquo;pas de masque en ext\u00e9rieur&rsquo;, notamment dans les cours de r\u00e9cr\u00e9ation<\/em>,&nbsp;<a href=\"https:\/\/www.francetvinfo.fr\/societe\/education\/protocole-sanitaire-a-lecole-il-y-a-beaucoup-d-imprecisions-qui-ne-sont-pas-de-nature-a-rassurer-la-profession-denonce-le-snuipp-fsu_4745337.html\">a point\u00e9 sur franceinfo<\/a>&nbsp;Guislaine David, co-secr\u00e9taire g\u00e9n\u00e9rale du&nbsp;SNUipp-FSU, syndicat majoritaire des professeurs des \u00e9coles.&nbsp;<em>Est-ce que tout \u00e7a, c&rsquo;est bien raisonnable alors qu&rsquo;on a une circulation du virus dans certains d\u00e9partements qui est tr\u00e8s \u00e9lev\u00e9e ?\u00a0\u00bb<\/em><\/p>\n\n\n\n<p>D&rsquo;autant que les conditions de passage entre les diff\u00e9rents \u00e9chelons du protocole sanitaire n&rsquo;ont pas \u00e9t\u00e9 pr\u00e9cis\u00e9es par le ministre de l&rsquo;Education.&nbsp;<em>\u00ab\u00a0J<\/em><em>e regrette qu&rsquo;il n&rsquo;y ait pas de seuil permettant de dire \u00e0 quel taux d&rsquo;incidence correspond le niveau 2 et \u00e0 quel moment on passerait au niveau 3&Prime;<\/em>, a pour sa part r\u00e9agi&nbsp;Sophie V\u00e9n\u00e9titay, du Snes-FSU, dans&nbsp;<a href=\"https:\/\/www.leparisien.fr\/societe\/rentree-scolaire-sous-covid-pass-sanitaire-protocole-toutes-les-reponses-a-vos-questions-22-08-2021-ZJJAGFZHCBEDVNPT7B57HQDAYI.php?ts=1629698569769\"><em>Le&nbsp;Parisien<\/em><\/a>.<\/p>\n\n\n\n<h2 class=\"wp-block-heading\">Une absence de mesures particuli\u00e8res pour les&nbsp;plus jeunes<\/h2>\n\n\n\n<p>L&rsquo;inqui\u00e9tude&nbsp;porte notamment sur les&nbsp;\u00e9l\u00e8ves de maternelle et de primaire, \u00e2g\u00e9s de moins de 12 ans. Ces enfants ne sont pour le moment pas concern\u00e9s par la campagne de vaccination contre le Covid-19. Ces \u00e9l\u00e8ves sont pourtant loin d&rsquo;\u00eatre pr\u00e9serv\u00e9s du virus, comme l&rsquo;a rappel\u00e9 sur franceinfo Guislaine David,&nbsp;du&nbsp;SNUipp-FSU :&nbsp;<em>\u00ab\u00a0Le variant Delta circule beaucoup, la contamination est importante et le taux d&rsquo;incidence aupr\u00e8s des moins de 10 ans est tr\u00e8s important.\u00a0\u00bb<\/em><\/p>\n\n\n\n<p>Face \u00e0 cette situation, la&nbsp;responsable syndicale&nbsp;s&rsquo;\u00e9tonne du&nbsp;nouveau protocole du gouvernement, qu&rsquo;elle juge&nbsp;<em>\u00ab\u00a0plus all\u00e9g\u00e9 que lorsqu&rsquo;on a quitt\u00e9 l&rsquo;\u00e9cole au mois de juillet\u00a0\u00bb<\/em>, notamment parce que des rotations \u00e9taient alors effectu\u00e9es pour \u00e9viter le brassage des \u00e9l\u00e8ves, \u00e0 la cantine par exemple.&nbsp;<em>\u00ab\u00a0<\/em><em>C&rsquo;est le moment o\u00f9 les enfants vont le plus se contaminer parce qu&rsquo;effectivement, ils n&rsquo;auront pas de masque. Cette mesure-l\u00e0, elle n&rsquo;existe pas dans le niveau 2 du protocole\u00a0\u00bb<\/em>, d\u00e9plore-t-elle.<\/p>\n\n\n\n<p>Une r\u00e8gle restera n\u00e9anmoins aussi stricte que l&rsquo;ann\u00e9e derni\u00e8re, y compris en maternelle et en primaire : une classe&nbsp;devra obligatoirement&nbsp;\u00eatre ferm\u00e9e&nbsp;<a href=\"https:\/\/www.francetvinfo.fr\/societe\/education\/video-covid-19-en-cas-de-contamination-dans-le-secondaire-les-non-vaccines-seront-evinces-annonce-jean-michel-blanquer_4718823.html\">d\u00e8s le premier cas de Covid-19 identifi\u00e9<\/a>, avec une bascule imm\u00e9diate des apprentissages en distanciel.<\/p>\n\n\n\n<h2 class=\"wp-block-heading\">Des sorties scolaires dans le flou<\/h2>\n\n\n\n<p><em>\u00ab\u00a0Comment vont s&rsquo;organiser les<\/em><em>&nbsp;sorties scolaires dans les mus\u00e9es et les th\u00e9\u00e2tres ?\u00a0\u00bb<\/em>&nbsp;<a href=\"https:\/\/twitter.com\/SNESFSU\/status\/1429371831040069632\">a demand\u00e9 sur Twitter<\/a>&nbsp;le Snes-FSU. Les principaux syndicats de l&rsquo;enseignement se posent la question, et pointent plusieurs situations probl\u00e9matiques.&nbsp;<em>\u00ab\u00a0<\/em><em>Quand on va aller effectivement \u00e0 la m\u00e9diath\u00e8que, au mus\u00e9e, on va rencontrer d&rsquo;autres populations que la population scolaire, parce qu&rsquo;on n&rsquo;est pas forc\u00e9ment sur des cr\u00e9neaux r\u00e9serv\u00e9s aux \u00e9coles,<\/em>&nbsp;a r\u00e9sum\u00e9 sur franceinfo&nbsp;Guislaine David,&nbsp;<em>donc comment on doit pouvoir s&rsquo;y prendre&nbsp;?\u00a0\u00bb<\/em><\/p>\n\n\n\n<p>Si&nbsp;les enfants non-vaccin\u00e9s pourront bien participer aux sorties scolaires,&nbsp;comme l&rsquo;a assur\u00e9 Jean-Michel Blanquer, ces derniers devront faire un test d\u00e8s lors qu&rsquo;ils seront m\u00e9lang\u00e9s \u00e0&nbsp;d&rsquo;autres personnes, et dans tout&nbsp;lieu o\u00f9 le pass sanitaire est r\u00e9clam\u00e9. Probl\u00e8me : \u00e0 moins de disposer d&rsquo;une prescription m\u00e9dicale, les tests de d\u00e9pistage du Covid-19&nbsp;<a href=\"https:\/\/www.francetvinfo.fr\/sante\/maladie\/coronavirus\/pass-sanitaire\/covid-19-pourquoi-la-fin-de-la-gratuite-des-tests-divise-les-specialistes_4735399.html\">deviendront payants \u00e0 la mi-octobre<\/a>, ce qui s&rsquo;oppose au principe de gratuit\u00e9 des sorties r\u00e9guli\u00e8res. Comme pour d&rsquo;autres mesures, le ministre de l&rsquo;Education nationale a d\u00e9clar\u00e9 que des pr\u00e9cisions seront donn\u00e9es&nbsp;<em>\u00ab\u00a0dans les prochains jours\u00a0\u00bb<\/em>.<\/p>\n\n\n\n<h2 class=\"wp-block-heading\">Des enseignants et des maires mis \u00e0 contribution<\/h2>\n\n\n\n<p>D&rsquo;autres points de friction alimentent le d\u00e9bat entre le minist\u00e8re et les syndicats, comme l&rsquo;installation de purificateurs d&rsquo;air, dans les cantines notamment, ou celle de capteurs de CO2 dans les \u00e9tablissements, pour mieux surveiller le renouvellement de l&rsquo;air.&nbsp;Jean-Michel Blanquer dit vouloir&nbsp;<em>\u00ab\u00a0g\u00e9n\u00e9raliser\u00a0\u00bb<\/em>&nbsp;ces&nbsp;derniers&nbsp;<em>\u00ab\u00a0en partenariat avec les collectivit\u00e9s locales\u00a0\u00bb,&nbsp;<\/em>mais il n&rsquo;a pas encore pr\u00e9cis\u00e9 si tous les \u00e9tablissements scolaires seraient concern\u00e9s, ou simplement ceux du primaire, et si des fonds seraient d\u00e9bloqu\u00e9s pour \u00e9pauler les communes.<\/p>\n\n\n\n<p><em>\u00ab\u00a0Les communes ne sont pas en capacit\u00e9 de financer ces appareillages pour l&rsquo;ensemble de leurs classes. L&rsquo;Etat doit nous accompagner. Nous avons d\u00e9j\u00e0 fait cette demande en mars, sans succ\u00e8s\u00a0\u00bb<\/em>, estime dans&nbsp;<em><a href=\"https:\/\/www.lemonde.fr\/societe\/article\/2021\/08\/23\/rentree-scolaire-jean-michel-blanquer-donne-les-derniers-ajustements-du-protocole-sanitaire_6092084_3224.html\" target=\"_blank\" rel=\"noreferrer noopener\">Le Monde<\/a>&nbsp;(article payant)<\/em>&nbsp;Delphine Labails, maire socialiste de P\u00e9rigueux (Dordogne) et responsable des questions scolaires \u00e0 l&rsquo;Association des maires de France.<\/p>\n\n\n\n<p>Les tests de d\u00e9pistage sont aussi un point d&rsquo;achoppement. Jean-Michel Blanquer souhaite que 600 000 tests par semaine soient effectu\u00e9s \u00e0 partir de la rentr\u00e9e. Mais ces auto-tests et ces tests salivaires n&rsquo;ont pas rencontr\u00e9 un franc succ\u00e8s au cours de la derni\u00e8re ann\u00e9e scolaire.&nbsp;<em>\u00ab\u00a0Il faut \u00eatre raisonnable sur les volumes<\/em>,&nbsp;juge dans&nbsp;<em>Le Monde<\/em>&nbsp;Bruno Bobkiewicz, secr\u00e9taire national du SNPDEN-Unsa et proviseur \u00e0 Vincennes (Val-de-Marne).&nbsp;<em>J&rsquo;ai des tests de l&rsquo;ann\u00e9e derni\u00e8re plein mes armoires.\u00a0\u00bb<\/em><\/p>\n\n\n\n<p>Les syndicats d\u00e9plorent enfin les m\u00e9thodes\u00a0de communication de Jean-Michel Blanquer, qui a annonc\u00e9 ces mesures dans\u00a0<em>Le<\/em>\u00a0<em>Journal du dimanche<\/em>\u00a0avant d&rsquo;en aviser enseignants et organisations.\u00a0<em>\u00ab\u00a0On remarque que ces informations nous arrivent une fois de plus par la presse puisqu&rsquo;on a appris les d\u00e9tails du protocole sanitaire\u00a0<\/em>[samedi]<em>\u00a0soir \u00e0 23h45 dans un article de journal\u00a0\u00bb<\/em>,\u00a0a regrett\u00e9 sur franceinfo\u00a0Sophie V\u00e9n\u00e9titay, du Snes-FSU. <em>Il\u00a0y a beaucoup d&rsquo;impr\u00e9cisions, qui ne sont pas de nature \u00e0 rassurer la profession\u00a0\u00bb<\/em>, a\u00a0tranch\u00e9\u00a0Guislaine David.\u00a0Pour discuter de cette rentr\u00e9e 2021 encore plac\u00e9e sous le signe du Covid-19, les syndicats seront finalement re\u00e7us, mercredi 25 ao\u00fbt, au minist\u00e8re de l&rsquo;Education nationale. <\/p>\n\n\n\n<p><\/p>\n","protected":false},"excerpt":{"rendered":"<p>Jug\u00e9es trop g\u00e9n\u00e9rales, floues, voire risqu\u00e9es pour les plus jeunes, les\u00a0r\u00e8gles pr\u00e9sent\u00e9es par le ministre de l&rsquo;Education nationale, Jean-Michel Blanquer, sont loin de faire l&rsquo;unanimit\u00e9 Peut mieux faire. C&rsquo;est en&nbsp;r\u00e9sum\u00e9 l&rsquo;appr\u00e9ciation des syndicats enseignants, qui ont r\u00e9agi \u00e0 la d\u00e9cision du ministre de l&rsquo;Education nationale, Jean-Michel Blanquer,&nbsp;de faire appliquer le niveau 2 (sur 4) du [&hellip;]<\/p>\n","protected":false},"author":2,"featured_media":18902,"comment_status":"open","ping_status":"open","sticky":false,"template":"","format":"standard","meta":{"_jetpack_memberships_contains_paid_content":false,"footnotes":"","jetpack_publicize_message":"","jetpack_publicize_feature_enabled":true,"jetpack_social_post_already_shared":true,"jetpack_social_options":{"image_generator_settings":{"template":"highway","default_image_id":0,"font":"","enabled":false},"version":2},"_wpas_customize_per_network":false},"categories":[405],"tags":[],"class_list":["post-18901","post","type-post","status-publish","format-standard","has-post-thumbnail","hentry","category-actu-france-monde"],"jetpack_publicize_connections":[],"jetpack_featured_media_url":"https:\/\/i0.wp.com\/www.iceagetv.com\/radiosite\/wp-content\/uploads\/2021\/08\/pourquoi-le-protocole-sanitaire-pour-la-rentr%C3%A9e-scolaire-est-critiqu%C3%A9-par-plusieurs-syndicats-denseignants.png?fit=801%2C473&ssl=1","jetpack_sharing_enabled":true,"_links":{"self":[{"href":"https:\/\/www.iceagetv.com\/radiosite\/wp-json\/wp\/v2\/posts\/18901","targetHints":{"allow":["GET"]}}],"collection":[{"href":"https:\/\/www.iceagetv.com\/radiosite\/wp-json\/wp\/v2\/posts"}],"about":[{"href":"https:\/\/www.iceagetv.com\/radiosite\/wp-json\/wp\/v2\/types\/post"}],"author":[{"embeddable":true,"href":"https:\/\/www.iceagetv.com\/radiosite\/wp-json\/wp\/v2\/users\/2"}],"replies":[{"embeddable":true,"href":"https:\/\/www.iceagetv.com\/radiosite\/wp-json\/wp\/v2\/comments?post=18901"}],"version-history":[{"count":1,"href":"https:\/\/www.iceagetv.com\/radiosite\/wp-json\/wp\/v2\/posts\/18901\/revisions"}],"predecessor-version":[{"id":18903,"href":"https:\/\/www.iceagetv.com\/radiosite\/wp-json\/wp\/v2\/posts\/18901\/revisions\/18903"}],"wp:featuredmedia":[{"embeddable":true,"href":"https:\/\/www.iceagetv.com\/radiosite\/wp-json\/wp\/v2\/media\/18902"}],"wp:attachment":[{"href":"https:\/\/www.iceagetv.com\/radiosite\/wp-json\/wp\/v2\/media?parent=18901"}],"wp:term":[{"taxonomy":"category","embeddable":true,"href":"https:\/\/www.iceagetv.com\/radiosite\/wp-json\/wp\/v2\/categories?post=18901"},{"taxonomy":"post_tag","embeddable":true,"href":"https:\/\/www.iceagetv.com\/radiosite\/wp-json\/wp\/v2\/tags?post=18901"}],"curies":[{"name":"wp","href":"https:\/\/api.w.org\/{rel}","templated":true}]}}