{"id":18907,"date":"2021-08-23T18:45:08","date_gmt":"2021-08-23T18:45:08","guid":{"rendered":"http:\/\/www.iceagetv.com\/radiosite\/?p=18907"},"modified":"2021-08-23T18:45:08","modified_gmt":"2021-08-23T18:45:08","slug":"cinq-hommes-rapatries-en-france-depuis-lafghanistan-presumes-proche-des-talibans-par-les-autorites-francaises-places-sous-surveillance-annonce-le-ministre-de-linterieur-gerald-darmanin","status":"publish","type":"post","link":"https:\/\/www.iceagetv.com\/radiosite\/cinq-hommes-rapatries-en-france-depuis-lafghanistan-presumes-proche-des-talibans-par-les-autorites-francaises-places-sous-surveillance-annonce-le-ministre-de-linterieur-gerald-darmanin\/","title":{"rendered":"Cinq hommes rapatri\u00e9s en France depuis l&rsquo;Afghanistan, pr\u00e9sum\u00e9s proche des Talibans par les autorit\u00e9s fran\u00e7aises, plac\u00e9s sous surveillance annonce le ministre de l&rsquo;Int\u00e9rieur G\u00e9rald Darmanin"},"content":{"rendered":"\n<p>Cinq hommes dont un Afghan rapatri\u00e9 en France, pr\u00e9sum\u00e9s proche des talibans par les autorit\u00e9s fran\u00e7aises, a \u00e9t\u00e9 plac\u00e9 sous surveillance ainsi que quatre autres rapatri\u00e9s proches de lui, a appris l&rsquo;AFP aupr\u00e8s du ministre de l&rsquo;Int\u00e9rieur G\u00e9rald Darmanin. Ces cinq hommes ont fait l&rsquo;objet d&rsquo;une \u00abmesure individuelle de contr\u00f4le administratif et de surveillance\u00bb (Micas), pr\u00e9vue dans le cadre des lois antiterroristes.<\/p>\n\n\n\n<p>Un homme a particuli\u00e8rement retenu l&rsquo;attention des autorit\u00e9s: Niangialay S. n\u00e9 le 10 mai 1995 \u00e0 Logar, situ\u00e9 \u00e0 moins de 100 kilom\u00e8tres de Kaboul. Et ce, \u00abm\u00eame si cette personne a tr\u00e8s largement aid\u00e9 \u00e0 l&rsquo;\u00e9vacuation de l&rsquo;ambassade de France, nous pensons qu&rsquo;il peut \u00eatre li\u00e9 aux talibans\u00bb, a expliqu\u00e9 le ministre \u00e0 l&rsquo;AFP.<\/p>\n\n\n\n<p>Selon l&rsquo;arr\u00eat\u00e9 pris par le ministre et consult\u00e9 par Le Figaro, cet homme a admis son appartenance au mouvement et reconnu avoir port\u00e9 des armes en tant que responsable d&rsquo;un barrage taliban \u00e0 Kaboul.<\/p>\n\n\n\n<p>\u00abDevant les difficult\u00e9s extr\u00eamement fortes de pouvoir faire des enqu\u00eates de s\u00e9curit\u00e9 sur les personnes devant \u00eatre rapatri\u00e9es\u00bb, les autorit\u00e9s fran\u00e7aises \u00abont accept\u00e9 d&#8217;embarquer cette personne et sa famille\u00bb, a ajout\u00e9 le ministre.<\/p>\n\n\n\n<p>A l&rsquo;arriv\u00e9e du vol \u00e0 Abu Dhabi, la Direction g\u00e9n\u00e9rale de la surveillance int\u00e9rieure (DGSI) \u00aba fait le travail qu&rsquo;elle n&rsquo;avait pas pu faire \u00e0 Kaboul\u00bb en menant des entretiens de s\u00e9curit\u00e9, a-t-il expliqu\u00e9. A son arriv\u00e9e en France ce week-end, il s&rsquo;est vu notifier la Micas, tout comme trois de ses proches \u00abpour l&rsquo;heure non directement soup\u00e7onn\u00e9s\u00bb.<\/p>\n\n\n\n<p>Quant au cinqui\u00e8me homme, \u00abon a vu apr\u00e8s une enqu\u00eate DGSI qu&rsquo;il avait des liens avec ces personnes bien qu&rsquo;\u00e9tant venu s\u00e9par\u00e9ment\u00bb, a d\u00e9taill\u00e9 le ministre.<\/p>\n\n\n\n<p>Les cinq sont sous \u00absurveillance de la DGSI\u00bb et font l&rsquo;objet de mesures de \u00abrestriction de libert\u00e9\u00bb, a-t-il pr\u00e9cis\u00e9.<\/p>\n\n\n\n<p>\u00abJe n&rsquo;ai pas eu d&rsquo;autres remont\u00e9es de la DGSI\u00bb quant \u00e0 d&rsquo;autres ressortissants pouvant \u00eatre concern\u00e9s par de telles mesures, a-t-il ajout\u00e9. \u00abCependant nous sommes extr\u00eamement attentifs\u00bb<\/p>\n\n\n\n<p><\/p>\n","protected":false},"excerpt":{"rendered":"<p>Cinq hommes dont un Afghan rapatri\u00e9 en France, pr\u00e9sum\u00e9s proche des talibans par les autorit\u00e9s fran\u00e7aises, a \u00e9t\u00e9 plac\u00e9 sous surveillance ainsi que quatre autres rapatri\u00e9s proches de lui, a appris l&rsquo;AFP aupr\u00e8s du ministre de l&rsquo;Int\u00e9rieur G\u00e9rald Darmanin. Ces cinq hommes ont fait l&rsquo;objet d&rsquo;une \u00abmesure individuelle de contr\u00f4le administratif et de surveillance\u00bb (Micas), [&hellip;]<\/p>\n","protected":false},"author":2,"featured_media":18908,"comment_status":"open","ping_status":"open","sticky":false,"template":"","format":"standard","meta":{"_jetpack_memberships_contains_paid_content":false,"footnotes":"","jetpack_publicize_message":"","jetpack_publicize_feature_enabled":true,"jetpack_social_post_already_shared":true,"jetpack_social_options":{"image_generator_settings":{"template":"highway","default_image_id":0,"font":"","enabled":false},"version":2},"_wpas_customize_per_network":false},"categories":[405],"tags":[],"class_list":["post-18907","post","type-post","status-publish","format-standard","has-post-thumbnail","hentry","category-actu-france-monde"],"jetpack_publicize_connections":[],"jetpack_featured_media_url":"https:\/\/i0.wp.com\/www.iceagetv.com\/radiosite\/wp-content\/uploads\/2021\/08\/Cinq-hommes-rapatri%C3%A9s-en-France-depuis-lAfghanistan.png?fit=632%2C259&ssl=1","jetpack_sharing_enabled":true,"_links":{"self":[{"href":"https:\/\/www.iceagetv.com\/radiosite\/wp-json\/wp\/v2\/posts\/18907","targetHints":{"allow":["GET"]}}],"collection":[{"href":"https:\/\/www.iceagetv.com\/radiosite\/wp-json\/wp\/v2\/posts"}],"about":[{"href":"https:\/\/www.iceagetv.com\/radiosite\/wp-json\/wp\/v2\/types\/post"}],"author":[{"embeddable":true,"href":"https:\/\/www.iceagetv.com\/radiosite\/wp-json\/wp\/v2\/users\/2"}],"replies":[{"embeddable":true,"href":"https:\/\/www.iceagetv.com\/radiosite\/wp-json\/wp\/v2\/comments?post=18907"}],"version-history":[{"count":1,"href":"https:\/\/www.iceagetv.com\/radiosite\/wp-json\/wp\/v2\/posts\/18907\/revisions"}],"predecessor-version":[{"id":18909,"href":"https:\/\/www.iceagetv.com\/radiosite\/wp-json\/wp\/v2\/posts\/18907\/revisions\/18909"}],"wp:featuredmedia":[{"embeddable":true,"href":"https:\/\/www.iceagetv.com\/radiosite\/wp-json\/wp\/v2\/media\/18908"}],"wp:attachment":[{"href":"https:\/\/www.iceagetv.com\/radiosite\/wp-json\/wp\/v2\/media?parent=18907"}],"wp:term":[{"taxonomy":"category","embeddable":true,"href":"https:\/\/www.iceagetv.com\/radiosite\/wp-json\/wp\/v2\/categories?post=18907"},{"taxonomy":"post_tag","embeddable":true,"href":"https:\/\/www.iceagetv.com\/radiosite\/wp-json\/wp\/v2\/tags?post=18907"}],"curies":[{"name":"wp","href":"https:\/\/api.w.org\/{rel}","templated":true}]}}