{"id":18919,"date":"2021-08-26T08:06:41","date_gmt":"2021-08-26T08:06:41","guid":{"rendered":"http:\/\/www.iceagetv.com\/radiosite\/?p=18919"},"modified":"2021-08-26T08:06:41","modified_gmt":"2021-08-26T08:06:41","slug":"coronavirus-jean-castex-annonce-que-la-3e-dose-de-vaccin-sera-injectee-a-partir-du-12-septembre-dans-les-ehpad-et-affirme-quil-ne-reculera-pas-face-au-personnel-medical-qui-refuse-le-vaccin","status":"publish","type":"post","link":"https:\/\/www.iceagetv.com\/radiosite\/coronavirus-jean-castex-annonce-que-la-3e-dose-de-vaccin-sera-injectee-a-partir-du-12-septembre-dans-les-ehpad-et-affirme-quil-ne-reculera-pas-face-au-personnel-medical-qui-refuse-le-vaccin\/","title":{"rendered":"Coronavirus &#8211; Jean Castex annonce que la 3e dose de vaccin sera inject\u00e9e \u00e0 partir du 12 septembre dans les EHPAD et affirme qu&rsquo;il \u00ab\u00a0ne reculera pas face au personnel m\u00e9dical qui refuse le vaccin"},"content":{"rendered":"\n<p><strong>Jean Castex annonce ce matin sur RTL que la 3e dose de vaccin sera inject\u00e9e \u00e0 partir du 12 septembre dans les EHPAD<\/strong>&nbsp;:&nbsp;\u00ab\u00a0Nous venons d\u2019avoir l\u2019avis de la Haute Autorit\u00e9 de Sant\u00e9 qui nous dit : \u2018Oui, c\u2019est n\u00e9cessaire pour les plus de 65 ans et les publics les plus vuln\u00e9rables. On a huit fois moins de chance d\u2019\u00eatre contamin\u00e9, onze fois mois d\u2019aller \u00e0 l\u2019h\u00f4pital si on est vaccin\u00e9. Les plus vuln\u00e9rables, ce sont les r\u00e9sidents des EHPAD. Donc \u00e0 compter du 12-13 septembre il y aura red\u00e9marrage syst\u00e9matique de la campagne dans les EHPAD apr\u00e8s recueil du consentement\u00a0\u00bb<\/p>\n\n\n\n<p><strong>Concernant la vaccination, le Premier Ministre pr\u00e9cise : \u00abNous ne reculerons pas face aux soignants hostiles \u00e0 la vaccination. \u00c0 partir du 15 septembre, les sanctions seront mises en \u0153uvre, nous ne reculerons pas \u00bb.<\/strong>\u00a0Le Premier ministre a pris l&rsquo;exemple d&rsquo;un Ehpad dans les Landes o\u00f9 \u00ab\u00a0des r\u00e9sidents avaient \u00e9t\u00e9 recontamin\u00e9s par des personnes dont la mission m\u00eame est de les soigner, de les sauver\u00a0\u00bb. \u00ab\u00a0Personne ne peut comprendre \u00e7a\u00a0\u00bb, a-t-il regrett\u00e9. Jean Castex a toutefois tenu \u00e0 pr\u00e9ciser que l&rsquo;\u00e9ch\u00e9ance du 15 septembre a permis d&rsquo;acc\u00e9l\u00e9rer le nombre de soignants vaccin\u00e9s. \u00ab\u00a0On a d\u00e9pass\u00e9 les 83% de soignants vaccin\u00e9s. Notre tactique a eu des effets\u00a0\u00bb.<em>c<\/em><\/p>\n\n\n\n<p><strong>Le Premier Ministre indique \u00e9galement que \u00ab\u00a0la mise en place du Pass Sanitaire en entreprise n&rsquo;est pas d&rsquo;actualit\u00e9\u00a0\u00bb<\/strong><\/p>\n\n\n\n<p>Jean Castex a expliqu\u00e9 que les moins de 12 ans ne seraient pas vaccin\u00e9s. Pour cause, \u00ab\u00a0la communaut\u00e9 scientifique ne recommande pas de vacciner les enfants de moins de 12 ans.\u00a0\u00bb a-t-il d\u00e9clar\u00e9. Ils seront donc vivement surveill\u00e9s gr\u00e2ce \u00e0 des tests salivaires ou encore des autotests. Le Premier Ministre a toutefois affirm\u00e9 que \u00ab\u00a0le port du maque sera maintenu dans les classes et dans les cours de r\u00e9cr\u00e9ation\u00a0\u00bb. Jean Castex a \u00e9galement rajout\u00e9 que des capteurs de CO2 seront d\u00e9sormais g\u00e9n\u00e9ralis\u00e9s.<\/p>\n\n\n\n<p>Au regard des recommandations de la Soci\u00e9t\u00e9 fran\u00e7aise de p\u00e9diatrie, \u00ab\u00a0il n&rsquo;y a pas de raison de fermer les \u00e9coles, y compris compte-tenu du variant Delta\u00a0\u00bb, affirme le chef du gouvernement, soulignant notamment que pr\u00e8s de 60% des 12\/17 ans ont d\u00e9j\u00e0 re\u00e7u une premi\u00e8re dose de vaccin et que la vaccination n&rsquo;est pas recommand\u00e9e au niveau \u00e9l\u00e9mentaire par les scientifiques, qui pr\u00e9conisent plut\u00f4t une surveillance accrue via le d\u00e9pistage<\/p>\n","protected":false},"excerpt":{"rendered":"<p>Jean Castex annonce ce matin sur RTL que la 3e dose de vaccin sera inject\u00e9e \u00e0 partir du 12 septembre dans les EHPAD&nbsp;:&nbsp;\u00ab\u00a0Nous venons d\u2019avoir l\u2019avis de la Haute Autorit\u00e9 de Sant\u00e9 qui nous dit : \u2018Oui, c\u2019est n\u00e9cessaire pour les plus de 65 ans et les publics les plus vuln\u00e9rables. On a huit fois [&hellip;]<\/p>\n","protected":false},"author":2,"featured_media":18921,"comment_status":"open","ping_status":"open","sticky":false,"template":"","format":"standard","meta":{"_jetpack_memberships_contains_paid_content":false,"footnotes":"","jetpack_publicize_message":"","jetpack_publicize_feature_enabled":true,"jetpack_social_post_already_shared":true,"jetpack_social_options":{"image_generator_settings":{"template":"highway","default_image_id":0,"font":"","enabled":false},"version":2},"_wpas_customize_per_network":false},"categories":[405],"tags":[],"class_list":["post-18919","post","type-post","status-publish","format-standard","has-post-thumbnail","hentry","category-actu-france-monde"],"jetpack_publicize_connections":[],"jetpack_featured_media_url":"https:\/\/i0.wp.com\/www.iceagetv.com\/radiosite\/wp-content\/uploads\/2021\/08\/Jean-Castex-annonce-que-la-3e-dose-de-vaccin-sera-inject%C3%A9e-%C3%A0-partir-du-12-septembre-dans-les-EHPAD.png?fit=780%2C353&ssl=1","jetpack_sharing_enabled":true,"_links":{"self":[{"href":"https:\/\/www.iceagetv.com\/radiosite\/wp-json\/wp\/v2\/posts\/18919","targetHints":{"allow":["GET"]}}],"collection":[{"href":"https:\/\/www.iceagetv.com\/radiosite\/wp-json\/wp\/v2\/posts"}],"about":[{"href":"https:\/\/www.iceagetv.com\/radiosite\/wp-json\/wp\/v2\/types\/post"}],"author":[{"embeddable":true,"href":"https:\/\/www.iceagetv.com\/radiosite\/wp-json\/wp\/v2\/users\/2"}],"replies":[{"embeddable":true,"href":"https:\/\/www.iceagetv.com\/radiosite\/wp-json\/wp\/v2\/comments?post=18919"}],"version-history":[{"count":1,"href":"https:\/\/www.iceagetv.com\/radiosite\/wp-json\/wp\/v2\/posts\/18919\/revisions"}],"predecessor-version":[{"id":18922,"href":"https:\/\/www.iceagetv.com\/radiosite\/wp-json\/wp\/v2\/posts\/18919\/revisions\/18922"}],"wp:featuredmedia":[{"embeddable":true,"href":"https:\/\/www.iceagetv.com\/radiosite\/wp-json\/wp\/v2\/media\/18921"}],"wp:attachment":[{"href":"https:\/\/www.iceagetv.com\/radiosite\/wp-json\/wp\/v2\/media?parent=18919"}],"wp:term":[{"taxonomy":"category","embeddable":true,"href":"https:\/\/www.iceagetv.com\/radiosite\/wp-json\/wp\/v2\/categories?post=18919"},{"taxonomy":"post_tag","embeddable":true,"href":"https:\/\/www.iceagetv.com\/radiosite\/wp-json\/wp\/v2\/tags?post=18919"}],"curies":[{"name":"wp","href":"https:\/\/api.w.org\/{rel}","templated":true}]}}