{"id":18923,"date":"2021-08-26T09:26:52","date_gmt":"2021-08-26T09:26:52","guid":{"rendered":"http:\/\/www.iceagetv.com\/radiosite\/?p=18923"},"modified":"2021-08-26T09:26:52","modified_gmt":"2021-08-26T09:26:52","slug":"afghanistan-loperation-francaise-devacuation-depuis-kaboul-sachevera-totalement-demain-soir-annonce-le-premier-ministre-jean-castex","status":"publish","type":"post","link":"https:\/\/www.iceagetv.com\/radiosite\/afghanistan-loperation-francaise-devacuation-depuis-kaboul-sachevera-totalement-demain-soir-annonce-le-premier-ministre-jean-castex\/","title":{"rendered":"Afghanistan: L&rsquo;op\u00e9ration fran\u00e7aise d\u2019\u00e9vacuation depuis Kaboul s&rsquo;ach\u00e8vera totalement demain soir, annonce le Premier ministre Jean Castex"},"content":{"rendered":"\n<p>L&rsquo;op\u00e9ration fran\u00e7aise actuelle en Afghanistan s&rsquo;ach\u00e8vera totalement vendredi soir, \u00e9ch\u00e9ance apr\u00e8s laquelle \u00ab\u00a0on ne peut plus proc\u00e9der aux \u00e9vacuations \u00e0 partir de l&rsquo;a\u00e9roport de Kaboul\u00a0\u00bb, a annonc\u00e9 jeudi le Premier ministre fran\u00e7ais Jean Castex. Cette date-butoir est \u00ab\u00a0impos\u00e9e par les Am\u00e9ricains\u00a0\u00bb dont le dispositif, essentiel \u00e0 la s\u00e9curit\u00e9 de l&rsquo;a\u00e9roport, se retirera d\u00e9finitivement le 31 ao\u00fbt, a pr\u00e9cis\u00e9 \u00e0 l&rsquo;AFP&nbsp;une source gouvernementale.<\/p>\n\n\n\n<p>Comme annonc\u00e9 mardi par le minist\u00e8re des Affaires \u00e9trang\u00e8res, les \u00e9vacuations de populations afghanes s&rsquo;effectueront donc jusqu&rsquo;\u00e0 jeudi soir voire vendredi matin. \u00ab\u00a0La France fera le maximum pour maintenir le plus longtemps possible ce dispositif\u00a0\u00bb, dont la fin pr\u00e9c\u00e8dera de \u00ab\u00a0quelques heures\u00a0\u00bb le d\u00e9part des militaires et services de l&rsquo;ambassade \u00e0 la man\u0153uvre sur place, assure cette m\u00eame source gouvernementale. Invit\u00e9 de RTL, Jean Castex a rappel\u00e9 jeudi qu'\u00a0\u00bbautour de 2 500&Prime; personnes avaient \u00e9t\u00e9 \u00e9vacu\u00e9es depuis la prise de Kaboul par les Talibans le 15 ao\u00fbt, comprenant des ressortissants fran\u00e7ais mais surtout des \u00ab\u00a0Afghans qui ont apport\u00e9, \u00e0 un titre ou \u00e0 un autre, leur concours \u00e0 l&rsquo;arm\u00e9e, etc, et des familles, des artistes, des journalistes&#8230;\u00a0\u00bb <\/p>\n","protected":false},"excerpt":{"rendered":"<p>L&rsquo;op\u00e9ration fran\u00e7aise actuelle en Afghanistan s&rsquo;ach\u00e8vera totalement vendredi soir, \u00e9ch\u00e9ance apr\u00e8s laquelle \u00ab\u00a0on ne peut plus proc\u00e9der aux \u00e9vacuations \u00e0 partir de l&rsquo;a\u00e9roport de Kaboul\u00a0\u00bb, a annonc\u00e9 jeudi le Premier ministre fran\u00e7ais Jean Castex. Cette date-butoir est \u00ab\u00a0impos\u00e9e par les Am\u00e9ricains\u00a0\u00bb dont le dispositif, essentiel \u00e0 la s\u00e9curit\u00e9 de l&rsquo;a\u00e9roport, se retirera d\u00e9finitivement le 31 [&hellip;]<\/p>\n","protected":false},"author":2,"featured_media":18924,"comment_status":"open","ping_status":"open","sticky":false,"template":"","format":"standard","meta":{"_jetpack_memberships_contains_paid_content":false,"footnotes":"","jetpack_publicize_message":"","jetpack_publicize_feature_enabled":true,"jetpack_social_post_already_shared":true,"jetpack_social_options":{"image_generator_settings":{"template":"highway","default_image_id":0,"font":"","enabled":false},"version":2},"_wpas_customize_per_network":false},"categories":[405],"tags":[],"class_list":["post-18923","post","type-post","status-publish","format-standard","has-post-thumbnail","hentry","category-actu-france-monde"],"jetpack_publicize_connections":[],"jetpack_featured_media_url":"https:\/\/i0.wp.com\/www.iceagetv.com\/radiosite\/wp-content\/uploads\/2021\/08\/Lop%C3%A9ration-fran%C3%A7aise-d%E2%80%99%C3%A9vacuation-depuis-Kaboul-sach%C3%A8vera-totalement-demain-soir-annonce-le-Premier-ministre-Jean-Castex.png?fit=577%2C268&ssl=1","jetpack_sharing_enabled":true,"_links":{"self":[{"href":"https:\/\/www.iceagetv.com\/radiosite\/wp-json\/wp\/v2\/posts\/18923","targetHints":{"allow":["GET"]}}],"collection":[{"href":"https:\/\/www.iceagetv.com\/radiosite\/wp-json\/wp\/v2\/posts"}],"about":[{"href":"https:\/\/www.iceagetv.com\/radiosite\/wp-json\/wp\/v2\/types\/post"}],"author":[{"embeddable":true,"href":"https:\/\/www.iceagetv.com\/radiosite\/wp-json\/wp\/v2\/users\/2"}],"replies":[{"embeddable":true,"href":"https:\/\/www.iceagetv.com\/radiosite\/wp-json\/wp\/v2\/comments?post=18923"}],"version-history":[{"count":1,"href":"https:\/\/www.iceagetv.com\/radiosite\/wp-json\/wp\/v2\/posts\/18923\/revisions"}],"predecessor-version":[{"id":18925,"href":"https:\/\/www.iceagetv.com\/radiosite\/wp-json\/wp\/v2\/posts\/18923\/revisions\/18925"}],"wp:featuredmedia":[{"embeddable":true,"href":"https:\/\/www.iceagetv.com\/radiosite\/wp-json\/wp\/v2\/media\/18924"}],"wp:attachment":[{"href":"https:\/\/www.iceagetv.com\/radiosite\/wp-json\/wp\/v2\/media?parent=18923"}],"wp:term":[{"taxonomy":"category","embeddable":true,"href":"https:\/\/www.iceagetv.com\/radiosite\/wp-json\/wp\/v2\/categories?post=18923"},{"taxonomy":"post_tag","embeddable":true,"href":"https:\/\/www.iceagetv.com\/radiosite\/wp-json\/wp\/v2\/tags?post=18923"}],"curies":[{"name":"wp","href":"https:\/\/api.w.org\/{rel}","templated":true}]}}