{"id":18931,"date":"2021-08-27T06:48:56","date_gmt":"2021-08-27T06:48:56","guid":{"rendered":"http:\/\/www.iceagetv.com\/radiosite\/?p=18931"},"modified":"2021-08-27T06:48:56","modified_gmt":"2021-08-27T06:48:56","slug":"afghanistan-le-bilan-salourdit-avec-plus-de-72-morts-dont-13-militaires-americains-dans-lattentat-perpetre-aux-portes-de-laeroport-de-kaboul","status":"publish","type":"post","link":"https:\/\/www.iceagetv.com\/radiosite\/afghanistan-le-bilan-salourdit-avec-plus-de-72-morts-dont-13-militaires-americains-dans-lattentat-perpetre-aux-portes-de-laeroport-de-kaboul\/","title":{"rendered":"Afghanistan &#8211; Le bilan s&rsquo;alourdit avec plus de 72 morts dont 13 militaires am\u00e9ricains dans l&rsquo;attentat perp\u00e9tr\u00e9 aux portes de l&rsquo;a\u00e9roport de Kaboul"},"content":{"rendered":"\n<p> <strong>\u00a0Le bilan s&rsquo;alourdit, avec plus de 72 morts dans l&rsquo;attentat perp\u00e9tr\u00e9 aux portes de l&rsquo;a\u00e9roport de Kaboul, selon d&rsquo;anciens responsables.<\/strong>\u00a013 militaires am\u00e9ricains ont \u00e9t\u00e9 tu\u00e9s et plus de 150 personnes ont \u00e9t\u00e9 bless\u00e9es.  <strong>Depuis la Maison Blanche Joe Biden a qualifi\u00e9 de \u00abh\u00e9ros\u00bb les militaires tu\u00e9s dans l\u2019attentat. Le pr\u00e9sident am\u00e9ricain a promis de \u00abpourchasser\u00bb les commanditaires de l\u2019attaque.<\/strong>\u00a0\u00abNous n\u2019oublierons pas, nous ne pardonnerons pas, nous vous traquerons et nous vous ferons payer\u00bb a-t-il lanc\u00e9 \u00e0 l\u2019adresse du groupe jihadiste. \u00abLes terroristes de l\u2019Etat islamique ne gagneront pas [&#8230;] L\u2019Am\u00e9rique ne sera pas intimid\u00e9e\u00bb a-t-il martel\u00e9, promettant que les op\u00e9rations d\u2019\u00e9vacuation \u00abse poursuivraient\u00bb. Selon Biden, \u00abIl n\u2019y a aucune preuve de collusion entre les talibans et l\u2019EI\u00bb. <\/p>\n\n\n\n<p><strong>Deux explosions se sont produites ce jeudi devant l\u2019a\u00e9roport de Kaboul, tuant au moins treize personnes et blessant une cinquantaine d\u2019autres, notamment parmi les milliers d\u2019Afghans qui s\u2019y massent depuis des jours dans l\u2019espoir d\u2019\u00eatre \u00e9vacu\u00e9s du pays, tomb\u00e9 aux mains des talibans.<\/strong>&nbsp;Le groupe Etat islamique a revendiqu\u00e9 dans la soir\u00e9e l\u2019attaque meurtri\u00e8re, a rapport\u00e9 le site sp\u00e9cialis\u00e9 Site Intelligence, tandis que dans la suite de la soir\u00e9e, l\u2019AFP faisait \u00e9tat d\u2019une nouvelle explosion, cette fois dans Kaboul.<\/p>\n\n\n\n<p>Dans un communiqu\u00e9 diffus\u00e9 par son agence de propagande Amaq, l\u2019EI se targue qu\u2019un de ses combattants se soit approch\u00e9 \u00e0 moins de \u00abcinq m\u00e8tres de militaires am\u00e9ricains\u00bb et qu\u2019il ait d\u00e9clench\u00e9 sa ceinture explosive.<\/p>\n\n\n\n<p>Selon l\u2019agence am\u00e9ricaine Associated Press, soixante Afghans, onze marines et un aide-soignant de l\u2019arm\u00e9e am\u00e9ricaine ont p\u00e9ri dans l\u2019attaque perp\u00e9tr\u00e9e par deux kamikazes dot\u00e9s de ceintures bourr\u00e9es d\u2019explosifs et par un tireur. 143 bless\u00e9s, dont des gardes talibans, sont \u00e9galement \u00e0 d\u00e9plorer. \u00a0En d\u00e9placement en Irlande, le pr\u00e9sident fran\u00e7ais Emmanuel Macron a r\u00e9agi lors d\u2019une conf\u00e9rence de presse : \u00ab\u00a0Au moment o\u00f9 je vous parle, nous sommes confront\u00e9s \u00e0 cette situation extr\u00eamement tendue qui nous conduit \u00e0 nous coordonner avec nos alli\u00e9s am\u00e9ricains.\u00a0\u00bb Il poursuit : \u00ab\u00a0Appelez chacune et chacun \u00e0 la plus grande prudence dans un contexte que nous ne ma\u00eetrisons pas. \u00ab\u00a0N\u00e9anmoins, je tiens ici \u00e0 redire que c\u2019est l\u2019honneur de la France depuis le d\u00e9but de proc\u00e9der \u00e0 des \u00e9vacuations, de prot\u00e9ger et nous continuerons de le faire.\u00a0\u00bb Emmanuel Macron pr\u00e9cise par ailleurs que la France va encore tenter d\u2019\u00e9vacuer \u00ab\u00a0plusieurs centaines\u00a0\u00bb d\u2019Afghans de Kaboul. \u00ab\u00a0Au moment o\u00f9 nous vous parlons, nous avons 20 bus avec des ressortissants binationaux et des Afghans en danger que nous souhaitons pouvoir rapatrier\u00a0\u00bb. Le chef de l\u2019\u00c9tat pr\u00e9cise \u00e9galement que 2 600 personnes ont \u00e9t\u00e9 \u00e9vacu\u00e9es \u00ab\u00a0parmi lesquelles 125 Fran\u00e7ais, 40 ressortissants non-Fran\u00e7ais et toutes les autres personnes \u00e9tant des Afghans\u00a0\u00bb. <\/p>\n\n\n\n<p><\/p>\n","protected":false},"excerpt":{"rendered":"<p>\u00a0Le bilan s&rsquo;alourdit, avec plus de 72 morts dans l&rsquo;attentat perp\u00e9tr\u00e9 aux portes de l&rsquo;a\u00e9roport de Kaboul, selon d&rsquo;anciens responsables.\u00a013 militaires am\u00e9ricains ont \u00e9t\u00e9 tu\u00e9s et plus de 150 personnes ont \u00e9t\u00e9 bless\u00e9es. Depuis la Maison Blanche Joe Biden a qualifi\u00e9 de \u00abh\u00e9ros\u00bb les militaires tu\u00e9s dans l\u2019attentat. Le pr\u00e9sident am\u00e9ricain a promis de \u00abpourchasser\u00bb [&hellip;]<\/p>\n","protected":false},"author":2,"featured_media":18932,"comment_status":"open","ping_status":"open","sticky":false,"template":"","format":"standard","meta":{"_jetpack_memberships_contains_paid_content":false,"footnotes":"","jetpack_publicize_message":"","jetpack_publicize_feature_enabled":true,"jetpack_social_post_already_shared":true,"jetpack_social_options":{"image_generator_settings":{"template":"highway","default_image_id":0,"font":"","enabled":false},"version":2},"_wpas_customize_per_network":false},"categories":[405],"tags":[],"class_list":["post-18931","post","type-post","status-publish","format-standard","has-post-thumbnail","hentry","category-actu-france-monde"],"jetpack_publicize_connections":[],"jetpack_featured_media_url":"https:\/\/i0.wp.com\/www.iceagetv.com\/radiosite\/wp-content\/uploads\/2021\/08\/Le-bilan-salourdit-avec-plus-de-72-morts-dont-13-militaires-am%C3%A9ricains-dans-lattentat.png?fit=595%2C260&ssl=1","jetpack_sharing_enabled":true,"_links":{"self":[{"href":"https:\/\/www.iceagetv.com\/radiosite\/wp-json\/wp\/v2\/posts\/18931","targetHints":{"allow":["GET"]}}],"collection":[{"href":"https:\/\/www.iceagetv.com\/radiosite\/wp-json\/wp\/v2\/posts"}],"about":[{"href":"https:\/\/www.iceagetv.com\/radiosite\/wp-json\/wp\/v2\/types\/post"}],"author":[{"embeddable":true,"href":"https:\/\/www.iceagetv.com\/radiosite\/wp-json\/wp\/v2\/users\/2"}],"replies":[{"embeddable":true,"href":"https:\/\/www.iceagetv.com\/radiosite\/wp-json\/wp\/v2\/comments?post=18931"}],"version-history":[{"count":1,"href":"https:\/\/www.iceagetv.com\/radiosite\/wp-json\/wp\/v2\/posts\/18931\/revisions"}],"predecessor-version":[{"id":18933,"href":"https:\/\/www.iceagetv.com\/radiosite\/wp-json\/wp\/v2\/posts\/18931\/revisions\/18933"}],"wp:featuredmedia":[{"embeddable":true,"href":"https:\/\/www.iceagetv.com\/radiosite\/wp-json\/wp\/v2\/media\/18932"}],"wp:attachment":[{"href":"https:\/\/www.iceagetv.com\/radiosite\/wp-json\/wp\/v2\/media?parent=18931"}],"wp:term":[{"taxonomy":"category","embeddable":true,"href":"https:\/\/www.iceagetv.com\/radiosite\/wp-json\/wp\/v2\/categories?post=18931"},{"taxonomy":"post_tag","embeddable":true,"href":"https:\/\/www.iceagetv.com\/radiosite\/wp-json\/wp\/v2\/tags?post=18931"}],"curies":[{"name":"wp","href":"https:\/\/api.w.org\/{rel}","templated":true}]}}