{"id":18937,"date":"2021-08-27T18:28:37","date_gmt":"2021-08-27T18:28:37","guid":{"rendered":"http:\/\/www.iceagetv.com\/radiosite\/?p=18937"},"modified":"2021-08-27T18:28:37","modified_gmt":"2021-08-27T18:28:37","slug":"silvio-berlusconi-age-de-84-ans-brievement-hospitalise-lancien-chef-du-gouvernement-italien-a-subi-une-evaluation-clinique-approfondie","status":"publish","type":"post","link":"https:\/\/www.iceagetv.com\/radiosite\/silvio-berlusconi-age-de-84-ans-brievement-hospitalise-lancien-chef-du-gouvernement-italien-a-subi-une-evaluation-clinique-approfondie\/","title":{"rendered":"Silvio Berlusconi, \u00e2g\u00e9 de 84 ans, bri\u00e8vement hospitalis\u00e9 &#8211; L&rsquo;ancien chef du gouvernement italien a subi \u00ab\u00a0une \u00e9valuation clinique approfondie\u00a0\u00bb"},"content":{"rendered":"\n<p>L&rsquo;ancien chef du gouvernement italien Silvio Berlusconi, \u00e2g\u00e9 de 84 ans et qui a multipli\u00e9 les s\u00e9jours \u00e0 l&rsquo;h\u00f4pital depuis le d\u00e9but de l&rsquo;ann\u00e9e, est sorti vendredi de l&rsquo;h\u00f4pital milanais o\u00f9 il a subi une batterie d&rsquo;examens, a indiqu\u00e9 \u00e0 l&rsquo;AFP un porte-parole.<\/p>\n\n\n\n<p>Il est \u00absorti\u00bb, a-t-il d\u00e9clar\u00e9 \u00e0 l&rsquo;AFP. \u00abL&rsquo;hospitalisation a \u00e9t\u00e9 n\u00e9cessaire pour r\u00e9aliser une \u00e9valuation clinique approfondie\u00bb, avait-il indiqu\u00e9 plus t\u00f4t dans la journ\u00e9e, confirmant ainsi les informations donn\u00e9es par plusieurs m\u00e9dias italiens selon lesquels il se trouvait au prestigieux h\u00f4pital San Raffaele de Milan (nord) depuis jeudi.<\/p>\n\n\n\n<p>Le magnat des m\u00e9dias a d\u00e9j\u00e0 \u00e9t\u00e9 hospitalis\u00e9 quatre fois cette ann\u00e9e, dont la derni\u00e8re en mai, pour des complications li\u00e9es \u00e0 son infection au coronavirus l&rsquo;ann\u00e9e derni\u00e8re.<\/p>\n\n\n\n<p>En janvier, il a s\u00e9journ\u00e9 plusieurs jours au Centre cardio-thoracique de Monaco pour des probl\u00e8mes d&rsquo;arythmie cardiaque, et en septembre 2020, il avait \u00e9t\u00e9 hospitalis\u00e9 en raison d&rsquo;une infection pulmonaire due au Covid-19.<\/p>\n\n\n\n<p>Le Cavaliere, qui est encore d\u00e9put\u00e9 europ\u00e9en et toujours pr\u00e9sident du parti qu&rsquo;il a fond\u00e9, Forza Italia, ne semble cependant pas avoir perdu sa combativit\u00e9 politique et a lanc\u00e9 une s\u00e9rie de propositions, de la cr\u00e9ation d&rsquo;un parti unique de la droite avec la Ligue de Matteo Salvini et Fratelli d&rsquo;Italie de Giorgia Meloni (extr\u00eame droite) d&rsquo;ici 2023, date th\u00e9orique des prochaines l\u00e9gislatives, \u00e0 la baisse des imp\u00f4ts.<\/p>\n\n\n\n<p>N\u00e9 le 29 septembre 1936, ce fils d&rsquo;un employ\u00e9 de banque milanais a fond\u00e9 un empire industriel et financier parmi les plus puissants d&rsquo;Europe avant d&rsquo;entrer en politique en 1994.<\/p>\n\n\n\n<p>\u00c0 la t\u00eate de la holding Fininvest et du groupe de t\u00e9l\u00e9vision Mediaset, mais aussi du club de foot Milan AC, il est devenu au d\u00e9but des ann\u00e9es 2000 la premi\u00e8re fortune d&rsquo;Italie et l&rsquo;est rest\u00e9 pendant dix ans.<\/p>\n\n\n\n<p><\/p>\n","protected":false},"excerpt":{"rendered":"<p>L&rsquo;ancien chef du gouvernement italien Silvio Berlusconi, \u00e2g\u00e9 de 84 ans et qui a multipli\u00e9 les s\u00e9jours \u00e0 l&rsquo;h\u00f4pital depuis le d\u00e9but de l&rsquo;ann\u00e9e, est sorti vendredi de l&rsquo;h\u00f4pital milanais o\u00f9 il a subi une batterie d&rsquo;examens, a indiqu\u00e9 \u00e0 l&rsquo;AFP un porte-parole. Il est \u00absorti\u00bb, a-t-il d\u00e9clar\u00e9 \u00e0 l&rsquo;AFP. \u00abL&rsquo;hospitalisation a \u00e9t\u00e9 n\u00e9cessaire pour [&hellip;]<\/p>\n","protected":false},"author":2,"featured_media":18938,"comment_status":"open","ping_status":"open","sticky":false,"template":"","format":"standard","meta":{"_jetpack_memberships_contains_paid_content":false,"footnotes":"","jetpack_publicize_message":"","jetpack_publicize_feature_enabled":true,"jetpack_social_post_already_shared":true,"jetpack_social_options":{"image_generator_settings":{"template":"highway","default_image_id":0,"font":"","enabled":false},"version":2},"_wpas_customize_per_network":false},"categories":[405],"tags":[],"class_list":["post-18937","post","type-post","status-publish","format-standard","has-post-thumbnail","hentry","category-actu-france-monde"],"jetpack_publicize_connections":[],"jetpack_featured_media_url":"https:\/\/i0.wp.com\/www.iceagetv.com\/radiosite\/wp-content\/uploads\/2021\/08\/Silvio-Berlusconi.png?fit=585%2C269&ssl=1","jetpack_sharing_enabled":true,"_links":{"self":[{"href":"https:\/\/www.iceagetv.com\/radiosite\/wp-json\/wp\/v2\/posts\/18937","targetHints":{"allow":["GET"]}}],"collection":[{"href":"https:\/\/www.iceagetv.com\/radiosite\/wp-json\/wp\/v2\/posts"}],"about":[{"href":"https:\/\/www.iceagetv.com\/radiosite\/wp-json\/wp\/v2\/types\/post"}],"author":[{"embeddable":true,"href":"https:\/\/www.iceagetv.com\/radiosite\/wp-json\/wp\/v2\/users\/2"}],"replies":[{"embeddable":true,"href":"https:\/\/www.iceagetv.com\/radiosite\/wp-json\/wp\/v2\/comments?post=18937"}],"version-history":[{"count":1,"href":"https:\/\/www.iceagetv.com\/radiosite\/wp-json\/wp\/v2\/posts\/18937\/revisions"}],"predecessor-version":[{"id":18939,"href":"https:\/\/www.iceagetv.com\/radiosite\/wp-json\/wp\/v2\/posts\/18937\/revisions\/18939"}],"wp:featuredmedia":[{"embeddable":true,"href":"https:\/\/www.iceagetv.com\/radiosite\/wp-json\/wp\/v2\/media\/18938"}],"wp:attachment":[{"href":"https:\/\/www.iceagetv.com\/radiosite\/wp-json\/wp\/v2\/media?parent=18937"}],"wp:term":[{"taxonomy":"category","embeddable":true,"href":"https:\/\/www.iceagetv.com\/radiosite\/wp-json\/wp\/v2\/categories?post=18937"},{"taxonomy":"post_tag","embeddable":true,"href":"https:\/\/www.iceagetv.com\/radiosite\/wp-json\/wp\/v2\/tags?post=18937"}],"curies":[{"name":"wp","href":"https:\/\/api.w.org\/{rel}","templated":true}]}}