{"id":1895,"date":"2015-05-19T16:16:00","date_gmt":"2015-05-19T16:16:00","guid":{"rendered":"http:\/\/www.iceagetv.com\/radiosite\/?p=1895"},"modified":"2015-05-19T16:16:00","modified_gmt":"2015-05-19T16:16:00","slug":"reforme-du-college-une-greve-suivie-et-10000-manifestants-a-paris-selon-le-snes","status":"publish","type":"post","link":"https:\/\/www.iceagetv.com\/radiosite\/reforme-du-college-une-greve-suivie-et-10000-manifestants-a-paris-selon-le-snes\/","title":{"rendered":"R\u00e9forme du coll\u00e8ge : une gr\u00e8ve suivie et 10000 manifestants \u00e0 Paris, selon le Snes"},"content":{"rendered":"<p>\n\tL&#39;appel &agrave; la gr&egrave;ve lanc&eacute; par une intersyndicale&nbsp;aupr&egrave;s des professeurs du secondaire a &eacute;t&eacute; suivi mardi par 27,6% des enseignants dans les coll&egrave;ges publics, selon le minist&egrave;re de l&#39;Education, et par &laquo;plus de 50%&raquo; selon les chiffres du principal syndicat, le Snes.Ils protestent contre&nbsp;la r&eacute;formeport&eacute;e par Najat Vallaud-Belkacem.&nbsp;\n<\/p>\n<p>\n\tDans les coll&egrave;ges priv&eacute;s, le taux de gr&eacute;vistes est de 6,75%, a pr&eacute;cis&eacute; le minist&egrave;re. Public et priv&eacute; confondus, le taux de gr&eacute;vistes est donc de 23,4%.<\/p>\n<p>\tUne&nbsp;manifestation&nbsp;contre la r&eacute;forme des coll&egrave;ges, &agrave;&nbsp;Paris, est partie vers 14h40 du jardin du Luxembourg. Le cort&egrave;ge s&#39;est &eacute;lanc&eacute; sous la pluie. Selon le Snes, il y aurait 10 000 manifestants dans le cort&egrave;ge parisien.&nbsp;&laquo;Tous &eacute;gaux, tous illettr&eacute;s&raquo;, pouvait-on lire sur une banderole. Des profs d&#39;allemand, habill&eacute;s en jaune rouge noir sympathisent avec des touristes allemands qui ont entendu parler de la pol&eacute;mique.&nbsp;<\/p>\n<p>\tLe Snes veut tout remettre &agrave; plat<\/p>\n<p>\tPeu avant 16 heures, le cort&egrave;ge se trouvait boulevard Raspail et se dirigeait vers le minist&egrave;re de l&#39;Education nationale. Selon notre reporter sur place, &laquo;on papote plus que l&#39;on ne scande de slogans, sous les parapluies des manifestants. Beaucoup sont l&agrave; pour pr&eacute;server les sections bilingues ou latin de leurs &eacute;tablissements&raquo;. &laquo;Pourquoi casser ces locomotives qui poussent nos coll&egrave;ges vers le haut ?, s&#39;interroge Morgane, professeur d&#39;arts plastiques &agrave; Courbevoie. J&#39;ai peur que les bons &eacute;l&egrave;ves partent vers je priv&eacute;.&raquo;<\/p>\n<p>\tSlogans, sifflets&#8230; Une poign&eacute;e de manifestants font le show et donnent de la voix devant les cam&eacute;ras. La manifestation se disperse &agrave; quelques dizaines de m&egrave;tres de la rue de Grenelle. Fr&eacute;d&eacute;rique Rolet, la secr&eacute;taire g&eacute;n&eacute;rale du Snes, demande une &laquo;remise a plat&raquo; de la r&eacute;forme.&nbsp;<\/p>\n<p>\tQUESTION DU JOUR.&nbsp;Najat Vallaud-Belkacem a-t-elle raison de maintenir sa r&eacute;forme du coll&egrave;ge ?&nbsp;<\/p>\n<p>\tMais pour la ministre, pas question de reculer : la r&eacute;forme du coll&egrave;ge &laquo;se fera&raquo; et entrera en vigueur comme pr&eacute;vu &agrave; la rentr&eacute;e 2016, car &laquo;elle est indispensable&raquo;, a d&eacute;clar&eacute; la ministre Najat Vallaud-Belkacem en d&eacute;but d&#39;apr&egrave;s-midi. Elle&nbsp;a toutefois assur&eacute; avoir entendu le m&eacute;contentement d&#39;une partie des professeurs, et promis que des &laquo;garanties&raquo; pour une bonne mise en oeuvre de la r&eacute;forme seraient introduites dans les textes d&#39;application. &laquo;Je suis ouverte &agrave; la discussion&raquo;, a-t-elle r&eacute;p&eacute;t&eacute;.<\/p>\n","protected":false},"excerpt":{"rendered":"<p>L&#39;appel &agrave; la gr&egrave;ve lanc&eacute; par une intersyndicale&nbsp;aupr&egrave;s des professeurs du secondaire a &eacute;t&eacute; suivi mardi par 27,6% des enseignants dans les coll&egrave;ges publics, selon le minist&egrave;re de l&#39;Education, et par &laquo;plus de 50%&raquo; selon les chiffres du principal syndicat, le Snes.Ils protestent contre&nbsp;la r&eacute;formeport&eacute;e par Najat Vallaud-Belkacem.&nbsp; Dans les coll&egrave;ges priv&eacute;s, le taux de [&hellip;]<\/p>\n","protected":false},"author":2,"featured_media":1896,"comment_status":"open","ping_status":"open","sticky":false,"template":"","format":"standard","meta":{"_jetpack_memberships_contains_paid_content":false,"footnotes":"","jetpack_publicize_message":"","jetpack_publicize_feature_enabled":true,"jetpack_social_post_already_shared":false,"jetpack_social_options":{"image_generator_settings":{"template":"highway","default_image_id":0,"font":"","enabled":false},"version":2},"_wpas_customize_per_network":false},"categories":[405],"tags":[],"class_list":["post-1895","post","type-post","status-publish","format-standard","has-post-thumbnail","hentry","category-actu-france-monde"],"jetpack_publicize_connections":[],"jetpack_featured_media_url":"https:\/\/i0.wp.com\/www.iceagetv.com\/radiosite\/wp-content\/uploads\/2015\/05\/reformecollege.jpg?fit=545%2C505&ssl=1","jetpack_sharing_enabled":true,"_links":{"self":[{"href":"https:\/\/www.iceagetv.com\/radiosite\/wp-json\/wp\/v2\/posts\/1895","targetHints":{"allow":["GET"]}}],"collection":[{"href":"https:\/\/www.iceagetv.com\/radiosite\/wp-json\/wp\/v2\/posts"}],"about":[{"href":"https:\/\/www.iceagetv.com\/radiosite\/wp-json\/wp\/v2\/types\/post"}],"author":[{"embeddable":true,"href":"https:\/\/www.iceagetv.com\/radiosite\/wp-json\/wp\/v2\/users\/2"}],"replies":[{"embeddable":true,"href":"https:\/\/www.iceagetv.com\/radiosite\/wp-json\/wp\/v2\/comments?post=1895"}],"version-history":[{"count":1,"href":"https:\/\/www.iceagetv.com\/radiosite\/wp-json\/wp\/v2\/posts\/1895\/revisions"}],"predecessor-version":[{"id":1897,"href":"https:\/\/www.iceagetv.com\/radiosite\/wp-json\/wp\/v2\/posts\/1895\/revisions\/1897"}],"wp:featuredmedia":[{"embeddable":true,"href":"https:\/\/www.iceagetv.com\/radiosite\/wp-json\/wp\/v2\/media\/1896"}],"wp:attachment":[{"href":"https:\/\/www.iceagetv.com\/radiosite\/wp-json\/wp\/v2\/media?parent=1895"}],"wp:term":[{"taxonomy":"category","embeddable":true,"href":"https:\/\/www.iceagetv.com\/radiosite\/wp-json\/wp\/v2\/categories?post=1895"},{"taxonomy":"post_tag","embeddable":true,"href":"https:\/\/www.iceagetv.com\/radiosite\/wp-json\/wp\/v2\/tags?post=1895"}],"curies":[{"name":"wp","href":"https:\/\/api.w.org\/{rel}","templated":true}]}}