{"id":18955,"date":"2021-08-29T07:44:47","date_gmt":"2021-08-29T07:44:47","guid":{"rendered":"http:\/\/www.iceagetv.com\/radiosite\/?p=18955"},"modified":"2021-08-29T07:44:47","modified_gmt":"2021-08-29T07:44:47","slug":"pass-sanitaire-pres-de-160-000-manifestants-en-france-selon-linterieur","status":"publish","type":"post","link":"https:\/\/www.iceagetv.com\/radiosite\/pass-sanitaire-pres-de-160-000-manifestants-en-france-selon-linterieur\/","title":{"rendered":"Pass sanitaire : Pr\u00e8s de 160.000 manifestants en France, selon l&rsquo;Int\u00e9rieur"},"content":{"rendered":"\n<p>Toujours mobilis\u00e9s, mais moins que les&nbsp;<a href=\"https:\/\/www.20minutes.fr\/sante\/3106019-20210820-manifestation-anti-pass-sanitaire-plus-200-rassemblements-prevus-sixieme-samedi-consecutif\">semaines pr\u00e9c\u00e9dentes<\/a>. Plusieurs dizaines de milliers de personnes se sont \u00e0 nouveau retrouv\u00e9es samedi dans les rues de toute la France pour hurler leur opposition au pass sanitaire impos\u00e9 par le gouvernement et leur crainte des vaccins, une mobilisation en recul pour la troisi\u00e8me semaine cons\u00e9cutive.<\/p>\n\n\n\n<p>159.484 personnes, dont 14.500 \u00e0 Paris,&nbsp;<a href=\"https:\/\/www.20minutes.fr\/societe\/3105955-20210821-deputes-vote-obligation-pass-sanitaire-manifester-contre-dispositif-faux\">ont manifest\u00e9&nbsp;<\/a>dans les&nbsp;<a href=\"https:\/\/www.20minutes.fr\/societe\/3110635-20210827-coronavirus-plus-200-manifestations-prevues-samedi-contre-pass-sanitaire\">222 actions qui ont eu lieu ce samedi en France<\/a>&nbsp;contre le pass sanitaire pour le septi\u00e8me week-end cons\u00e9cutif, selon les chiffres du minist\u00e8re de l\u2019Int\u00e9rieur. Le week-end dernier, plus de 175.000 manifestants avaient \u00e9t\u00e9 recens\u00e9s par le minist\u00e8re de l\u2019Int\u00e9rieur, dont 14.700 \u00e0 Paris. Le collectif militant Le Nombre jaune, qui publie un d\u00e9compte ville par ville, a recens\u00e9 dans sa \u00ab&nbsp;premi\u00e8re estimation&nbsp;\u00bb au moins 319.290 manifestants en France, contre 357.100 il y a une semaine. Outre les quatre d\u00e9fil\u00e9s parisiens, les manifestations les plus importantes ont eu lieu \u00e0 Montpellier (9.500 personnes) et Mulhouse (5.000). Selon les pr\u00e9fectures, ils \u00e9taient \u00e9galement 4.000 \u00e0 Toulon et Annecy, 3.000 \u00e0 Marseille ou 2.500 \u00e0 Lyon.<\/p>\n\n\n\n<h2 class=\"wp-block-heading\">\u00ab&nbsp;Pas contre le vaccin mais contre le passeport vaccinal&nbsp;\u00bb<\/h2>\n\n\n\n<p>Dans la capitale, plusieurs cort\u00e8ges se sont mis en marche en d\u00e9but d\u2019apr\u00e8s-midi aux cris de \u00ab\u00a0libert\u00e9\u00a0\u00bb ou \u00ab\u00a0r\u00e9sistance\u00a0\u00bb. \u00ab\u00a0Je ne suis pas contre le vaccin mais contre le passeport vaccinal\u00a0\u00bb, a d\u00e9clar\u00e9 David Vidal Ponsard, un membre du mouvement des Patriotes de l\u2019ancien du Front national Florian Philippot, qui a rassembl\u00e9 ses troupes autour de l\u2019Ecole militaire. \u00ab\u00a0Le vaccin n\u2019est pas la solution\u00a0\u00bb, a rench\u00e9ri H\u00e9l\u00e8ne Vierondeels, retrait\u00e9e de l\u2019Education nationale. \u00ab\u00a0Il faudrait plut\u00f4t arr\u00eater de fermer les lits d\u2019h\u00f4pitaux, poursuivre les gestes barri\u00e8res\u00a0\u00bb, a-t-elle poursuivi au milieu des drapeaux tricolores agit\u00e9s par les manifestants.<\/p>\n\n\n\n<p>Largement peupl\u00e9 de \u00ab&nbsp;gilets jaunes&nbsp;\u00bb, un d\u00e9fil\u00e9 concurrent s\u2019est \u00e9lanc\u00e9 de la place de la Bourse en d\u00e9non\u00e7ant p\u00eale-m\u00eale la \u00ab&nbsp;propagande&nbsp;\u00bb des m\u00e9dias et du gouvernement sur le vaccin contre le Covid-19, la \u00ab&nbsp;piquouze&nbsp;\u00bb ou le \u00ab&nbsp;pass nazitaire&nbsp;\u00bb. Depuis juillet, des centaines de milliers de personnes de tous horizons \u2013 anciens \u00ab&nbsp;gilets jaunes&nbsp;\u00bb, militants \u00ab&nbsp;antivax&nbsp;\u00bb, tenants des th\u00e9ories du complot ou opposants \u00e0 Emmanuel Macron \u2013 battent chaque samedi le pav\u00e9, sans incident notable jusque-l\u00e0.<\/p>\n\n\n\n<h2 class=\"wp-block-heading\">\u00ab&nbsp;Un pi\u00e8ge insupportable&nbsp;\u00bb<\/h2>\n\n\n\n<p>Interrog\u00e9 sur la contestation, le ministre de la Sant\u00e9 Olivier V\u00e9ran a assur\u00e9 cette semaine que \u00ab&nbsp;les derni\u00e8res r\u00e9ticences sont en train de tomber face au succ\u00e8s du pass sanitaire&nbsp;\u00bb. Ce dispositif, \u00e0 pr\u00e9senter obligatoirement dans les bars, restaurants, transports longue distance ou encore h\u00f4pitaux, pourrait \u00eatre prolong\u00e9 au-del\u00e0 du 15&nbsp;novembre, la limite fix\u00e9e par la loi, \u00ab&nbsp;si le Covid ne disparaissait pas de nos vies&nbsp;\u00bb, a averti le ministre. Depuis le 16&nbsp;ao\u00fbt, le pass sanitaire s\u2019applique aussi dans de&nbsp;<a href=\"https:\/\/www.20minutes.fr\/societe\/3108723-20210825-pass-sanitaire-yvelines-arrete-prefectoral-imposant-centres-commerciaux-suspendu\">nombreux centres commerciaux<\/a>.&nbsp;<a href=\"https:\/\/www.20minutes.fr\/societe\/3110619-20210827-pass-sanitaire-nouvelles-regles-imposant-salaries-lundi\">A partir de lundi<\/a>, il s\u2019imposera aux salari\u00e9s des lieux o\u00f9 il est demand\u00e9 aux clients. Les employ\u00e9s refusant de le pr\u00e9senter pourront voir leurs&nbsp;<a href=\"https:\/\/www.20minutes.fr\/societe\/3109527-20210826-coronavirus-instauration-pass-sanitaire-toutes-entreprises-actualite-assure-jean-castex\">contrats de travail suspendus<\/a>.<\/p>\n\n\n\n<p>\u00ab&nbsp;J\u2019ai d\u00e9j\u00e0 \u00e9t\u00e9 convoqu\u00e9e par la direction, je ne sais pas ce que je vais faire, car d\u2019un c\u00f4t\u00e9 je suis radicalement oppos\u00e9e \u00e0 me faire vacciner, et d\u2019un autre c\u00f4t\u00e9 je risque de perdre mon boulot, j\u2019ai une petite fille \u00e0 nourrir&nbsp;\u00bb, a confi\u00e9 \u00e0 Toulouse Nancy Peschtel, \u00e9ducatrice sp\u00e9cialis\u00e9e dans un h\u00f4pital de jour et soumise \u00e0 la vaccination obligatoire. \u00ab&nbsp;Pour moi, nous mettre dans cette situation est un pi\u00e8ge insupportable&nbsp;\u00bb, a-t-elle regrett\u00e9.<\/p>\n\n\n\n<p>\u00ab&nbsp;Le pass sanitaire ne devrait pas exister dans une d\u00e9mocratie, ce n\u2019est pas normal de faire un tri entre les citoyens&nbsp;\u00bb, s\u2019est pour sa part insurg\u00e9 \u00e0 Lille Marc, un informaticien de 43 ans, qui a confi\u00e9 avoir re\u00e7u lui-m\u00eame une premi\u00e8re dose. Selon les derniers chiffres du minist\u00e8re de la Sant\u00e9, plus de 48&nbsp;millions de Fran\u00e7ais (71&nbsp;% de la population) ont re\u00e7u au moins une injection et 42,7&nbsp;millions les deux doses prescrites.<\/p>\n\n\n\n<p><\/p>\n","protected":false},"excerpt":{"rendered":"<p>Toujours mobilis\u00e9s, mais moins que les&nbsp;semaines pr\u00e9c\u00e9dentes. Plusieurs dizaines de milliers de personnes se sont \u00e0 nouveau retrouv\u00e9es samedi dans les rues de toute la France pour hurler leur opposition au pass sanitaire impos\u00e9 par le gouvernement et leur crainte des vaccins, une mobilisation en recul pour la troisi\u00e8me semaine cons\u00e9cutive. 159.484 personnes, dont 14.500 [&hellip;]<\/p>\n","protected":false},"author":2,"featured_media":18956,"comment_status":"open","ping_status":"open","sticky":false,"template":"","format":"standard","meta":{"_jetpack_memberships_contains_paid_content":false,"footnotes":"","jetpack_publicize_message":"","jetpack_publicize_feature_enabled":true,"jetpack_social_post_already_shared":true,"jetpack_social_options":{"image_generator_settings":{"template":"highway","default_image_id":0,"font":"","enabled":false},"version":2},"_wpas_customize_per_network":false},"categories":[405],"tags":[2937],"class_list":["post-18955","post","type-post","status-publish","format-standard","has-post-thumbnail","hentry","category-actu-france-monde","tag-pres-de-160-000-manifestants-en-france"],"jetpack_publicize_connections":[],"jetpack_featured_media_url":"https:\/\/i0.wp.com\/www.iceagetv.com\/radiosite\/wp-content\/uploads\/2021\/08\/Pr%C3%A8s-de-160.000-manifestants-en-France-selon-lInt%C3%A9rieur.png?fit=632%2C405&ssl=1","jetpack_sharing_enabled":true,"_links":{"self":[{"href":"https:\/\/www.iceagetv.com\/radiosite\/wp-json\/wp\/v2\/posts\/18955","targetHints":{"allow":["GET"]}}],"collection":[{"href":"https:\/\/www.iceagetv.com\/radiosite\/wp-json\/wp\/v2\/posts"}],"about":[{"href":"https:\/\/www.iceagetv.com\/radiosite\/wp-json\/wp\/v2\/types\/post"}],"author":[{"embeddable":true,"href":"https:\/\/www.iceagetv.com\/radiosite\/wp-json\/wp\/v2\/users\/2"}],"replies":[{"embeddable":true,"href":"https:\/\/www.iceagetv.com\/radiosite\/wp-json\/wp\/v2\/comments?post=18955"}],"version-history":[{"count":1,"href":"https:\/\/www.iceagetv.com\/radiosite\/wp-json\/wp\/v2\/posts\/18955\/revisions"}],"predecessor-version":[{"id":18957,"href":"https:\/\/www.iceagetv.com\/radiosite\/wp-json\/wp\/v2\/posts\/18955\/revisions\/18957"}],"wp:featuredmedia":[{"embeddable":true,"href":"https:\/\/www.iceagetv.com\/radiosite\/wp-json\/wp\/v2\/media\/18956"}],"wp:attachment":[{"href":"https:\/\/www.iceagetv.com\/radiosite\/wp-json\/wp\/v2\/media?parent=18955"}],"wp:term":[{"taxonomy":"category","embeddable":true,"href":"https:\/\/www.iceagetv.com\/radiosite\/wp-json\/wp\/v2\/categories?post=18955"},{"taxonomy":"post_tag","embeddable":true,"href":"https:\/\/www.iceagetv.com\/radiosite\/wp-json\/wp\/v2\/tags?post=18955"}],"curies":[{"name":"wp","href":"https:\/\/api.w.org\/{rel}","templated":true}]}}