{"id":18961,"date":"2021-08-31T15:55:27","date_gmt":"2021-08-31T15:55:27","guid":{"rendered":"http:\/\/www.iceagetv.com\/radiosite\/?p=18961"},"modified":"2021-08-31T15:55:27","modified_gmt":"2021-08-31T15:55:27","slug":"le-groupe-canal-annonce-le-lancement-de-deux-nouvelles-chaines-de-television-declinant-canal-a-partir-du-9-septembre","status":"publish","type":"post","link":"https:\/\/www.iceagetv.com\/radiosite\/le-groupe-canal-annonce-le-lancement-de-deux-nouvelles-chaines-de-television-declinant-canal-a-partir-du-9-septembre\/","title":{"rendered":"Le groupe Canal annonce le lancement de deux nouvelles cha\u00eenes de t\u00e9l\u00e9vision d\u00e9clinant Canal+ \u00e0 partir du 9 septembre"},"content":{"rendered":"\n<p>A partir du 9 septembre prochain, le groupe Canal Plus lancera deux nouvelles cha\u00eenes sur deux th\u00e9matiques pl\u00e9biscit\u00e9es par les abonn\u00e9s, les documentaires et les programmes jeunesse : Canal+ Docs et Canal+ Kids. La premi\u00e8re sera une \u00ab\u00a0cha\u00eene contemporaine qui raconte notre \u00e9poque \u00e0 travers des r\u00e9cits in\u00e9dits et exclusifs et des regards pluriels, port\u00e9s par des grands noms du cin\u00e9ma documentaire\u00a0\u00bb.&nbsp;<\/p>\n\n\n\n<p>De son c\u00f4t\u00e9, Canal+ Kids sera \u00ab\u00a0une cha\u00eene sp\u00e9cifiquement con\u00e7ue pour les 4 \u2013 12 ans, m\u00ealant audace, cr\u00e9ativit\u00e9, et humour. L\u2019ADN de CANAL+ sera d\u00e9clin\u00e9 dans une proposition g\u00e9n\u00e9raliste, proposant le meilleur de l\u2019animation, de la fiction mais aussi des \u00e9missions originales et des documentaires in\u00e9dits\u00a0\u00bb. Dans un march\u00e9 de plus en plus encombr\u00e9, CANAL+ facilite le choix de ses abonn\u00e9s avec 3 offres simples et compl\u00e8tes. Une offre\u00a0CANAL+\u00a0g\u00e9n\u00e9raliste enrichie, regroupant tout le meilleur de CANAL+ et deux offres th\u00e9matis\u00e9es pour les passionn\u00e9s de cin\u00e9ma et s\u00e9ries ou de sport :\u00a0CANAL+\u00a0CINE SERIES\u00a0et\u00a0CANAL+SPORT\u00a0\u00bb, pr\u00e9cise le groupe dans un communiqu\u00e9. Et d&rsquo;ajouter : \u00ab\u00a0L\u2019occasion pour CANAL+ de renforcer son identit\u00e9 dans ses interfaces avec de nouveaux codes graphiques identifiables et d\u2019affirmer sa personnalit\u00e9 \u00e0 travers son ton d\u00e9cal\u00e9 et impertinent\u00a0\u00bb.\u00a0 <\/p>\n","protected":false},"excerpt":{"rendered":"<p>A partir du 9 septembre prochain, le groupe Canal Plus lancera deux nouvelles cha\u00eenes sur deux th\u00e9matiques pl\u00e9biscit\u00e9es par les abonn\u00e9s, les documentaires et les programmes jeunesse : Canal+ Docs et Canal+ Kids. La premi\u00e8re sera une \u00ab\u00a0cha\u00eene contemporaine qui raconte notre \u00e9poque \u00e0 travers des r\u00e9cits in\u00e9dits et exclusifs et des regards pluriels, port\u00e9s [&hellip;]<\/p>\n","protected":false},"author":2,"featured_media":18962,"comment_status":"open","ping_status":"open","sticky":false,"template":"","format":"standard","meta":{"_jetpack_memberships_contains_paid_content":false,"footnotes":"","jetpack_publicize_message":"","jetpack_publicize_feature_enabled":true,"jetpack_social_post_already_shared":true,"jetpack_social_options":{"image_generator_settings":{"template":"highway","default_image_id":0,"font":"","enabled":false},"version":2},"_wpas_customize_per_network":false},"categories":[68],"tags":[],"class_list":["post-18961","post","type-post","status-publish","format-standard","has-post-thumbnail","hentry","category-actu-culturelle"],"jetpack_publicize_connections":[],"jetpack_featured_media_url":"https:\/\/i0.wp.com\/www.iceagetv.com\/radiosite\/wp-content\/uploads\/2021\/08\/Le-groupe-Canal-annonce-le-lancement-de-deux-nouvelles-cha%C3%AEnes-de-t%C3%A9l%C3%A9vision-d%C3%A9clinant-Canal-%C3%A0-partir-du-9-septembre.png?fit=540%2C243&ssl=1","jetpack_sharing_enabled":true,"_links":{"self":[{"href":"https:\/\/www.iceagetv.com\/radiosite\/wp-json\/wp\/v2\/posts\/18961","targetHints":{"allow":["GET"]}}],"collection":[{"href":"https:\/\/www.iceagetv.com\/radiosite\/wp-json\/wp\/v2\/posts"}],"about":[{"href":"https:\/\/www.iceagetv.com\/radiosite\/wp-json\/wp\/v2\/types\/post"}],"author":[{"embeddable":true,"href":"https:\/\/www.iceagetv.com\/radiosite\/wp-json\/wp\/v2\/users\/2"}],"replies":[{"embeddable":true,"href":"https:\/\/www.iceagetv.com\/radiosite\/wp-json\/wp\/v2\/comments?post=18961"}],"version-history":[{"count":1,"href":"https:\/\/www.iceagetv.com\/radiosite\/wp-json\/wp\/v2\/posts\/18961\/revisions"}],"predecessor-version":[{"id":18963,"href":"https:\/\/www.iceagetv.com\/radiosite\/wp-json\/wp\/v2\/posts\/18961\/revisions\/18963"}],"wp:featuredmedia":[{"embeddable":true,"href":"https:\/\/www.iceagetv.com\/radiosite\/wp-json\/wp\/v2\/media\/18962"}],"wp:attachment":[{"href":"https:\/\/www.iceagetv.com\/radiosite\/wp-json\/wp\/v2\/media?parent=18961"}],"wp:term":[{"taxonomy":"category","embeddable":true,"href":"https:\/\/www.iceagetv.com\/radiosite\/wp-json\/wp\/v2\/categories?post=18961"},{"taxonomy":"post_tag","embeddable":true,"href":"https:\/\/www.iceagetv.com\/radiosite\/wp-json\/wp\/v2\/tags?post=18961"}],"curies":[{"name":"wp","href":"https:\/\/api.w.org\/{rel}","templated":true}]}}