{"id":18967,"date":"2021-09-01T11:58:23","date_gmt":"2021-09-01T11:58:23","guid":{"rendered":"http:\/\/www.iceagetv.com\/radiosite\/?p=18967"},"modified":"2021-09-01T11:58:23","modified_gmt":"2021-09-01T11:58:23","slug":"le-pass-sanitaire-reste-obligatoire-dans-les-grands-centres-commerciaux-parisiens-le-tribunal-na-pas-suspendu-larrete-prefectoral","status":"publish","type":"post","link":"https:\/\/www.iceagetv.com\/radiosite\/le-pass-sanitaire-reste-obligatoire-dans-les-grands-centres-commerciaux-parisiens-le-tribunal-na-pas-suspendu-larrete-prefectoral\/","title":{"rendered":"Le pass sanitaire reste obligatoire dans les grands centres commerciaux parisiens &#8211; Le tribunal n\u2019a pas suspendu l\u2019arr\u00eat\u00e9 pr\u00e9fectoral"},"content":{"rendered":"\n<p>La demande de suspension de l&rsquo;arr\u00eat\u00e9 pr\u00e9fectoral imposant le contr\u00f4le du pass sanitaire dans les grands centres commerciaux parisiens a \u00e9t\u00e9 rejet\u00e9e par le tribunal administratif de Paris, a appris l&rsquo;AFP mercredi, mais le requ\u00e9rant a annonc\u00e9 son intention de faire appel. Alors que les tribunaux administratifs comp\u00e9tents pour les Yvelines, l&rsquo;Essonne, les Hauts-de-Seine ou encore le Haut-Rhin avaient d\u00e9cid\u00e9 la suspension d&rsquo;arr\u00eat\u00e9s pr\u00e9fectoraux imposant ce contr\u00f4le, le tribunal administratif de Paris a rejet\u00e9 les requ\u00eates de suspension qui lui ont \u00e9t\u00e9 pr\u00e9sent\u00e9es mardi, selon la d\u00e9cision consult\u00e9e par l&rsquo;AFP.<\/p>\n\n\n\n<p>\u00ab\u00a0Le tribunal administratif a rejet\u00e9 les requ\u00eates d\u00e9pos\u00e9es, consid\u00e9rant de mani\u00e8re tr\u00e8s surprenante qu&rsquo;il n&rsquo;y avait pas urgence \u00e0 statuer\u00a0\u00bb, a r\u00e9agi aupr\u00e8s de l&rsquo;AFP l&rsquo;un des avocats ayant d\u00e9pos\u00e9 un recours, Yoann Sibille. \u00ab\u00a0La probl\u00e9matique de fond portant sur la l\u00e9galit\u00e9 de l&rsquo;arr\u00eat\u00e9 pr\u00e9fectoral n&rsquo;a pas du tout \u00e9t\u00e9 trait\u00e9e par le tribunal\u00a0\u00bb, a-t-il encore comment\u00e9 en annon\u00e7ant son intention de faire appel de cette d\u00e9cision.<em>close<\/em><em>volume_off<\/em><\/p>\n\n\n\n<p>Le tribunal administratif de Versailles, le premier \u00e0 avoir suspendu ce type d&rsquo;arr\u00eat\u00e9, avait de son c\u00f4t\u00e9 consid\u00e9r\u00e9 que ces restrictions ne pr\u00e9voyaient pas d'\u00a0\u00bbam\u00e9nagements pour permettre aux clients ne disposant pas de pass\u00a0\u00bb d&rsquo;acc\u00e9der aux \u00ab\u00a0biens et services de premi\u00e8re n\u00e9cessit\u00e9\u00a0\u00bb. De nombreux pr\u00e9fets avaient commenc\u00e9 mi-ao\u00fbt \u00e0 prendre ces mesures, demand\u00e9es par le gouvernement dans les d\u00e9partements o\u00f9 le taux d&rsquo;incidence de l&rsquo;\u00e9pid\u00e9mie d\u00e9passait les 200 pour 100.000 habitants sur une semaine, afin de contenir la propagation de l&rsquo;\u00e9pid\u00e9mie de Covid-19.<\/p>\n\n\n\n<p>A Paris, de nombreux et c\u00e9l\u00e8bres centres commerciaux sont concern\u00e9s, comme le BHV, le Printemps Haussmann, le b\u00e2timent principal des Galeries Lafayette, La Samaritaine, Le Bon March\u00e9, Beaugrenelle ou encore Italie 2. Les professionnels pointent l&rsquo;impact de ces restrictions sur la fr\u00e9quentation de l&rsquo;ensemble des centres commerciaux.<\/p>\n","protected":false},"excerpt":{"rendered":"<p>La demande de suspension de l&rsquo;arr\u00eat\u00e9 pr\u00e9fectoral imposant le contr\u00f4le du pass sanitaire dans les grands centres commerciaux parisiens a \u00e9t\u00e9 rejet\u00e9e par le tribunal administratif de Paris, a appris l&rsquo;AFP mercredi, mais le requ\u00e9rant a annonc\u00e9 son intention de faire appel. Alors que les tribunaux administratifs comp\u00e9tents pour les Yvelines, l&rsquo;Essonne, les Hauts-de-Seine ou [&hellip;]<\/p>\n","protected":false},"author":2,"featured_media":18968,"comment_status":"open","ping_status":"open","sticky":false,"template":"","format":"standard","meta":{"_jetpack_memberships_contains_paid_content":false,"footnotes":"","jetpack_publicize_message":"","jetpack_publicize_feature_enabled":true,"jetpack_social_post_already_shared":true,"jetpack_social_options":{"image_generator_settings":{"template":"highway","default_image_id":0,"font":"","enabled":false},"version":2},"_wpas_customize_per_network":false},"categories":[405],"tags":[],"class_list":["post-18967","post","type-post","status-publish","format-standard","has-post-thumbnail","hentry","category-actu-france-monde"],"jetpack_publicize_connections":[],"jetpack_featured_media_url":"https:\/\/i0.wp.com\/www.iceagetv.com\/radiosite\/wp-content\/uploads\/2021\/09\/Le-pass-sanitaire-reste-obligatoire-dans-les-grands-centres-commerciaux-parisiens.jpg?fit=679%2C293&ssl=1","jetpack_sharing_enabled":true,"_links":{"self":[{"href":"https:\/\/www.iceagetv.com\/radiosite\/wp-json\/wp\/v2\/posts\/18967","targetHints":{"allow":["GET"]}}],"collection":[{"href":"https:\/\/www.iceagetv.com\/radiosite\/wp-json\/wp\/v2\/posts"}],"about":[{"href":"https:\/\/www.iceagetv.com\/radiosite\/wp-json\/wp\/v2\/types\/post"}],"author":[{"embeddable":true,"href":"https:\/\/www.iceagetv.com\/radiosite\/wp-json\/wp\/v2\/users\/2"}],"replies":[{"embeddable":true,"href":"https:\/\/www.iceagetv.com\/radiosite\/wp-json\/wp\/v2\/comments?post=18967"}],"version-history":[{"count":1,"href":"https:\/\/www.iceagetv.com\/radiosite\/wp-json\/wp\/v2\/posts\/18967\/revisions"}],"predecessor-version":[{"id":18969,"href":"https:\/\/www.iceagetv.com\/radiosite\/wp-json\/wp\/v2\/posts\/18967\/revisions\/18969"}],"wp:featuredmedia":[{"embeddable":true,"href":"https:\/\/www.iceagetv.com\/radiosite\/wp-json\/wp\/v2\/media\/18968"}],"wp:attachment":[{"href":"https:\/\/www.iceagetv.com\/radiosite\/wp-json\/wp\/v2\/media?parent=18967"}],"wp:term":[{"taxonomy":"category","embeddable":true,"href":"https:\/\/www.iceagetv.com\/radiosite\/wp-json\/wp\/v2\/categories?post=18967"},{"taxonomy":"post_tag","embeddable":true,"href":"https:\/\/www.iceagetv.com\/radiosite\/wp-json\/wp\/v2\/tags?post=18967"}],"curies":[{"name":"wp","href":"https:\/\/api.w.org\/{rel}","templated":true}]}}