{"id":18970,"date":"2021-09-01T18:39:23","date_gmt":"2021-09-01T18:39:23","guid":{"rendered":"http:\/\/www.iceagetv.com\/radiosite\/?p=18970"},"modified":"2021-09-01T18:39:23","modified_gmt":"2021-09-01T18:39:23","slug":"emmanuel-macron-a-marseille-le-president-rencontre-longuement-les-habitants-et-les-elus-de-plusieurs-quartiers-il-est-arrive-sous-les-huees-et-les-cris-de-macron-demission","status":"publish","type":"post","link":"https:\/\/www.iceagetv.com\/radiosite\/emmanuel-macron-a-marseille-le-president-rencontre-longuement-les-habitants-et-les-elus-de-plusieurs-quartiers-il-est-arrive-sous-les-huees-et-les-cris-de-macron-demission\/","title":{"rendered":"Emmanuel Macron \u00e0 Marseille &#8211; Le Pr\u00e9sident rencontre longuement les habitants et les \u00e9lus de plusieurs quartiers &#8211; Il est arriv\u00e9 sous les hu\u00e9es et les cris de \u00ab\u00a0Macron d\u00e9mission"},"content":{"rendered":"\n<p> Le pr\u00e9sident de la R\u00e9publique a accord\u00e9 un entretien \u00e0 France 3 Provence-Alpes-C\u00f4te d&rsquo;Azur au cours duquel il a \u00e9voqu\u00e9 \u00ab\u00a0une situation tr\u00e8s difficile\u00a0\u00bb dans des quartiers de Marseille et des jeunes \u00ab\u00a0qui ont une fome de stigmate\u00a0\u00bb \u00ab\u00a0La R\u00e9publique vous reconna\u00eet et vous aime. Elle vous doit de vous donner les m\u00eames chances et aujourd&rsquo;hui, elle ne le fait pas\u00a0\u00bb, a reconnu Emmanuel Macron.  Nos jeunes sont en souffrance\u00a0\u00bb, a lanc\u00e9 une habitante de la cit\u00e9 Bassens de Marseille \u00e0 Emmanuel Macron ce mercredi soir lors d&rsquo;un dialogue, avant d&rsquo;\u00e9num\u00e9rer les probl\u00e8mes auxquels est confront\u00e9e la cit\u00e9: \u00ab\u00a0On a un gros probl\u00e8me d\u00e9j\u00e0 concernant l&rsquo;\u00e9ducation: nos \u00e9coles manquent de professeurs, professeurs pas remplac\u00e9s, manque d&rsquo;infrastructures, pas de chauffage en hiver (&#8230;) il y a beaucoup de d\u00e9crochage scolaire, les coll\u00e9giens devraient \u00eatre plus accompagn\u00e9s\u00a0\u00bb.  Interpell\u00e9 par les habitants et les journalistes pr\u00e9sents sur place, Emmanuel Macron d\u00e9clare:\u00a0\u00ab\u00a0On ne fera pas les choses en un jour, mais on veut avoir les acteurs locaux avec nous\u00a0\u00bb. Et d&rsquo;ajouter: \u00ab\u00a0Il suffit d&rsquo;avoir des r\u00e8gles claires, de savoir qui fait quoi et c&rsquo;est ce que nous allons t\u00e2cher de faire\u00a0\u00bb.  Emmanuel Macron vient d&rsquo;arriver \u00e0 la cit\u00e9 Bassens, dans les quartiers nord de Marseille pour pr\u00e9senter son grand plan pour la ville.\u00a0Il a \u00e9t\u00e9 accueilli par l&rsquo;adjointe au maire de Marseille et maire d&rsquo;arrondissement Samia Ghali.\u00a0Il dialogue avec des habitants, et est interpell\u00e9 par un \u00e9ducateur.\u00a0Ce dernier r\u00e9clame notamment que les fonds d\u00e9bloqu\u00e9s soient utilis\u00e9s pour l\u00a0\u00bb&lsquo;\u00e9ducation\u00a0\u00bb et pour \u00ab\u00a0le suivi\u00a0\u00bb des jeunes de Marseille. \u00ab\u00a0C&rsquo;est bien de tendre la main, il faut mettre le pied \u00e0 l&rsquo;\u00e9trier aux jeunes\u00a0\u00bb, a-t-il lanc\u00e9 \u00e0 Emmanuel Macron. <\/p>\n","protected":false},"excerpt":{"rendered":"<p>Le pr\u00e9sident de la R\u00e9publique a accord\u00e9 un entretien \u00e0 France 3 Provence-Alpes-C\u00f4te d&rsquo;Azur au cours duquel il a \u00e9voqu\u00e9 \u00ab\u00a0une situation tr\u00e8s difficile\u00a0\u00bb dans des quartiers de Marseille et des jeunes \u00ab\u00a0qui ont une fome de stigmate\u00a0\u00bb \u00ab\u00a0La R\u00e9publique vous reconna\u00eet et vous aime. Elle vous doit de vous donner les m\u00eames chances et [&hellip;]<\/p>\n","protected":false},"author":2,"featured_media":18971,"comment_status":"open","ping_status":"open","sticky":false,"template":"","format":"standard","meta":{"_jetpack_memberships_contains_paid_content":false,"footnotes":"","jetpack_publicize_message":"","jetpack_publicize_feature_enabled":true,"jetpack_social_post_already_shared":true,"jetpack_social_options":{"image_generator_settings":{"template":"highway","default_image_id":0,"font":"","enabled":false},"version":2},"_wpas_customize_per_network":false},"categories":[405],"tags":[],"class_list":["post-18970","post","type-post","status-publish","format-standard","has-post-thumbnail","hentry","category-actu-france-monde"],"jetpack_publicize_connections":[],"jetpack_featured_media_url":"https:\/\/i0.wp.com\/www.iceagetv.com\/radiosite\/wp-content\/uploads\/2021\/09\/Emmanuel-Macron-%C3%A9change-avec-des-habitantes-du-quartier.jpg?fit=679%2C293&ssl=1","jetpack_sharing_enabled":true,"_links":{"self":[{"href":"https:\/\/www.iceagetv.com\/radiosite\/wp-json\/wp\/v2\/posts\/18970","targetHints":{"allow":["GET"]}}],"collection":[{"href":"https:\/\/www.iceagetv.com\/radiosite\/wp-json\/wp\/v2\/posts"}],"about":[{"href":"https:\/\/www.iceagetv.com\/radiosite\/wp-json\/wp\/v2\/types\/post"}],"author":[{"embeddable":true,"href":"https:\/\/www.iceagetv.com\/radiosite\/wp-json\/wp\/v2\/users\/2"}],"replies":[{"embeddable":true,"href":"https:\/\/www.iceagetv.com\/radiosite\/wp-json\/wp\/v2\/comments?post=18970"}],"version-history":[{"count":1,"href":"https:\/\/www.iceagetv.com\/radiosite\/wp-json\/wp\/v2\/posts\/18970\/revisions"}],"predecessor-version":[{"id":18972,"href":"https:\/\/www.iceagetv.com\/radiosite\/wp-json\/wp\/v2\/posts\/18970\/revisions\/18972"}],"wp:featuredmedia":[{"embeddable":true,"href":"https:\/\/www.iceagetv.com\/radiosite\/wp-json\/wp\/v2\/media\/18971"}],"wp:attachment":[{"href":"https:\/\/www.iceagetv.com\/radiosite\/wp-json\/wp\/v2\/media?parent=18970"}],"wp:term":[{"taxonomy":"category","embeddable":true,"href":"https:\/\/www.iceagetv.com\/radiosite\/wp-json\/wp\/v2\/categories?post=18970"},{"taxonomy":"post_tag","embeddable":true,"href":"https:\/\/www.iceagetv.com\/radiosite\/wp-json\/wp\/v2\/tags?post=18970"}],"curies":[{"name":"wp","href":"https:\/\/api.w.org\/{rel}","templated":true}]}}