{"id":18998,"date":"2021-09-06T18:48:07","date_gmt":"2021-09-06T18:48:07","guid":{"rendered":"http:\/\/www.iceagetv.com\/radiosite\/?p=18998"},"modified":"2021-09-06T18:48:07","modified_gmt":"2021-09-06T18:48:07","slug":"lacteur-jean-paul-belmondo-legende-du-cinema-francais-est-decede-a-lage-de-88-ans-il-etait-tres-fatigue-depuis-quelques-temps-il-sest-eteint-tranquillement-avocat","status":"publish","type":"post","link":"https:\/\/www.iceagetv.com\/radiosite\/lacteur-jean-paul-belmondo-legende-du-cinema-francais-est-decede-a-lage-de-88-ans-il-etait-tres-fatigue-depuis-quelques-temps-il-sest-eteint-tranquillement-avocat\/","title":{"rendered":"L&rsquo;acteur Jean-Paul Belmondo, l\u00e9gende du cin\u00e9ma fran\u00e7ais, est d\u00e9c\u00e9d\u00e9 \u00e0 l&rsquo;\u00e2ge de 88 ans &#8211; \u00ab\u00a0Il \u00e9tait tr\u00e8s fatigu\u00e9 depuis quelques temps. Il s&rsquo;est \u00e9teint tranquillement\u00a0\u00bb (avocat)"},"content":{"rendered":"\n<p> Jean Dujardin rend hommage \u00e0 son idole Jean-Paul Belmondo.\u00a0\u00ab\u00a0Tu vas me manquer\u2026 tu vas tellement nous manquer. Merci Jean Paul \u00ab\u00a0, a-t-il \u00e9crit.  <strong>La ministre de la Culture Roselyne Bachelot confie sur RTL:\u00a0\u00ab\u00a0C&rsquo;est rare un artiste qui r\u00e9ussi \u00e0 r\u00e9concilier l&rsquo;ensemble des Fran\u00e7ais.\u00a0Il plaidait aussi bien dans des films tr\u00e8s tr\u00e8s populaires mais il n&rsquo;a jamais non plus abandonn\u00e9 le cin\u00e9ma d&rsquo;auteur\u00a0\u00bb. Avant de le d\u00e9crire comme un homme qui \u00ab\u00a0transpirait la sympathie, la bienveillance, l&rsquo;humour\u00a0\u00bb. La ministre confirme \u00e9galement\u00a0qu&rsquo;un hommage sera rendu \u00e0 l&rsquo;acteur.\u00a0\u00ab\u00a0Le pr\u00e9sident de la R\u00e9publique en fixera les contours\u00a0\u00bb, a-t-elle d\u00e9clar\u00e9.<\/strong> Jean-Paul Belmondo, c\u2019\u00e9tait une gueule et une gouaille inimitables, un acteur et un cascadeur l\u00e9gendaire. Avec sa disparition, nous perdons un peu de cette \u00e9l\u00e9gance fran\u00e7aise \u00e0 l\u2019ancienne qui manque beaucoup au cin\u00e9ma. Quelle tristesse\u00a0\u00bb, a d\u00e9clar\u00e9 la pr\u00e9sidente du Rassemblement national Marine Le Pen sur Twitter Un g\u00e9ant s\u2019en est all\u00e9. Acteur phare de la Nouvelle vague, h\u00e9ros populaire dans les films de G\u00e9rard Oury ou de Georges Lautner, immense Cyrano au th\u00e9\u00e2tre : Jean-Paul Belmondo \u00e9tait tout cela \u00e0 la fois. Merci pour ces fabuleux souvenirs qui auront marqu\u00e9 tant de g\u00e9n\u00e9rations\u00a0\u00bb, a d\u00e9clar\u00e9 la maire de Paris Anne Hidalgo  Jean-Paul Belmondo aura su nouer avec les Fran\u00e7ais une relation exceptionnelle, au point que chacun avait envie de l\u2019avoir comme ami. Il a jou\u00e9 avec les plus grands, parce qu\u2019il \u00e9tait un des plus grands. Il restera dans l\u2019histoire du cin\u00e9ma et dans nos m\u00e9moires\u00a0\u00bb, a r\u00e9agi l&rsquo;ex-pr\u00e9sident Fran\u00e7ois Hollande dans un communiqu\u00e9. <\/p>\n\n\n\n<p>&nbsp;Adieu Belmondo.&nbsp; Envie de m\u2019arr\u00eater quelques jours et revoir tous ces films o\u00f9 j\u2019ai r\u00eav\u00e9, ri, trembl\u00e9, avec ce g\u00e9ant qui a su donner chair \u00e0 tant de personnages&nbsp;\u00bb, a tweet\u00e9 le Premier secr\u00e9taire du Parti Socialiste Olivier Faure<\/p>\n\n\n\n<p>J\u2019ai propos\u00e9 une nouvelle m\u00e9thode pour que les militants choisissent leur candidat. Ils sont ceux qui ont r\u00e9veill\u00e9 l\u2019espoir. Ils sont ceux qui portent nos combats au quotidien. Ils seront les arbitres ultimes.<br>Mon interview avec&nbsp;<a href=\"https:\/\/twitter.com\/lemondefr?ref_src=twsrc%5Etfw\">@lemondefr<\/a>&nbsp;<a href=\"https:\/\/t.co\/Ddf5QlDEsH\">https:\/\/t.co\/Ddf5QlDEsH<\/a><\/p>\n\n\n\n<p>\u2014 Olivier Faure (@faureolivier)&nbsp;<a href=\"https:\/\/twitter.com\/faureolivier\/status\/1431163504132829189?ref_src=twsrc%5Etfw\">August 27, 2021<\/a>&gt;<\/p>\n\n\n\n<p><br><\/p>\n","protected":false},"excerpt":{"rendered":"<p>Jean Dujardin rend hommage \u00e0 son idole Jean-Paul Belmondo.\u00a0\u00ab\u00a0Tu vas me manquer\u2026 tu vas tellement nous manquer. Merci Jean Paul \u00ab\u00a0, a-t-il \u00e9crit. La ministre de la Culture Roselyne Bachelot confie sur RTL:\u00a0\u00ab\u00a0C&rsquo;est rare un artiste qui r\u00e9ussi \u00e0 r\u00e9concilier l&rsquo;ensemble des Fran\u00e7ais.\u00a0Il plaidait aussi bien dans des films tr\u00e8s tr\u00e8s populaires mais il n&rsquo;a [&hellip;]<\/p>\n","protected":false},"author":2,"featured_media":18999,"comment_status":"open","ping_status":"open","sticky":false,"template":"","format":"standard","meta":{"_jetpack_memberships_contains_paid_content":false,"footnotes":"","jetpack_publicize_message":"","jetpack_publicize_feature_enabled":true,"jetpack_social_post_already_shared":true,"jetpack_social_options":{"image_generator_settings":{"template":"highway","default_image_id":0,"font":"","enabled":false},"version":2},"_wpas_customize_per_network":false},"categories":[405],"tags":[],"class_list":["post-18998","post","type-post","status-publish","format-standard","has-post-thumbnail","hentry","category-actu-france-monde"],"jetpack_publicize_connections":[],"jetpack_featured_media_url":"https:\/\/i0.wp.com\/www.iceagetv.com\/radiosite\/wp-content\/uploads\/2021\/09\/Lacteur-Jean-Paul-Belmondo.jpg?fit=679%2C368&ssl=1","jetpack_sharing_enabled":true,"_links":{"self":[{"href":"https:\/\/www.iceagetv.com\/radiosite\/wp-json\/wp\/v2\/posts\/18998","targetHints":{"allow":["GET"]}}],"collection":[{"href":"https:\/\/www.iceagetv.com\/radiosite\/wp-json\/wp\/v2\/posts"}],"about":[{"href":"https:\/\/www.iceagetv.com\/radiosite\/wp-json\/wp\/v2\/types\/post"}],"author":[{"embeddable":true,"href":"https:\/\/www.iceagetv.com\/radiosite\/wp-json\/wp\/v2\/users\/2"}],"replies":[{"embeddable":true,"href":"https:\/\/www.iceagetv.com\/radiosite\/wp-json\/wp\/v2\/comments?post=18998"}],"version-history":[{"count":1,"href":"https:\/\/www.iceagetv.com\/radiosite\/wp-json\/wp\/v2\/posts\/18998\/revisions"}],"predecessor-version":[{"id":19000,"href":"https:\/\/www.iceagetv.com\/radiosite\/wp-json\/wp\/v2\/posts\/18998\/revisions\/19000"}],"wp:featuredmedia":[{"embeddable":true,"href":"https:\/\/www.iceagetv.com\/radiosite\/wp-json\/wp\/v2\/media\/18999"}],"wp:attachment":[{"href":"https:\/\/www.iceagetv.com\/radiosite\/wp-json\/wp\/v2\/media?parent=18998"}],"wp:term":[{"taxonomy":"category","embeddable":true,"href":"https:\/\/www.iceagetv.com\/radiosite\/wp-json\/wp\/v2\/categories?post=18998"},{"taxonomy":"post_tag","embeddable":true,"href":"https:\/\/www.iceagetv.com\/radiosite\/wp-json\/wp\/v2\/tags?post=18998"}],"curies":[{"name":"wp","href":"https:\/\/api.w.org\/{rel}","templated":true}]}}