{"id":19011,"date":"2021-09-18T07:43:59","date_gmt":"2021-09-18T07:43:59","guid":{"rendered":"http:\/\/www.iceagetv.com\/radiosite\/?p=19011"},"modified":"2021-09-18T07:43:59","modified_gmt":"2021-09-18T07:43:59","slug":"lancien-president-algerien-abdelaziz-bouteflika-chasse-du-pouvoir-il-y-a-deux-ans-apres-des-manifestations-massives-est-decede-a-lage-de-84-ans","status":"publish","type":"post","link":"https:\/\/www.iceagetv.com\/radiosite\/lancien-president-algerien-abdelaziz-bouteflika-chasse-du-pouvoir-il-y-a-deux-ans-apres-des-manifestations-massives-est-decede-a-lage-de-84-ans\/","title":{"rendered":"L\u2019ancien pr\u00e9sident alg\u00e9rien Abdelaziz Bouteflika, chass\u00e9 du pouvoir il y a deux ans apr\u00e8s des manifestations massives, est d\u00e9c\u00e9d\u00e9 \u00e0 l\u2019\u00e2ge de 84 ans"},"content":{"rendered":"\n<p>L\u2019ancien pr\u00e9sident alg\u00e9rien Abdelaziz Bouteflika, chass\u00e9 du pouvoir il y a deux ans apr\u00e8s des manifestations massives contre sa volont\u00e9 de briguer un nouveau mandat, est d\u00e9c\u00e9d\u00e9&nbsp; \u00e0 l\u2019\u00e2ge de 84 ans, a annonc\u00e9 la t\u00e9l\u00e9vision publique.<\/p>\n\n\n\n<p>\u00ab D\u00e9c\u00e8s de l\u2019ancien pr\u00e9sident Abdelaziz Bouteflika \u00bb, a indiqu\u00e9 un bandeau d\u00e9roulant \u00e0 la t\u00e9l\u00e9vision nationale, qui cite un communiqu\u00e9 de la pr\u00e9sidence de la R\u00e9publique. Bouteflika est d\u00e9c\u00e9d\u00e9 \u00e0 \u00ab 22h00 \u00e0 son lieu de r\u00e9sidence \u00bb, selon la cha\u00eene priv\u00e9e El Hayet TV. En avril 2019, il avait renonc\u00e9 au pouvoir sous la pression de l\u2019arm\u00e9e et de la rue.<\/p>\n\n\n\n<p>Sa chute \u00e9tait devenue in\u00e9luctable apr\u00e8s des semaines de manifestations massives contre sa volont\u00e9 de briguer un cinqui\u00e8me quinquennat, apr\u00e8s 20 ans au pouvoir, malgr\u00e9 sa maladie.<\/p>\n\n\n\n<p>Omnipr\u00e9sent dans la vie politique alg\u00e9rienne durant des d\u00e9cennies, mais devenu quasi-invisible depuis un accident vasculaire c\u00e9r\u00e9bral (AVC) en 2013, Bouteflika n\u2019avait donn\u00e9 aucun signe de vie depuis que le mouvement de contestation populaire du \u00ab Hirak \u00bb et l\u2019arm\u00e9e l\u2019ont contraint \u00e0 la d\u00e9mission. Ce jour-l\u00e0, il \u00e9tait apparu pour la derni\u00e8re fois \u00e0 la t\u00e9l\u00e9vision pour annoncer qu\u2019il jetait l\u2019\u00e9ponge. Il avait fait officiellement parler de lui pour la derni\u00e8re fois lorsque son fr\u00e8re Nacer avait vot\u00e9 par procuration en son nom pour la pr\u00e9sidentielle du 12 d\u00e9cembre 2019 qui avait permis l\u2019\u00e9lection de son successeur, le pr\u00e9sident Abdelmadjid Tebboune.<\/p>\n","protected":false},"excerpt":{"rendered":"<p>L\u2019ancien pr\u00e9sident alg\u00e9rien Abdelaziz Bouteflika, chass\u00e9 du pouvoir il y a deux ans apr\u00e8s des manifestations massives contre sa volont\u00e9 de briguer un nouveau mandat, est d\u00e9c\u00e9d\u00e9&nbsp; \u00e0 l\u2019\u00e2ge de 84 ans, a annonc\u00e9 la t\u00e9l\u00e9vision publique. \u00ab D\u00e9c\u00e8s de l\u2019ancien pr\u00e9sident Abdelaziz Bouteflika \u00bb, a indiqu\u00e9 un bandeau d\u00e9roulant \u00e0 la t\u00e9l\u00e9vision nationale, qui [&hellip;]<\/p>\n","protected":false},"author":2,"featured_media":19012,"comment_status":"open","ping_status":"open","sticky":false,"template":"","format":"standard","meta":{"_jetpack_memberships_contains_paid_content":false,"footnotes":"","jetpack_publicize_message":"","jetpack_publicize_feature_enabled":true,"jetpack_social_post_already_shared":true,"jetpack_social_options":{"image_generator_settings":{"template":"highway","default_image_id":0,"font":"","enabled":false},"version":2},"_wpas_customize_per_network":false},"categories":[405],"tags":[],"class_list":["post-19011","post","type-post","status-publish","format-standard","has-post-thumbnail","hentry","category-actu-france-monde"],"jetpack_publicize_connections":[],"jetpack_featured_media_url":"https:\/\/i0.wp.com\/www.iceagetv.com\/radiosite\/wp-content\/uploads\/2021\/09\/L%E2%80%99ancien-pr%C3%A9sident-alg%C3%A9rien-Abdelaziz-Bouteflika.png?fit=610%2C261&ssl=1","jetpack_sharing_enabled":true,"_links":{"self":[{"href":"https:\/\/www.iceagetv.com\/radiosite\/wp-json\/wp\/v2\/posts\/19011","targetHints":{"allow":["GET"]}}],"collection":[{"href":"https:\/\/www.iceagetv.com\/radiosite\/wp-json\/wp\/v2\/posts"}],"about":[{"href":"https:\/\/www.iceagetv.com\/radiosite\/wp-json\/wp\/v2\/types\/post"}],"author":[{"embeddable":true,"href":"https:\/\/www.iceagetv.com\/radiosite\/wp-json\/wp\/v2\/users\/2"}],"replies":[{"embeddable":true,"href":"https:\/\/www.iceagetv.com\/radiosite\/wp-json\/wp\/v2\/comments?post=19011"}],"version-history":[{"count":1,"href":"https:\/\/www.iceagetv.com\/radiosite\/wp-json\/wp\/v2\/posts\/19011\/revisions"}],"predecessor-version":[{"id":19013,"href":"https:\/\/www.iceagetv.com\/radiosite\/wp-json\/wp\/v2\/posts\/19011\/revisions\/19013"}],"wp:featuredmedia":[{"embeddable":true,"href":"https:\/\/www.iceagetv.com\/radiosite\/wp-json\/wp\/v2\/media\/19012"}],"wp:attachment":[{"href":"https:\/\/www.iceagetv.com\/radiosite\/wp-json\/wp\/v2\/media?parent=19011"}],"wp:term":[{"taxonomy":"category","embeddable":true,"href":"https:\/\/www.iceagetv.com\/radiosite\/wp-json\/wp\/v2\/categories?post=19011"},{"taxonomy":"post_tag","embeddable":true,"href":"https:\/\/www.iceagetv.com\/radiosite\/wp-json\/wp\/v2\/tags?post=19011"}],"curies":[{"name":"wp","href":"https:\/\/api.w.org\/{rel}","templated":true}]}}