{"id":19018,"date":"2021-09-18T13:29:35","date_gmt":"2021-09-18T13:29:35","guid":{"rendered":"http:\/\/www.iceagetv.com\/radiosite\/?p=19018"},"modified":"2021-09-18T13:29:35","modified_gmt":"2021-09-18T13:29:35","slug":"paris-rappelle-ses-ambassadeurs-dans-la-crise-des-sous-marins-pourquoi-il-sagit-dune-decision-historique","status":"publish","type":"post","link":"https:\/\/www.iceagetv.com\/radiosite\/paris-rappelle-ses-ambassadeurs-dans-la-crise-des-sous-marins-pourquoi-il-sagit-dune-decision-historique\/","title":{"rendered":"Paris rappelle ses ambassadeurs dans la crise des sous-marins : pourquoi il s&rsquo;agit d&rsquo;une d\u00e9cision historique"},"content":{"rendered":"\n<p> <strong>La France a rappel\u00e9 vendredi soir ses ambassadeurs aux Etats-Unis et en Australie, une d\u00e9cision sans pr\u00e9c\u00e9dent vis-\u00e0-vis de deux alli\u00e9s historiques, apr\u00e8s le torpillage d&rsquo;un m\u00e9gacontrat de sous-marins fran\u00e7ais \u00e0 Canberra.<\/strong>  <strong>Le rappel des ambassadeurs.<\/strong>\u00a0\u00ab\u00a0A la demande du Pr\u00e9sident de la R\u00e9publique, j&rsquo;ai d\u00e9cid\u00e9 du rappel imm\u00e9diat \u00e0 Paris pour consultations de nos deux ambassadeurs aux Etats-Unis et en Australie\u00a0\u00bb, a annonc\u00e9 vendredi soir le chef de la diplomatie fran\u00e7aise\u00a0<a href=\"https:\/\/www.lejdd.fr\/jean-yves-le-drian\">Jean-Yves Le Drian<\/a>\u00a0dans un communiqu\u00e9. \u00ab\u00a0Cette d\u00e9cision exceptionnelle est justifi\u00e9e par la gravit\u00e9 exceptionnelle des annonces effectu\u00e9es le 15 septembre par l&rsquo;Australie et les Etats-Unis\u00a0\u00bb, a-t-il ajout\u00e9, faisant r\u00e9f\u00e9rence au torpillage d&rsquo;<a href=\"https:\/\/www.lejdd.fr\/International\/commande-de-sous-marins-pourquoi-laustralie-dechire-le-contrat-du-siecle-passe-avec-la-france-4066928\">un m\u00e9gacontrat de sous-marins fran\u00e7ais<\/a>\u00a0\u00e0 Canberra. La France avait sign\u00e9 en 2016 un contrat de 56 milliards d&rsquo;euros pour la fourniture de 12 sous-marins \u00e0 propulsion diesel \u00e0 l&rsquo;Australie, souvent qualifi\u00e9 de \u00ab\u00a0contrat de si\u00e8cle\u00a0\u00bb en raison de son ampleur et de sa port\u00e9e strat\u00e9gique. Mais, \u00e0 la surprise g\u00e9n\u00e9rale, les Etats-Unis, l&rsquo;Australie et le Royaume-Uni ont annonc\u00e9 mercredi soir un partenariat strat\u00e9gique pour contrer la Chine incluant la fourniture de sous-marins am\u00e9ricains \u00e0 propulsion nucl\u00e9aire \u00e0 Canberra, qui a sorti de fait les Fran\u00e7ais du jeu. <\/p>\n\n\n\n<p><strong>Une d\u00e9cision sans pr\u00e9c\u00e9dent.<\/strong>&nbsp;Le rappel d&rsquo;un ambassadeur est une proc\u00e9dure couramment utilis\u00e9e par l&rsquo;\u00c9tat accr\u00e9ditant pour signifier \u00e0 l&rsquo;\u00c9tat accr\u00e9ditaire son d\u00e9saccord avec l&rsquo;une ou l&rsquo;autre de ses politiques. Il s&rsquo;agit souvent du premier \u00e9chelon d&rsquo;une crise diplomatique majeure qui peut entra\u00eener, si la situation se d\u00e9t\u00e9riore, l&rsquo;expulsion de diplomates \u00e9trangers pr\u00e9sents dans son pays, la fermeture de l&rsquo;ambassade et, en ultime ressort, la rupture des relations bilat\u00e9rales. Les choses ne devraient pas aller jusque-l\u00e0, mais la d\u00e9cision, prise vendredi soir par l&rsquo;Elys\u00e9e et le Quai-d&rsquo;Orsay, reste historique : c&rsquo;est la premi\u00e8re fois qu&rsquo;un ambassadeur de France \u00e0 Washington est rappel\u00e9.<\/p>\n\n\n\n<p><strong>Les enjeux de la semaine \u00e0 venir.<\/strong>&nbsp;Les \u00c9tats-Unis \u00ab\u00a0regrettent\u00a0\u00bb le rappel de l&rsquo;ambassadeur de France pour \u00ab\u00a0consultations\u00a0\u00bb et entendent rester \u00ab\u00a0engag\u00e9s dans les jours \u00e0 venir pour r\u00e9soudre (leurs) diff\u00e9rends\u00a0\u00bb avec Paris, a rapidement fait savoir un responsable de la Maison Blanche dans la nuit de vendredi \u00e0 samedi. Le porte-parole de la diplomatie am\u00e9ricaine, Ned Price, a indiqu\u00e9 vouloir renouer le dialogue avec \u00ab\u00a0nos alli\u00e9s fran\u00e7ais\u00a0\u00bb, notamment \u00e0 l&rsquo;occasion de l&rsquo;Assembl\u00e9e g\u00e9n\u00e9rale de l&rsquo;ONU, qui aura lieu la semaine prochaine \u00e0 New York. Le secr\u00e9taire d&rsquo;Etat am\u00e9ricain Antony Blinken et Jean-Yves Le Drian y seront tous les deux pr\u00e9sents.<\/p>\n\n\n\n<p>La toile de fond de cette crise diplomatique est la mont\u00e9e en puissance de la Chine et sa politique de plus en plus agressive dans la zone, qui inqui\u00e8te de tr\u00e8s nombreux pays. Les tensions commerciales entre P\u00e9kin et Canberra n&rsquo;ont cess\u00e9 de cro\u00eetre depuis 2018. Ces derniers mois, la Chine a impos\u00e9 de s\u00e9v\u00e8res sanctions \u00e9conomiques \u00e0 l&rsquo;encontre de nombreux produits australiens. Mais la crise des sous-marins risque d&rsquo;engendrer d&rsquo;autres tensions, cette fois entre Am\u00e9ricains et Europ\u00e9ens. Les Europ\u00e9ens ont d\u00e9sormais une id\u00e9e \u00ab\u00a0assez claire\u00a0\u00bb de la fa\u00e7on dont Washington consid\u00e8re ses alli\u00e9s, souligne-t-on \u00e0 Paris. \u00ab\u00a0On a des n\u00e9gociations commerciales avec l&rsquo;Australie, je ne vois pas comment on peut faire confiance au partenaire australien\u00a0\u00bb, a \u00e9galement menac\u00e9 le secr\u00e9taire d&rsquo;Etat aux Affaires europ\u00e9ennes Cl\u00e9ment Beaune.<\/p>\n\n\n\n<p><\/p>\n","protected":false},"excerpt":{"rendered":"<p>La France a rappel\u00e9 vendredi soir ses ambassadeurs aux Etats-Unis et en Australie, une d\u00e9cision sans pr\u00e9c\u00e9dent vis-\u00e0-vis de deux alli\u00e9s historiques, apr\u00e8s le torpillage d&rsquo;un m\u00e9gacontrat de sous-marins fran\u00e7ais \u00e0 Canberra. Le rappel des ambassadeurs.\u00a0\u00ab\u00a0A la demande du Pr\u00e9sident de la R\u00e9publique, j&rsquo;ai d\u00e9cid\u00e9 du rappel imm\u00e9diat \u00e0 Paris pour consultations de nos deux [&hellip;]<\/p>\n","protected":false},"author":2,"featured_media":19019,"comment_status":"open","ping_status":"open","sticky":false,"template":"","format":"standard","meta":{"_jetpack_memberships_contains_paid_content":false,"footnotes":"","jetpack_publicize_message":"","jetpack_publicize_feature_enabled":true,"jetpack_social_post_already_shared":true,"jetpack_social_options":{"image_generator_settings":{"template":"highway","default_image_id":0,"font":"","enabled":false},"version":2},"_wpas_customize_per_network":false},"categories":[405],"tags":[],"class_list":["post-19018","post","type-post","status-publish","format-standard","has-post-thumbnail","hentry","category-actu-france-monde"],"jetpack_publicize_connections":[],"jetpack_featured_media_url":"https:\/\/i0.wp.com\/www.iceagetv.com\/radiosite\/wp-content\/uploads\/2021\/09\/Paris-rappelle-ses-ambassadeurs-dans-la-crise-des-sous-marins.png?fit=594%2C310&ssl=1","jetpack_sharing_enabled":true,"_links":{"self":[{"href":"https:\/\/www.iceagetv.com\/radiosite\/wp-json\/wp\/v2\/posts\/19018","targetHints":{"allow":["GET"]}}],"collection":[{"href":"https:\/\/www.iceagetv.com\/radiosite\/wp-json\/wp\/v2\/posts"}],"about":[{"href":"https:\/\/www.iceagetv.com\/radiosite\/wp-json\/wp\/v2\/types\/post"}],"author":[{"embeddable":true,"href":"https:\/\/www.iceagetv.com\/radiosite\/wp-json\/wp\/v2\/users\/2"}],"replies":[{"embeddable":true,"href":"https:\/\/www.iceagetv.com\/radiosite\/wp-json\/wp\/v2\/comments?post=19018"}],"version-history":[{"count":1,"href":"https:\/\/www.iceagetv.com\/radiosite\/wp-json\/wp\/v2\/posts\/19018\/revisions"}],"predecessor-version":[{"id":19020,"href":"https:\/\/www.iceagetv.com\/radiosite\/wp-json\/wp\/v2\/posts\/19018\/revisions\/19020"}],"wp:featuredmedia":[{"embeddable":true,"href":"https:\/\/www.iceagetv.com\/radiosite\/wp-json\/wp\/v2\/media\/19019"}],"wp:attachment":[{"href":"https:\/\/www.iceagetv.com\/radiosite\/wp-json\/wp\/v2\/media?parent=19018"}],"wp:term":[{"taxonomy":"category","embeddable":true,"href":"https:\/\/www.iceagetv.com\/radiosite\/wp-json\/wp\/v2\/categories?post=19018"},{"taxonomy":"post_tag","embeddable":true,"href":"https:\/\/www.iceagetv.com\/radiosite\/wp-json\/wp\/v2\/tags?post=19018"}],"curies":[{"name":"wp","href":"https:\/\/api.w.org\/{rel}","templated":true}]}}