{"id":19031,"date":"2021-09-23T07:46:40","date_gmt":"2021-09-23T07:46:40","guid":{"rendered":"http:\/\/www.iceagetv.com\/radiosite\/?p=19031"},"modified":"2021-09-23T07:46:40","modified_gmt":"2021-09-23T07:46:40","slug":"immigration-pouvoir-dachat-environnement-on-a-compare-les-propositions-de-melenchon-et-zemmour","status":"publish","type":"post","link":"https:\/\/www.iceagetv.com\/radiosite\/immigration-pouvoir-dachat-environnement-on-a-compare-les-propositions-de-melenchon-et-zemmour\/","title":{"rendered":"IMMIGRATION, POUVOIR D&rsquo;ACHAT, ENVIRONNEMENT&#8230; ON A COMPAR\u00c9 LES PROPOSITIONS DE M\u00c9LENCHON ET ZEMMOUR"},"content":{"rendered":"\n<p>\n\nJean-Luc M\u00e9lenchon et Eric Zemmour d\u00e9battent ce jeudi soir sur BFMTV-RMC. L&rsquo;occasion de confronter le programme du leader insoumis aux propositions du pol\u00e9miste, pas encore officiellement candidat \u00e0 la pr\u00e9sidentielle.<\/p>\n\n\n\n<p>L&rsquo;un est un habitu\u00e9 des campagnes&nbsp;<a href=\"https:\/\/www.bfmtv.com\/politique\/elections\/presidentielle\" target=\"_blank\" rel=\"noreferrer noopener\">pr\u00e9sidentielles<\/a>. L&rsquo;autre fait durer&nbsp;<a href=\"https:\/\/www.bfmtv.com\/replay-emissions\/le-live-bfm\/zemmour-un-non-candidat-en-campagne-19-09_VN-202109190073.html\">le suspense<\/a>&nbsp;sur ses intentions en vue de l&rsquo;\u00e9lection de 2022. Jean-Luc M\u00e9lenchon et Eric Zemmour&nbsp;<a href=\"https:\/\/www.bfmtv.com\/politique\/comment-jean-luc-melenchon-et-eric-zemmour-se-preparent-a-debattre-sur-bfmtv_VN-202109220011.html\">vont d\u00e9battre ce jeudi \u00e0 20h45 sur BFMTV-RMC<\/a>. Une confrontation qui sera l&rsquo;occasion d&rsquo;entendre les deux hommes sur les sujets qui devraient compter pour gagner l&rsquo;Elys\u00e9e.<\/p>\n\n\n\n<p>Si l&rsquo;insoumis s&rsquo;appuie sur sa plateforme programmatique,&nbsp;<a href=\"https:\/\/melenchon2022.fr\/programme\/\" target=\"_blank\" rel=\"noreferrer noopener\">L&rsquo;avenir en commun<\/a>, Eric Zemmour n&rsquo;est &#8211; \u00e0 l&rsquo;heure actuelle &#8211; pas officiellement candidat et revendique de ne pas avoir encore de programme pr\u00e9cis. Ses d\u00e9clarations pass\u00e9es et&nbsp;<a href=\"https:\/\/www.bfmtv.com\/politique\/avec-78-851-exemplaires-vendus-en-5-jours-zemmour-fait-un-demarrage-en-librairie-comparable-a-musso_AV-202109220293.html\">son dernier livre<\/a>&nbsp;permettent cependant d&rsquo;y voir plus clair.<\/p>\n\n\n\n<p>Voici les grandes lignes des positions de l&rsquo;un et de l&rsquo;autre sur les grandes th\u00e9matiques qui seront abord\u00e9es lors du d\u00e9bat.<\/p>\n\n\n\n<h2 class=\"wp-block-heading\">\u2022 Sur l&rsquo;immigration<\/h2>\n\n\n\n<p><strong>Jean-Luc M\u00e9lenchon.\u00a0<\/strong>Sur ce sujet, depuis 2017, le leader des Insoumis renvoie dos \u00e0 dos ceux qu&rsquo;il juge trop ferm\u00e9s et ceux, plus \u00e0 gauche, qu&rsquo;il juge parfois id\u00e9alistes.<\/p>\n\n\n\n<blockquote class=\"wp-block-quote is-layout-flow wp-block-quote-is-layout-flow\"><p>Une fois que les gens sont l\u00e0, que voulez-vous faire? Le rejeter \u00e0 la mer? Non, c&rsquo;est absolument impossible. Donc il vaudrait mieux qu&rsquo;ils restent chez eux. Je suis fatigu\u00e9 de ces discussions o\u00f9 les fantasmes s&rsquo;affrontent les uns et des autres\u00a0\u00bb, explique-t-il dans son livre&nbsp;<em><a href=\"https:\/\/www.lefigaro.fr\/politique\/le-scan\/citations\/2016\/09\/09\/25002-20160909ARTFIG00170-les-positions-de-melenchon-sur-l-immigration-crispent-a-gauche.php\" target=\"_blank\" rel=\"noreferrer noopener\">Le choix de l&rsquo;insoumission<\/a><\/em>&nbsp;en 2016.<\/p><\/blockquote>\n\n\n\n<p>Concr\u00e8tement, le candidat propose de suspendrele r\u00e8glement de Dublin. Cet accord autorise les \u00c9tats europ\u00e9ens \u00e0 renvoyer un demandeur d\u2019asile vers le pays par lequel il est entr\u00e9, faisant peser de lourdes responsabilit\u00e9s sur les territoires qui concentrent les arriv\u00e9es comme la Gr\u00e8ce ou l&rsquo;Italie.&nbsp;<strong><a href=\"https:\/\/melenchon2022.fr\/wp-content\/uploads\/2020\/11\/AEC-novembre-2020.pdf\" target=\"_blank\" rel=\"noreferrer noopener\">Dans son programme<\/a><\/strong>, il dit \u00e9galement vouloir \u00ab\u00a0renforcer le droit d&rsquo;asile, par le respect des conditions d&rsquo;examen des demandes et de recours, en supprimant la proc\u00e9dure acc\u00e9l\u00e9r\u00e9e\u00a0\u00bb.<\/p>\n\n\n\n<p><strong>Eric Zemmour.<\/strong>&nbsp;Le pol\u00e9miste, qui a fait de la lutte contre l&rsquo;immigration son cheval de bataille, a estim\u00e9 \u00ab\u00a0vivre un changement de peuple et une guerre de civilisation sur notre sol\u00a0\u00bb sur&nbsp;<a href=\"https:\/\/www.bfmtv.com\/replay-emissions\/bourdin-direct\/eric-zemmour-face-a-jean-jacques-bourdin-en-direct-15-09_VN-202109150110.html\">notre antenne<\/a>&nbsp;la semaine derni\u00e8re.<\/p>\n\n\n\n<p><\/p>\n","protected":false},"excerpt":{"rendered":"<p>Jean-Luc M\u00e9lenchon et Eric Zemmour d\u00e9battent ce jeudi soir sur BFMTV-RMC. L&rsquo;occasion de confronter le programme du leader insoumis aux propositions du pol\u00e9miste, pas encore officiellement candidat \u00e0 la pr\u00e9sidentielle. L&rsquo;un est un habitu\u00e9 des campagnes&nbsp;pr\u00e9sidentielles. L&rsquo;autre fait durer&nbsp;le suspense&nbsp;sur ses intentions en vue de l&rsquo;\u00e9lection de 2022. Jean-Luc M\u00e9lenchon et Eric Zemmour&nbsp;vont d\u00e9battre ce [&hellip;]<\/p>\n","protected":false},"author":2,"featured_media":19032,"comment_status":"open","ping_status":"open","sticky":false,"template":"","format":"standard","meta":{"_jetpack_memberships_contains_paid_content":false,"footnotes":"","jetpack_publicize_message":"","jetpack_publicize_feature_enabled":true,"jetpack_social_post_already_shared":true,"jetpack_social_options":{"image_generator_settings":{"template":"highway","default_image_id":0,"font":"","enabled":false},"version":2},"_wpas_customize_per_network":false},"categories":[405],"tags":[],"class_list":["post-19031","post","type-post","status-publish","format-standard","has-post-thumbnail","hentry","category-actu-france-monde"],"jetpack_publicize_connections":[],"jetpack_featured_media_url":"https:\/\/i0.wp.com\/www.iceagetv.com\/radiosite\/wp-content\/uploads\/2021\/09\/ON-A-COMPAR%C3%89-LES-PROPOSITIONS-DE-M%C3%89LENCHON-ET-ZEMMOUR.jpg?fit=800%2C400&ssl=1","jetpack_sharing_enabled":true,"_links":{"self":[{"href":"https:\/\/www.iceagetv.com\/radiosite\/wp-json\/wp\/v2\/posts\/19031","targetHints":{"allow":["GET"]}}],"collection":[{"href":"https:\/\/www.iceagetv.com\/radiosite\/wp-json\/wp\/v2\/posts"}],"about":[{"href":"https:\/\/www.iceagetv.com\/radiosite\/wp-json\/wp\/v2\/types\/post"}],"author":[{"embeddable":true,"href":"https:\/\/www.iceagetv.com\/radiosite\/wp-json\/wp\/v2\/users\/2"}],"replies":[{"embeddable":true,"href":"https:\/\/www.iceagetv.com\/radiosite\/wp-json\/wp\/v2\/comments?post=19031"}],"version-history":[{"count":1,"href":"https:\/\/www.iceagetv.com\/radiosite\/wp-json\/wp\/v2\/posts\/19031\/revisions"}],"predecessor-version":[{"id":19033,"href":"https:\/\/www.iceagetv.com\/radiosite\/wp-json\/wp\/v2\/posts\/19031\/revisions\/19033"}],"wp:featuredmedia":[{"embeddable":true,"href":"https:\/\/www.iceagetv.com\/radiosite\/wp-json\/wp\/v2\/media\/19032"}],"wp:attachment":[{"href":"https:\/\/www.iceagetv.com\/radiosite\/wp-json\/wp\/v2\/media?parent=19031"}],"wp:term":[{"taxonomy":"category","embeddable":true,"href":"https:\/\/www.iceagetv.com\/radiosite\/wp-json\/wp\/v2\/categories?post=19031"},{"taxonomy":"post_tag","embeddable":true,"href":"https:\/\/www.iceagetv.com\/radiosite\/wp-json\/wp\/v2\/tags?post=19031"}],"curies":[{"name":"wp","href":"https:\/\/api.w.org\/{rel}","templated":true}]}}