{"id":19073,"date":"2021-09-26T15:49:02","date_gmt":"2021-09-26T15:49:02","guid":{"rendered":"http:\/\/www.iceagetv.com\/radiosite\/?p=19073"},"modified":"2021-09-26T15:49:02","modified_gmt":"2021-09-26T15:49:02","slug":"facebook-devoile-un-programme-cense-aider-une-dizaine-de-medias-francais-a-developper-leur-audience-numerique-promouvoir-leur-marque-et-generer-des-abonnements","status":"publish","type":"post","link":"https:\/\/www.iceagetv.com\/radiosite\/facebook-devoile-un-programme-cense-aider-une-dizaine-de-medias-francais-a-developper-leur-audience-numerique-promouvoir-leur-marque-et-generer-des-abonnements\/","title":{"rendered":"Facebook d\u00e9voile un programme cens\u00e9 aider une dizaine de m\u00e9dias fran\u00e7ais \u00e0 \u00ab\u00a0d\u00e9velopper leur audience num\u00e9rique\u00a0\u00bb, \u00ab\u00a0promouvoir leur marque\u00a0\u00bb et \u00ab\u00a0g\u00e9n\u00e9rer des abonnements\u00a0\u00bb"},"content":{"rendered":"\n<p>Facebook a d\u00e9voil\u00e9 un programme cens\u00e9 aider une dizaine de m\u00e9dias fran\u00e7ais \u00e0 \u00ab\u00a0d\u00e9velopper leur audience num\u00e9rique\u00a0\u00bb, \u00ab\u00a0promouvoir leur marque\u00a0\u00bb et \u00ab\u00a0g\u00e9n\u00e9rer des abonnements\u00a0\u00bb, deux ans apr\u00e8s avoir lanc\u00e9 un \u00ab\u00a0acc\u00e9l\u00e9rateur\u00a0\u00bb d&rsquo;abonnements num\u00e9riques d\u00e9di\u00e9 \u00e0 la presse quotidienne r\u00e9gionale (PQR). Lib\u00e9ration, 20 minutes, L&rsquo;Obs, L&rsquo;Express, Prisma Media, Slate, RTL, Combat ou encore Jeune Afrique participeront ainsi, de septembre \u00e0 novembre, \u00e0 des formations dispens\u00e9es \u00ab\u00a0par des experts de l&rsquo;industrie des m\u00e9dias\u00a0\u00bb, pr\u00e9cise Facebook dans un communiqu\u00e9.&nbsp;Le r\u00e9seau social leur \u00ab\u00a0fournira des outils et des ressources\u00a0\u00bb, ajoute-t-il, sans pr\u00e9ciser le montant de l&rsquo;op\u00e9ration.<\/p>\n\n\n\n<p>Concr\u00e8tement, des \u00ab\u00a0groupes compos\u00e9s de deux \u00e0 quatre membres des \u00e9quipes \u00e9ditoriales, marketing et commerciales des m\u00e9dias participants suivront un programme hebdomadaire, avec en fil rouge\u00a0\u00bb un d\u00e9fi li\u00e9 \u00e0 la fid\u00e9lisation de leurs audiences, explique Facebook. Il s&rsquo;agira par exemple \u00ab\u00a0d&rsquo;augmenter le nombre d&rsquo;abonn\u00e9s \u00e0 une newsletter, le nombre d&rsquo;utilisateurs enregistr\u00e9s, ou le nombre d&rsquo;utilisateurs mobiles, dans le but d&rsquo;augmenter le nombre d&rsquo;utilisateurs identifi\u00e9s par l&rsquo;\u00e9diteur\u00a0\u00bb. \u00ab\u00a0D\u00e9clin\u00e9 dans d&rsquo;autres territoires en Europe, ce programme pilot\u00e9 par le Facebook Journalism Project a permis \u00e0 des \u00e9diteurs\u00a0\u00bb de \u00ab\u00a0fid\u00e9liser\u00a0\u00bb des abonn\u00e9s, d&rsquo;augmenter \u00ab\u00a0l&rsquo;usage et les visites des non-abonn\u00e9s\u00a0\u00bb ou d'\u00a0\u00bbam\u00e9liorer la connaissance des utilisateurs\u00a0\u00bb, assure le g\u00e9ant du net. En 2019, Facebook avait lanc\u00e9 un programme \u00e0 destination de la PQR en France et en Belgique, dot\u00e9 de 2 millions d&rsquo;euros.<\/p>\n\n\n\n<p>Ce programme comprenait notamment un dispositif de remise de bourses, ce qui n&rsquo;est pas le cas de celui d\u00e9voil\u00e9 vendredi. Selon le r\u00e9seau social, les projets men\u00e9s avec 11 \u00e9diteurs de la PQR ont g\u00e9n\u00e9r\u00e9 en un an \u00ab\u00a0plus de 25.000 nouveaux abonn\u00e9s payants, plus de 300.000 nouveaux abonn\u00e9s aux newsletters et un total de 8,5 millions d&rsquo;euros de valeur cr\u00e9\u00e9e\u00a0\u00bb. Facebook et Google ont d\u00e9velopp\u00e9 des programmes destin\u00e9s \u00e0 la presse dans plusieurs pays alors qu&rsquo;il leur est souvent reproch\u00e9 de capter une part \u00e9crasante des recettes publicitaires en ligne, et que certains veulent les contraindre \u00e0 r\u00e9mun\u00e9rer les contenus m\u00e9diatiques qu&rsquo;ils diffusent sur leurs plateformes.<\/p>\n\n\n\n<p>En France, la question des droits voisins a donn\u00e9 lieu \u00e0 des \u00ab\u00a0discussions constructives au cours de l&rsquo;\u00e9t\u00e9 avec l&rsquo;Alliance de la presse d&rsquo;information g\u00e9n\u00e9rale (Apig)\u00a0\u00bb, affirme-t-on chez Facebook. \u00ab\u00a0Nous continuons \u00e0 travailler \u00e0 une solution pour soutenir les \u00e9diteurs qui soit b\u00e9n\u00e9fique aux diff\u00e9rentes parties prenantes\u00a0\u00bb, ajoute la m\u00eame source \u00e0 l&rsquo;AFP.<\/p>\n","protected":false},"excerpt":{"rendered":"<p>Facebook a d\u00e9voil\u00e9 un programme cens\u00e9 aider une dizaine de m\u00e9dias fran\u00e7ais \u00e0 \u00ab\u00a0d\u00e9velopper leur audience num\u00e9rique\u00a0\u00bb, \u00ab\u00a0promouvoir leur marque\u00a0\u00bb et \u00ab\u00a0g\u00e9n\u00e9rer des abonnements\u00a0\u00bb, deux ans apr\u00e8s avoir lanc\u00e9 un \u00ab\u00a0acc\u00e9l\u00e9rateur\u00a0\u00bb d&rsquo;abonnements num\u00e9riques d\u00e9di\u00e9 \u00e0 la presse quotidienne r\u00e9gionale (PQR). Lib\u00e9ration, 20 minutes, L&rsquo;Obs, L&rsquo;Express, Prisma Media, Slate, RTL, Combat ou encore Jeune Afrique participeront [&hellip;]<\/p>\n","protected":false},"author":2,"featured_media":19074,"comment_status":"open","ping_status":"open","sticky":false,"template":"","format":"standard","meta":{"_jetpack_memberships_contains_paid_content":false,"footnotes":"","jetpack_publicize_message":"","jetpack_publicize_feature_enabled":true,"jetpack_social_post_already_shared":true,"jetpack_social_options":{"image_generator_settings":{"template":"highway","default_image_id":0,"font":"","enabled":false},"version":2},"_wpas_customize_per_network":false},"categories":[16],"tags":[],"class_list":["post-19073","post","type-post","status-publish","format-standard","has-post-thumbnail","hentry","category-actu-high-tech"],"jetpack_publicize_connections":[],"jetpack_featured_media_url":"https:\/\/i0.wp.com\/www.iceagetv.com\/radiosite\/wp-content\/uploads\/2021\/09\/Facebook-d%C3%A9voile-un-programme-cens%C3%A9-aider-une-dizaine-de-m%C3%A9dias-fran%C3%A7ais.jpg?fit=679%2C293&ssl=1","jetpack_sharing_enabled":true,"_links":{"self":[{"href":"https:\/\/www.iceagetv.com\/radiosite\/wp-json\/wp\/v2\/posts\/19073","targetHints":{"allow":["GET"]}}],"collection":[{"href":"https:\/\/www.iceagetv.com\/radiosite\/wp-json\/wp\/v2\/posts"}],"about":[{"href":"https:\/\/www.iceagetv.com\/radiosite\/wp-json\/wp\/v2\/types\/post"}],"author":[{"embeddable":true,"href":"https:\/\/www.iceagetv.com\/radiosite\/wp-json\/wp\/v2\/users\/2"}],"replies":[{"embeddable":true,"href":"https:\/\/www.iceagetv.com\/radiosite\/wp-json\/wp\/v2\/comments?post=19073"}],"version-history":[{"count":1,"href":"https:\/\/www.iceagetv.com\/radiosite\/wp-json\/wp\/v2\/posts\/19073\/revisions"}],"predecessor-version":[{"id":19075,"href":"https:\/\/www.iceagetv.com\/radiosite\/wp-json\/wp\/v2\/posts\/19073\/revisions\/19075"}],"wp:featuredmedia":[{"embeddable":true,"href":"https:\/\/www.iceagetv.com\/radiosite\/wp-json\/wp\/v2\/media\/19074"}],"wp:attachment":[{"href":"https:\/\/www.iceagetv.com\/radiosite\/wp-json\/wp\/v2\/media?parent=19073"}],"wp:term":[{"taxonomy":"category","embeddable":true,"href":"https:\/\/www.iceagetv.com\/radiosite\/wp-json\/wp\/v2\/categories?post=19073"},{"taxonomy":"post_tag","embeddable":true,"href":"https:\/\/www.iceagetv.com\/radiosite\/wp-json\/wp\/v2\/tags?post=19073"}],"curies":[{"name":"wp","href":"https:\/\/api.w.org\/{rel}","templated":true}]}}