{"id":19091,"date":"2021-09-28T16:30:10","date_gmt":"2021-09-28T16:30:10","guid":{"rendered":"http:\/\/www.iceagetv.com\/radiosite\/?p=19091"},"modified":"2021-09-28T16:30:10","modified_gmt":"2021-09-28T16:30:10","slug":"crack-36-elus-de-la-seine-saint-denis-denoncent-un-mepris-et-interpellent-jean-castex","status":"publish","type":"post","link":"https:\/\/www.iceagetv.com\/radiosite\/crack-36-elus-de-la-seine-saint-denis-denoncent-un-mepris-et-interpellent-jean-castex\/","title":{"rendered":"Crack : 36 \u00e9lus de la Seine-Saint-Denis d\u00e9noncent un \u00ab\u00a0m\u00e9pris\u00a0\u00bb et interpellent Jean Castex"},"content":{"rendered":"\n<p>Une trentaine d&rsquo;\u00e9lus locaux ont \u00e9crit mardi au Premier ministre Jean Castex pour d\u00e9noncer le \u00ab\u00a0m\u00e9pris\u00a0\u00bb ressenti par la Seine-Saint-Denis apr\u00e8s le d\u00e9placement de toxicomanes \u00e0 la lisi\u00e8re de ce d\u00e9partement populaire, lui demandant de prendre \u00ab\u00a0les mesures qui s&rsquo;imposent\u00a0\u00bb.<\/p>\n\n\n\n<p>Des \u00e9lus de Seine-Saint-Denis vent debout contre le gouvernement. Une trentaine de responsables locaux ont \u00e9crit mardi au Premier ministre Jean Castex pour d\u00e9noncer le \u00ab\u00a0<em>m\u00e9pris<\/em>\u00a0\u00bb qu&rsquo;ils ont ressenti apr\u00e8s le d\u00e9placement de toxicomanes \u00e0 la lisi\u00e8re de ce d\u00e9partement populaire.<\/p>\n\n\n\n<p><em>\u00ab\u00a0Nous condamnons fermement le choix qui a \u00e9t\u00e9 fait par M. le ministre de l&rsquo;Int\u00e9rieur et le Pr\u00e9fet de police de Paris de d\u00e9placer le probl\u00e8me vers la Seine-Saint-Denis \u2013 comme c&rsquo;est malheureusement trop souvent le cas &#8211; au plus grand m\u00e9pris de ses habitants qui ont tout autant droit \u00e0 la s\u00e9r\u00e9nit\u00e9 que les autres\u00a0\u00bb,&nbsp;<\/em>\u00e9crivent les signataires dans cette lettre ouverte. Parmi les 36 maires, d\u00e9put\u00e9s et s\u00e9nateurs issus de gauche comme de droite, figurent le pr\u00e9sident socialiste du Conseil d\u00e9partemental St\u00e9phane Troussel, ainsi que Bertrand Kern maire PS de Pantin et Karine Franclet maire UDI d&rsquo;Aubervilliers.<\/p>\n\n\n\n<h3 class=\"wp-block-heading\">G\u00e9rald Darmanin annonce \u00ab\u00a0une r\u00e9union\u00a0\u00bb<\/h3>\n\n\n\n<p><em>\u00ab\u00a0La Seine-Saint-Denis ne saurait \u00eatre en permanence le lieu de concentration de toutes les difficult\u00e9s en Ile-de-France. Pourquoi avoir choisi cet endroit alors qu&rsquo;il en existe d&rsquo;autres, aux configurations similaires, dans l&rsquo;Ouest parisien par exemple ?\u00a0\u00bb,<\/em>&nbsp;s&rsquo;interrogent les \u00e9lus, qui demandent \u00e0 \u00eatre re\u00e7us \u00e0 Matignon. Ils demandent que l&rsquo;\u00c9tat trouve<em>&nbsp;\u00ab\u00a0une solution p\u00e9renne de prise en charge m\u00e9dicale et sociale\u00a0\u00bb<\/em>&nbsp;face \u00e0 la \u00ab\u00a0<em>d\u00e9tresse<\/em>\u00a0\u00bb des toxicomanes, se disant pr\u00eats \u00e0&nbsp;<em>\u00ab\u00a0apporter leur contribution\u00a0\u00bb.<\/em><\/p>\n\n\n\n<p>Dans la journ\u00e9e, le ministre de l&rsquo;Int\u00e9rieur, G\u00e9rald Darmanin, a annonc\u00e9 devant l&rsquo;Assembl\u00e9e nationale que<em>&nbsp;\u00ab\u00a0jeudi matin, il y aura sous l&rsquo;autorit\u00e9 du pr\u00e9fet de la r\u00e9gion Ile-de-France et du pr\u00e9fet de police de Paris, avec la mairie de Paris et tous les \u00e9lus qui voudront y participer, une r\u00e9union qui permettra tr\u00e8s vite de mettre fin \u00e0 cette situation, pour que la mairie de Paris nous propose des lieux\u00a0\u00bb de prise en charge des toxicomanes.<\/em><\/p>\n\n\n\n<p><\/p>\n","protected":false},"excerpt":{"rendered":"<p>Une trentaine d&rsquo;\u00e9lus locaux ont \u00e9crit mardi au Premier ministre Jean Castex pour d\u00e9noncer le \u00ab\u00a0m\u00e9pris\u00a0\u00bb ressenti par la Seine-Saint-Denis apr\u00e8s le d\u00e9placement de toxicomanes \u00e0 la lisi\u00e8re de ce d\u00e9partement populaire, lui demandant de prendre \u00ab\u00a0les mesures qui s&rsquo;imposent\u00a0\u00bb. Des \u00e9lus de Seine-Saint-Denis vent debout contre le gouvernement. Une trentaine de responsables locaux ont [&hellip;]<\/p>\n","protected":false},"author":2,"featured_media":19092,"comment_status":"open","ping_status":"open","sticky":false,"template":"","format":"standard","meta":{"_jetpack_memberships_contains_paid_content":false,"footnotes":"","jetpack_publicize_message":"","jetpack_publicize_feature_enabled":true,"jetpack_social_post_already_shared":true,"jetpack_social_options":{"image_generator_settings":{"template":"highway","default_image_id":0,"font":"","enabled":false},"version":2},"_wpas_customize_per_network":false},"categories":[405],"tags":[],"class_list":["post-19091","post","type-post","status-publish","format-standard","has-post-thumbnail","hentry","category-actu-france-monde"],"jetpack_publicize_connections":[],"jetpack_featured_media_url":"https:\/\/i0.wp.com\/www.iceagetv.com\/radiosite\/wp-content\/uploads\/2021\/09\/Crack-36-%C3%A9lus-de-la-Seine-Saint-Denis-d%C3%A9noncent-un-m%C3%A9pris-et-interpellent-Jean-Castex.jpg?fit=680%2C383&ssl=1","jetpack_sharing_enabled":true,"_links":{"self":[{"href":"https:\/\/www.iceagetv.com\/radiosite\/wp-json\/wp\/v2\/posts\/19091","targetHints":{"allow":["GET"]}}],"collection":[{"href":"https:\/\/www.iceagetv.com\/radiosite\/wp-json\/wp\/v2\/posts"}],"about":[{"href":"https:\/\/www.iceagetv.com\/radiosite\/wp-json\/wp\/v2\/types\/post"}],"author":[{"embeddable":true,"href":"https:\/\/www.iceagetv.com\/radiosite\/wp-json\/wp\/v2\/users\/2"}],"replies":[{"embeddable":true,"href":"https:\/\/www.iceagetv.com\/radiosite\/wp-json\/wp\/v2\/comments?post=19091"}],"version-history":[{"count":1,"href":"https:\/\/www.iceagetv.com\/radiosite\/wp-json\/wp\/v2\/posts\/19091\/revisions"}],"predecessor-version":[{"id":19093,"href":"https:\/\/www.iceagetv.com\/radiosite\/wp-json\/wp\/v2\/posts\/19091\/revisions\/19093"}],"wp:featuredmedia":[{"embeddable":true,"href":"https:\/\/www.iceagetv.com\/radiosite\/wp-json\/wp\/v2\/media\/19092"}],"wp:attachment":[{"href":"https:\/\/www.iceagetv.com\/radiosite\/wp-json\/wp\/v2\/media?parent=19091"}],"wp:term":[{"taxonomy":"category","embeddable":true,"href":"https:\/\/www.iceagetv.com\/radiosite\/wp-json\/wp\/v2\/categories?post=19091"},{"taxonomy":"post_tag","embeddable":true,"href":"https:\/\/www.iceagetv.com\/radiosite\/wp-json\/wp\/v2\/tags?post=19091"}],"curies":[{"name":"wp","href":"https:\/\/api.w.org\/{rel}","templated":true}]}}