{"id":19097,"date":"2021-09-29T06:49:38","date_gmt":"2021-09-29T06:49:38","guid":{"rendered":"http:\/\/www.iceagetv.com\/radiosite\/?p=19097"},"modified":"2021-09-29T06:49:38","modified_gmt":"2021-09-29T06:49:38","slug":"la-prefecture-de-police-de-paris-lance-un-appel-a-temoins-apres-le-deces-dun-jeune-garcon-renverse-par-un-camion-a-boulogne-billancourt-alors-quil-sortait-un-velib","status":"publish","type":"post","link":"https:\/\/www.iceagetv.com\/radiosite\/la-prefecture-de-police-de-paris-lance-un-appel-a-temoins-apres-le-deces-dun-jeune-garcon-renverse-par-un-camion-a-boulogne-billancourt-alors-quil-sortait-un-velib\/","title":{"rendered":"La pr\u00e9fecture de police de Paris lance un appel \u00e0 t\u00e9moins apr\u00e8s le d\u00e9c\u00e8s d&rsquo;un jeune gar\u00e7on renvers\u00e9 par un camion \u00e0 Boulogne-Billancourt alors qu&rsquo;il sortait un V\u00e9lib&rsquo;"},"content":{"rendered":"\n<p>La pr\u00e9fecture de police de Paris lance un appel \u00e0 t\u00e9moins apr\u00e8s le d\u00e9c\u00e8s d&rsquo;un jeune gar\u00e7on renvers\u00e9 par un camion \u00e0 Boulogne-Billancourt (92) alors qu&rsquo;il sortait un V\u00e9lib&rsquo; de sa station d&rsquo;attache.<\/p>\n\n\n\n<p>Le drame s\u2019est d\u00e9roul\u00e9 sur la Grand&rsquo;Place, dans l&rsquo;hyper-centre, aux alentours de 9h ce lundi, lorsqu&rsquo;un camion de la Sepur \u2013 qui collecte les d\u00e9chets \u00e0 Boulogne-Billancourt \u2013 a percut\u00e9 le jeune gar\u00e7on qui quittait une station V\u00e9lib&rsquo; en marche arri\u00e8re. Gri\u00e8vement bless\u00e9, il n&rsquo;a pas pu \u00eatre sauv\u00e9 malgr\u00e9 l&rsquo;intervention rapide des secours, qui n\u2019ont pas r\u00e9ussi \u00e0 r\u00e9animer l\u2019adolescent.<\/p>\n\n\n\n<p>\u00abTout renseignement sur l&rsquo;accident peut \u00eatre communiqu\u00e9 \u00e0 la Brigade de traitement judiciaire en temps r\u00e9els en appelant le 01.41.31.64.00\u00bb, a ainsi communiqu\u00e9 la Pr\u00e9fecture de police de Paris, ce mardi, alors que les circonstances exactes de l&rsquo;accident semblent encore floues.<\/p>\n\n\n\n<p>La r\u00e9gion parisienne \u2013 o\u00f9 la pratique du v\u00e9lo en forte explosion depuis plusieurs ann\u00e9es \u2013 enregistre le plus grand nombre d\u2019accidents impliquant des cyclistes. En 2020, les accidents, mortels ou non, ont augment\u00e9 de 36 % dans cette zone.<\/p>\n\n\n\n<p>En 2020, 174 cyclistes avaient trouv\u00e9 la mort en France, dont 8 \u00e0 Paris et 5 en petite couronne.<\/p>\n\n\n\n<p>Pour rappel, un drame similaire s&rsquo;\u00e9tait d\u00e9j\u00e0 jou\u00e9 \u00e0 Boulogne-Billancourt le 21 juillet dernier.<\/p>\n\n\n\n<p>Une jeune femme \u00e9tait d\u00e9c\u00e9d\u00e9e apr\u00e8s avoir \u00e9t\u00e9 renvers\u00e9e par un camion, alors qu&rsquo;elle se trouvait \u00e0 v\u00e9lo sur le pont d&rsquo;Issy-les-Moulineaux en direction de Boulogne-Billancourt (92).<\/p>\n","protected":false},"excerpt":{"rendered":"<p>La pr\u00e9fecture de police de Paris lance un appel \u00e0 t\u00e9moins apr\u00e8s le d\u00e9c\u00e8s d&rsquo;un jeune gar\u00e7on renvers\u00e9 par un camion \u00e0 Boulogne-Billancourt (92) alors qu&rsquo;il sortait un V\u00e9lib&rsquo; de sa station d&rsquo;attache. Le drame s\u2019est d\u00e9roul\u00e9 sur la Grand&rsquo;Place, dans l&rsquo;hyper-centre, aux alentours de 9h ce lundi, lorsqu&rsquo;un camion de la Sepur \u2013 qui [&hellip;]<\/p>\n","protected":false},"author":2,"featured_media":19098,"comment_status":"open","ping_status":"open","sticky":false,"template":"","format":"standard","meta":{"_jetpack_memberships_contains_paid_content":false,"footnotes":"","jetpack_publicize_message":"","jetpack_publicize_feature_enabled":true,"jetpack_social_post_already_shared":true,"jetpack_social_options":{"image_generator_settings":{"template":"highway","default_image_id":0,"font":"","enabled":false},"version":2},"_wpas_customize_per_network":false},"categories":[405],"tags":[],"class_list":["post-19097","post","type-post","status-publish","format-standard","has-post-thumbnail","hentry","category-actu-france-monde"],"jetpack_publicize_connections":[],"jetpack_featured_media_url":"https:\/\/i0.wp.com\/www.iceagetv.com\/radiosite\/wp-content\/uploads\/2021\/09\/La-pr%C3%A9fecture-de-police-de-Paris-lance-un-appel-%C3%A0-t%C3%A9moins.jpg?fit=552%2C345&ssl=1","jetpack_sharing_enabled":true,"_links":{"self":[{"href":"https:\/\/www.iceagetv.com\/radiosite\/wp-json\/wp\/v2\/posts\/19097","targetHints":{"allow":["GET"]}}],"collection":[{"href":"https:\/\/www.iceagetv.com\/radiosite\/wp-json\/wp\/v2\/posts"}],"about":[{"href":"https:\/\/www.iceagetv.com\/radiosite\/wp-json\/wp\/v2\/types\/post"}],"author":[{"embeddable":true,"href":"https:\/\/www.iceagetv.com\/radiosite\/wp-json\/wp\/v2\/users\/2"}],"replies":[{"embeddable":true,"href":"https:\/\/www.iceagetv.com\/radiosite\/wp-json\/wp\/v2\/comments?post=19097"}],"version-history":[{"count":1,"href":"https:\/\/www.iceagetv.com\/radiosite\/wp-json\/wp\/v2\/posts\/19097\/revisions"}],"predecessor-version":[{"id":19099,"href":"https:\/\/www.iceagetv.com\/radiosite\/wp-json\/wp\/v2\/posts\/19097\/revisions\/19099"}],"wp:featuredmedia":[{"embeddable":true,"href":"https:\/\/www.iceagetv.com\/radiosite\/wp-json\/wp\/v2\/media\/19098"}],"wp:attachment":[{"href":"https:\/\/www.iceagetv.com\/radiosite\/wp-json\/wp\/v2\/media?parent=19097"}],"wp:term":[{"taxonomy":"category","embeddable":true,"href":"https:\/\/www.iceagetv.com\/radiosite\/wp-json\/wp\/v2\/categories?post=19097"},{"taxonomy":"post_tag","embeddable":true,"href":"https:\/\/www.iceagetv.com\/radiosite\/wp-json\/wp\/v2\/tags?post=19097"}],"curies":[{"name":"wp","href":"https:\/\/api.w.org\/{rel}","templated":true}]}}