{"id":19100,"date":"2021-09-29T18:10:37","date_gmt":"2021-09-29T18:10:37","guid":{"rendered":"http:\/\/www.iceagetv.com\/radiosite\/?p=19100"},"modified":"2021-09-29T18:10:37","modified_gmt":"2021-09-29T18:10:37","slug":"coronavirus-nous-allons-proposer-de-maintenir-jusqua-lete-la-possibilite-de-recourir-au-pass-sanitaire-annonce-le-porte-parole-du-gouvernement-gabriel-attal","status":"publish","type":"post","link":"https:\/\/www.iceagetv.com\/radiosite\/coronavirus-nous-allons-proposer-de-maintenir-jusqua-lete-la-possibilite-de-recourir-au-pass-sanitaire-annonce-le-porte-parole-du-gouvernement-gabriel-attal\/","title":{"rendered":"Coronavirus: \u00ab\u00a0Nous allons proposer de maintenir jusqu&rsquo;\u00e0 l&rsquo;\u00e9t\u00e9\u00a0\u00bb la possibilit\u00e9 de recourir au pass sanitaire, annonce le porte-parole du gouvernement Gabriel Attal"},"content":{"rendered":"\n<p>Le gouvernement veut \u00ab&nbsp;maintenir la possibilit\u00e9 de recourir&nbsp;\u00bb au pass sanitaire \u00ab&nbsp;jusqu\u2019\u00e0 l\u2019\u00e9t\u00e9&nbsp;\u00bb 2022, au-del\u00e0 de la pr\u00e9sidentielle, a d\u00e9clar\u00e9 son porte-parole Gabriel Attal mercredi, confirmant qu\u2019un projet de loi en ce sens serait pr\u00e9sent\u00e9 le 13 octobre en Conseil des ministres. \u00ab&nbsp;Ce que nous voulons, ce que nous allons proposer au Parlement, c\u2019est de maintenir pendant plusieurs mois encore, jusqu\u2019\u00e0 l\u2019\u00e9t\u00e9, la possibilit\u00e9 d\u2019y recourir&nbsp;\u00bb, a-t-il indiqu\u00e9 \u00e0 l\u2019issue du Conseil des ministres, alors que la possibilit\u00e9 l\u00e9gale de mise en place du pass arrive \u00e0 \u00e9ch\u00e9ance le 15 novembre.<\/p>\n\n\n\n<p>\u00ab&nbsp;Il faut se donner les moyens d\u2019avoir la possibilit\u00e9 de recourir \u00e0 des mesures, si c\u2019est n\u00e9cessaire, pour prot\u00e9ger les Fran\u00e7ais&nbsp;\u00bb, a-t-il ajout\u00e9.\u00ab&nbsp; Notre souhait, notre espoir c\u2019est que \u00e7a ne soit pas le cas&nbsp;\u00bb, a-t-il insist\u00e9. Le gouvernement, qui s\u2019interrogeait ces derni\u00e8res semaines sur l\u2019opportunit\u00e9 de prolonger cet outil de seulement quelques semaines ou plut\u00f4t de quelques mois, a donc d\u00e9cid\u00e9 \u00ab&nbsp;d\u2019enjamber l\u2019\u00e9ch\u00e9ance de l\u2019\u00e9lection pr\u00e9sidentielle&nbsp;\u00bb afin de permettre, en cas de rebond \u00e9pid\u00e9mique, de \u00ab&nbsp;remettre le pass sanitaire dans le cadre d\u2019une campagne o\u00f9 le Parlement ne si\u00e8ge plus&nbsp;\u00bb.<\/p>\n\n\n\n<p>Le Parlement est en effet cens\u00e9 terminer ses travaux en s\u00e9ance publique fin f\u00e9vrier 2022, en raison de la campagne \u00e9lectorale, m\u00eame s\u2019il peut resi\u00e9ger si n\u00e9cessaire. \u00ab&nbsp;Notre souhait est toujours d\u2019avoir le moins de contraintes pour les Fran\u00e7ais. L\u2019enjeu pour nous n\u2019est pas de dire que nous allons prolonger ind\u00e9finiment des contraintes&nbsp;\u00bb et \u00ab&nbsp;nous avons \u00e9videmment des raisons d\u2019\u00eatre optimistes gr\u00e2ce \u00e0 la vaccination&nbsp;\u00bb. \u00ab&nbsp;Mais les 18 mois qui se sont \u00e9coul\u00e9s nous ont montr\u00e9 qu\u2019il fallait toujours rester prudents et vigilants&nbsp;\u00bb, a plaid\u00e9 le porte-parole.<\/p>\n\n\n\n<p>Un avant-projet de loi a \u00e9t\u00e9 transmis au Conseil d\u2019\u00c9tat qui va remettre un avis au gouvernement. Il va ensuite \u00ab&nbsp;y avoir une discussion parlementaire&nbsp;\u00bb, a rappel\u00e9 M. Attal, balayant les critiques des oppositions accusant l\u2019ex\u00e9cutif d\u2019\u00e9touffer le d\u00e9bat. \u00ab&nbsp;Ca doit \u00eatre le onzi\u00e8me texte de gestion de la crise sanitaire discut\u00e9 au Parlement. Donc au contraire, le d\u00e9bat on l\u2019a non seulement souhait\u00e9 mais on l\u2019a suscit\u00e9 avec ces textes de loi et c\u2019est normal: on est en d\u00e9mocratie.&nbsp;\u00bb Le Parlement avait adopt\u00e9 dans la nuit du 25 au 26 juillet le dispositif du pass sanitaire instaur\u00e9 jusqu\u2019au 15 novembre. Pour aller au-del\u00e0, un nouveau vote est n\u00e9cessaire.<\/p>\n\n\n\n<p>Le pass est devenu obligatoire le 21 juillet dans les lieux accueillant plus de 50 personnes. Il a ensuite \u00e9t\u00e9 \u00e9tendu aux h\u00f4pitaux sauf aux urgences, aux bars et aux restaurants, aux grands centres commerciaux sur d\u00e9cision pr\u00e9fectorale et le 30 ao\u00fbt aux 1,8 million de salari\u00e9s au contact du public. Jeudi, il doit \u00eatre \u00e9tendu aux 12-17 ans.<\/p>\n","protected":false},"excerpt":{"rendered":"<p>Le gouvernement veut \u00ab&nbsp;maintenir la possibilit\u00e9 de recourir&nbsp;\u00bb au pass sanitaire \u00ab&nbsp;jusqu\u2019\u00e0 l\u2019\u00e9t\u00e9&nbsp;\u00bb 2022, au-del\u00e0 de la pr\u00e9sidentielle, a d\u00e9clar\u00e9 son porte-parole Gabriel Attal mercredi, confirmant qu\u2019un projet de loi en ce sens serait pr\u00e9sent\u00e9 le 13 octobre en Conseil des ministres. \u00ab&nbsp;Ce que nous voulons, ce que nous allons proposer au Parlement, c\u2019est de [&hellip;]<\/p>\n","protected":false},"author":2,"featured_media":19101,"comment_status":"open","ping_status":"open","sticky":false,"template":"","format":"standard","meta":{"_jetpack_memberships_contains_paid_content":false,"footnotes":"","jetpack_publicize_message":"","jetpack_publicize_feature_enabled":true,"jetpack_social_post_already_shared":true,"jetpack_social_options":{"image_generator_settings":{"template":"highway","default_image_id":0,"font":"","enabled":false},"version":2},"_wpas_customize_per_network":false},"categories":[405],"tags":[],"class_list":["post-19100","post","type-post","status-publish","format-standard","has-post-thumbnail","hentry","category-actu-france-monde"],"jetpack_publicize_connections":[],"jetpack_featured_media_url":"https:\/\/i0.wp.com\/www.iceagetv.com\/radiosite\/wp-content\/uploads\/2021\/09\/Nous-allons-proposer-de-maintenir-jusqu%C3%A0-l%C3%A9t%C3%A9.png?fit=816%2C377&ssl=1","jetpack_sharing_enabled":true,"_links":{"self":[{"href":"https:\/\/www.iceagetv.com\/radiosite\/wp-json\/wp\/v2\/posts\/19100","targetHints":{"allow":["GET"]}}],"collection":[{"href":"https:\/\/www.iceagetv.com\/radiosite\/wp-json\/wp\/v2\/posts"}],"about":[{"href":"https:\/\/www.iceagetv.com\/radiosite\/wp-json\/wp\/v2\/types\/post"}],"author":[{"embeddable":true,"href":"https:\/\/www.iceagetv.com\/radiosite\/wp-json\/wp\/v2\/users\/2"}],"replies":[{"embeddable":true,"href":"https:\/\/www.iceagetv.com\/radiosite\/wp-json\/wp\/v2\/comments?post=19100"}],"version-history":[{"count":1,"href":"https:\/\/www.iceagetv.com\/radiosite\/wp-json\/wp\/v2\/posts\/19100\/revisions"}],"predecessor-version":[{"id":19102,"href":"https:\/\/www.iceagetv.com\/radiosite\/wp-json\/wp\/v2\/posts\/19100\/revisions\/19102"}],"wp:featuredmedia":[{"embeddable":true,"href":"https:\/\/www.iceagetv.com\/radiosite\/wp-json\/wp\/v2\/media\/19101"}],"wp:attachment":[{"href":"https:\/\/www.iceagetv.com\/radiosite\/wp-json\/wp\/v2\/media?parent=19100"}],"wp:term":[{"taxonomy":"category","embeddable":true,"href":"https:\/\/www.iceagetv.com\/radiosite\/wp-json\/wp\/v2\/categories?post=19100"},{"taxonomy":"post_tag","embeddable":true,"href":"https:\/\/www.iceagetv.com\/radiosite\/wp-json\/wp\/v2\/tags?post=19100"}],"curies":[{"name":"wp","href":"https:\/\/api.w.org\/{rel}","templated":true}]}}