{"id":19106,"date":"2021-09-29T18:42:51","date_gmt":"2021-09-29T18:42:51","guid":{"rendered":"http:\/\/www.iceagetv.com\/radiosite\/?p=19106"},"modified":"2021-09-29T18:42:51","modified_gmt":"2021-09-29T18:42:51","slug":"un-hommage-national-au-soldat-francais-mort-au-mali-a-ete-rendu-aux-invalides","status":"publish","type":"post","link":"https:\/\/www.iceagetv.com\/radiosite\/un-hommage-national-au-soldat-francais-mort-au-mali-a-ete-rendu-aux-invalides\/","title":{"rendered":"Un hommage national au soldat fran\u00e7ais mort au Mali a \u00e9t\u00e9 rendu aux Invalides"},"content":{"rendered":"\n<p>Le&nbsp;<a href=\"https:\/\/www.lemonde.fr\/afrique\/article\/2021\/09\/24\/un-soldat-francais-tue-au-combat-au-mali-annonce-l-elysee_6095939_3212.html\">caporal-chef fran\u00e7ais Maxime Blasco, tu\u00e9 en op\u00e9ration au Mali<\/a>, a \u00e9t\u00e9 fait, mercredi 29&nbsp;septembre, officier de la L\u00e9gion d\u2019honneur \u00e0 titre posthume par Emmanuel Macron, lors d\u2019une c\u00e9r\u00e9monie tr\u00e8s sobre aux Invalides devant la famille du chasseur alpin.<\/p>\n\n\n\n<p>La famille du soldat assistait \u00e0 la c\u00e9r\u00e9monie, dont son enfant de 8 ans, qui portait la tarte \u2013 le b\u00e9ret \u2013 des chasseurs alpins, l\u2019unit\u00e9 d\u2019appartenance du d\u00e9funt. Le premier ministre, Jean Castex, et de nombreux membres du gouvernement \u00e9taient \u00e9galement pr\u00e9sents. Avant la c\u00e9r\u00e9monie, la d\u00e9pouille du soldat fran\u00e7ais, \u00e2g\u00e9 de 34\u00a0ans, a travers\u00e9 le pont dans un fourgon mortuaire pr\u00e9c\u00e9d\u00e9 d\u2019une escorte de gendarmerie, alors que les militaires sur les c\u00f4t\u00e9s \u00e9taient au garde \u00e0 vous et que d\u2019autres, dans la foule, applaudissaient. <\/p>\n\n\n\n<p>Maxime Blasco, nomm\u00e9 sergent \u00e0 titre posthume, a \u00e9t\u00e9 tu\u00e9 vendredi 24&nbsp;septembre au cours d\u2019une op\u00e9ration de reconnaissance et de harc\u00e8lement conduite par la force de lutte contre les djihadistes de l\u2019op\u00e9ration \u00ab&nbsp;Barkhane&nbsp;\u00bb dans la r\u00e9gion de Gossi, \u00e0 proximit\u00e9 de la fronti\u00e8re entre le Mali et le Burkina Faso. Il laisse son enfant de 8&nbsp;ans et sa compagne, Alexandra, qui a&nbsp;<a href=\"https:\/\/authentication.leparisien.fr\/connexion\/?redirect_url=https:\/\/www.leparisien.fr\/faits-divers\/soldat-francais-tue-au-mali-jai-demande-a-etre-marie-a-titre-posthume-avec-maxime-nous-confie-sa-compagne-alexandra-29-09-2021-COGWW6RTQREWFCNHH2GFPLKMEA.php\" target=\"_blank\" rel=\"noreferrer noopener\">confi\u00e9 au&nbsp;<em>Parisien<\/em><\/a>son souhait de l\u2019\u00e9pouser \u00e0 titre posthume.<\/p>\n\n\n\n<h2 class=\"wp-block-heading\">\u00ab\u00a0Un parcours op\u00e9rationnel exceptionnel\u00a0\u00bb<\/h2>\n\n\n\n<p>Plusieurs fois d\u00e9cor\u00e9, le caporal-chef Blasco avait re\u00e7u en juin la m\u00e9daille militaire&nbsp;<em>\u00ab&nbsp;pour la valeur exceptionnelle de ses services&nbsp;\u00bb<\/em>.&nbsp;<em>\u00ab&nbsp;C\u2019\u00e9tait quelqu\u2019un qui avait un parcours op\u00e9rationnel exceptionnel&nbsp;\u00bb<\/em>, selon le colonel Pascal Ianni, porte-parole des arm\u00e9es.<\/p>\n\n\n\n<p>En&nbsp;2019, il avait sauv\u00e9 la vie \u00e0 deux de ses camarades lors du crash de leur h\u00e9licopt\u00e8re Gazelle. Gri\u00e8vement bless\u00e9, notamment avec de multiples fractures vert\u00e9brales, il avait r\u00e9ussi \u00e0 extraire ses compagnons, les transporter sur une cinquantaine de m\u00e8tres avant de les installer,&nbsp;<em>\u00ab&nbsp;de fa\u00e7on un peu artisanale, sur les patins&nbsp;\u00bb<\/em>&nbsp;d\u2019un h\u00e9licopt\u00e8re Tigre pour les \u00e9vacuer de la zone de combat, selon l\u2019\u00e9tat-major.<\/p>\n\n\n\n<p>Sa mort porte \u00e0 52 le nombre de soldats fran\u00e7ais tu\u00e9s au combat au Sahel depuis 2013. Jeudi, un autre hommage lui sera rendu \u00e0 Varces (Is\u00e8re) par ses fr\u00e8res d\u2019armes du 7<sup>e<\/sup>&nbsp;bataillon de chasseurs alpins.<\/p>\n\n\n\n<h2 class=\"wp-block-heading\">R\u00e9duction du dispositif militaire fran\u00e7ais au Sahel<\/h2>\n\n\n\n<p>Ce drame intervient \u00e0 l\u2019heure d\u2019une r\u00e9duction du dispositif militaire fran\u00e7ais au Sahel, dans un contexte tr\u00e8s tendu entre Paris et Bamako. La France pr\u00e9voit de quitter les bases les plus au nord du Mali (Kidal, Tombouctou et Tessalit), tout en maintenant sa pr\u00e9sence \u00e0 Gao, Gossi et M\u00e9naka. Les effectifs fran\u00e7ais au Sahel seront r\u00e9duits d\u2019ici \u00e0 2023 \u00e0 2 500 ou 3 000 hommes, contre plus de 5 000 aujourd\u2019hui.<\/p>\n\n\n\n<p>La junte malienne au pouvoir envisage de conclure un contrat avec la sulfureuse soci\u00e9t\u00e9 paramilitaire russe Wagner, d\u00e9crite comme proche du pouvoir russe. Le premier ministre malien, Choguel Kokalla Ma\u00efga, a accus\u00e9 samedi aux Nations unies la France d\u2019un&nbsp;<em>\u00ab abandon en plein vol \u00bb<\/em>&nbsp;pour justifier les r\u00e9flexions en cours \u00e0 Bamako en vue de s\u2019adjoindre d\u2019autres partenaires.<\/p>\n\n\n\n<p>Un d\u00e9ploiement de ces mercenaires ferait&nbsp;<em>\u00ab perdre le soutien de la communaut\u00e9 internationale \u00bb<\/em>&nbsp;au Mali, qui leur&nbsp;<em>\u00ab abandonnera des pans entiers de sa souverainet\u00e9 \u00bb<\/em>, a averti la ministre des arm\u00e9es, Florence Parly, mercredi au S\u00e9nat. Cette \u00e9ventualit\u00e9 serait&nbsp;<em>\u00ab incompatible \u00bb<\/em>&nbsp;avec le maintien au Mali des troupes fran\u00e7aises, avait d\u00e9j\u00e0 averti Paris.<\/p>\n\n\n\n<p><\/p>\n\n\n\n<p><\/p>\n","protected":false},"excerpt":{"rendered":"<p>Le&nbsp;caporal-chef fran\u00e7ais Maxime Blasco, tu\u00e9 en op\u00e9ration au Mali, a \u00e9t\u00e9 fait, mercredi 29&nbsp;septembre, officier de la L\u00e9gion d\u2019honneur \u00e0 titre posthume par Emmanuel Macron, lors d\u2019une c\u00e9r\u00e9monie tr\u00e8s sobre aux Invalides devant la famille du chasseur alpin. La famille du soldat assistait \u00e0 la c\u00e9r\u00e9monie, dont son enfant de 8 ans, qui portait la [&hellip;]<\/p>\n","protected":false},"author":2,"featured_media":19107,"comment_status":"open","ping_status":"open","sticky":false,"template":"","format":"standard","meta":{"_jetpack_memberships_contains_paid_content":false,"footnotes":"","jetpack_publicize_message":"","jetpack_publicize_feature_enabled":true,"jetpack_social_post_already_shared":true,"jetpack_social_options":{"image_generator_settings":{"template":"highway","default_image_id":0,"font":"","enabled":false},"version":2},"_wpas_customize_per_network":false},"categories":[405],"tags":[],"class_list":["post-19106","post","type-post","status-publish","format-standard","has-post-thumbnail","hentry","category-actu-france-monde"],"jetpack_publicize_connections":[],"jetpack_featured_media_url":"https:\/\/i0.wp.com\/www.iceagetv.com\/radiosite\/wp-content\/uploads\/2021\/09\/Un-parcours-op%C3%A9rationnel-exceptionnel.png?fit=555%2C368&ssl=1","jetpack_sharing_enabled":true,"_links":{"self":[{"href":"https:\/\/www.iceagetv.com\/radiosite\/wp-json\/wp\/v2\/posts\/19106","targetHints":{"allow":["GET"]}}],"collection":[{"href":"https:\/\/www.iceagetv.com\/radiosite\/wp-json\/wp\/v2\/posts"}],"about":[{"href":"https:\/\/www.iceagetv.com\/radiosite\/wp-json\/wp\/v2\/types\/post"}],"author":[{"embeddable":true,"href":"https:\/\/www.iceagetv.com\/radiosite\/wp-json\/wp\/v2\/users\/2"}],"replies":[{"embeddable":true,"href":"https:\/\/www.iceagetv.com\/radiosite\/wp-json\/wp\/v2\/comments?post=19106"}],"version-history":[{"count":1,"href":"https:\/\/www.iceagetv.com\/radiosite\/wp-json\/wp\/v2\/posts\/19106\/revisions"}],"predecessor-version":[{"id":19108,"href":"https:\/\/www.iceagetv.com\/radiosite\/wp-json\/wp\/v2\/posts\/19106\/revisions\/19108"}],"wp:featuredmedia":[{"embeddable":true,"href":"https:\/\/www.iceagetv.com\/radiosite\/wp-json\/wp\/v2\/media\/19107"}],"wp:attachment":[{"href":"https:\/\/www.iceagetv.com\/radiosite\/wp-json\/wp\/v2\/media?parent=19106"}],"wp:term":[{"taxonomy":"category","embeddable":true,"href":"https:\/\/www.iceagetv.com\/radiosite\/wp-json\/wp\/v2\/categories?post=19106"},{"taxonomy":"post_tag","embeddable":true,"href":"https:\/\/www.iceagetv.com\/radiosite\/wp-json\/wp\/v2\/tags?post=19106"}],"curies":[{"name":"wp","href":"https:\/\/api.w.org\/{rel}","templated":true}]}}