{"id":19138,"date":"2021-10-03T08:27:16","date_gmt":"2021-10-03T08:27:16","guid":{"rendered":"http:\/\/www.iceagetv.com\/radiosite\/?p=19138"},"modified":"2021-10-03T08:27:16","modified_gmt":"2021-10-03T08:27:16","slug":"seine-maritime-un-jeune-homme-de-19-ans-adorateur-dhitler-et-victime-de-harcelement-scolaire-preparait-un-massacre-dans-une-mosquee-et-un-lycee","status":"publish","type":"post","link":"https:\/\/www.iceagetv.com\/radiosite\/seine-maritime-un-jeune-homme-de-19-ans-adorateur-dhitler-et-victime-de-harcelement-scolaire-preparait-un-massacre-dans-une-mosquee-et-un-lycee\/","title":{"rendered":"Seine-Maritime : Un jeune homme de 19 ans, adorateur d\u2019Hitler et victime de harc\u00e8lement scolaire, pr\u00e9parait un massacre dans une mosqu\u00e9e et un lyc\u00e9e"},"content":{"rendered":"\n<p>Un jeune homme de 21 ans, habitant de Seine-Maritime a \u00e9t\u00e9 interpell\u00e9 et mis en examen et \u00e9crou\u00e9 vendredi. Il est soup\u00e7onn\u00e9 de vouloir commettre une tuerie de masse dans son ancien lyc\u00e9e et une mosqu\u00e9e, le tout le jour de l&rsquo;anniversaire d&rsquo;Adolf Hitler. Selon une source proche du dossier, l&rsquo;individu est fascin\u00e9 par l&rsquo;ultra-violence.<\/p>\n\n\n\n<p>&nbsp;En guise de pr\u00e9paration, il a d\u00e9j\u00e0 effectu\u00e9 des rep\u00e9rages autour de son ancien lyc\u00e9e et d\u2019une mosqu\u00e9e situ\u00e9e \u00e0 proximit\u00e9, dans le d\u00e9partement de la Seine-Maritime pr\u00e9cise&nbsp;<a href=\"https:\/\/www.leparisien.fr\/faits-divers\/je-veux-faire-pire-que-columbine-le-projet-de-tuerie-de-masse-dun-normand-adorateur-dhitler-dejoue-par-la-dgsi-02-10-2021-KPUTTZCGGVB5HKN4PYGAUWFT5M.php\" target=\"_blank\" rel=\"noreferrer noopener\">Le Parisien<\/a>. \u00ab Je veux faire pire que Columbine \u00bb, s\u2019est-il promis, en r\u00e9f\u00e9rence \u00e0&nbsp;la fusillade qui a fait quinze morts dans un lyc\u00e9e am\u00e9ricain, l\u00e0 encore un 20 avril, en 1999.<\/p>\n\n\n\n<p>Il pr\u00e9tend avoir \u00e9t\u00e9 victime d\u2019une agression sexuelle d\u00e8s son plus jeune \u00e2ge puis d\u2019avoir subi pendant plusieurs ann\u00e9es le harc\u00e8lement de ses camarades de classe. Raison pour laquelle il envisageait de passer \u00e0 l\u2019acte dans les prochains mois dans son ancien lyc\u00e9e normand o\u00f9 il aurait subi un calvaire.<\/p>\n\n\n\n<p>\u00c0 son domicile, les enqu\u00eateurs ont d\u00e9couvert une collection d\u2019une vingtaine de couteaux et au moins trois armes \u00e0 feu dont son beau-p\u00e8re \u00e9tait propri\u00e9taire : une carabine 22 long rifle \u00e9quip\u00e9e d\u2019une lunette de vis\u00e9e, un fusil de chasse et un pistolet \u00e0 air comprim\u00e9. Par ailleurs, toujours selon des sources proches de l\u2019enqu\u00eate, les policiers de la DGSI ont mis la main lors de la perquisition sur vingt cahiers intitul\u00e9s \u00ab Mein Kampf \u00bb<\/p>\n\n\n\n<p>Il avait \u00e9t\u00e9 rep\u00e9r\u00e9 par les enqu\u00eateurs en raison de ses \u00e9changes sur plusieurs r\u00e9seaux sociaux.<\/p>\n\n\n\n<p>Plusieurs armes, des munitions ainsi que 20 cahiers o\u00f9 il couchait ses pens\u00e9es et son admiration pour le F\u00fchrer, ont \u00e9t\u00e9 saisis par les enqu\u00eateurs. Ce jeune homme, n\u00e9 en 2002 et qui vivait en Seine-Maritime, a \u00e9t\u00e9 interpell\u00e9 mardi. Il a \u00e9t\u00e9 mis en examen quatre jours plus tard pour \u00ab\u00a0association de malfaiteurs terroriste criminelle\u00a0\u00bb et plac\u00e9 en d\u00e9tention provisoire.<\/p>\n","protected":false},"excerpt":{"rendered":"<p>Un jeune homme de 21 ans, habitant de Seine-Maritime a \u00e9t\u00e9 interpell\u00e9 et mis en examen et \u00e9crou\u00e9 vendredi. Il est soup\u00e7onn\u00e9 de vouloir commettre une tuerie de masse dans son ancien lyc\u00e9e et une mosqu\u00e9e, le tout le jour de l&rsquo;anniversaire d&rsquo;Adolf Hitler. Selon une source proche du dossier, l&rsquo;individu est fascin\u00e9 par l&rsquo;ultra-violence. [&hellip;]<\/p>\n","protected":false},"author":2,"featured_media":19139,"comment_status":"open","ping_status":"open","sticky":false,"template":"","format":"standard","meta":{"_jetpack_memberships_contains_paid_content":false,"footnotes":"","jetpack_publicize_message":"","jetpack_publicize_feature_enabled":true,"jetpack_social_post_already_shared":true,"jetpack_social_options":{"image_generator_settings":{"template":"highway","default_image_id":0,"font":"","enabled":false},"version":2},"_wpas_customize_per_network":false},"categories":[405],"tags":[],"class_list":["post-19138","post","type-post","status-publish","format-standard","has-post-thumbnail","hentry","category-actu-france-monde"],"jetpack_publicize_connections":[],"jetpack_featured_media_url":"https:\/\/i0.wp.com\/www.iceagetv.com\/radiosite\/wp-content\/uploads\/2021\/10\/Seine-Maritime.png?fit=304%2C132&ssl=1","jetpack_sharing_enabled":true,"_links":{"self":[{"href":"https:\/\/www.iceagetv.com\/radiosite\/wp-json\/wp\/v2\/posts\/19138","targetHints":{"allow":["GET"]}}],"collection":[{"href":"https:\/\/www.iceagetv.com\/radiosite\/wp-json\/wp\/v2\/posts"}],"about":[{"href":"https:\/\/www.iceagetv.com\/radiosite\/wp-json\/wp\/v2\/types\/post"}],"author":[{"embeddable":true,"href":"https:\/\/www.iceagetv.com\/radiosite\/wp-json\/wp\/v2\/users\/2"}],"replies":[{"embeddable":true,"href":"https:\/\/www.iceagetv.com\/radiosite\/wp-json\/wp\/v2\/comments?post=19138"}],"version-history":[{"count":1,"href":"https:\/\/www.iceagetv.com\/radiosite\/wp-json\/wp\/v2\/posts\/19138\/revisions"}],"predecessor-version":[{"id":19140,"href":"https:\/\/www.iceagetv.com\/radiosite\/wp-json\/wp\/v2\/posts\/19138\/revisions\/19140"}],"wp:featuredmedia":[{"embeddable":true,"href":"https:\/\/www.iceagetv.com\/radiosite\/wp-json\/wp\/v2\/media\/19139"}],"wp:attachment":[{"href":"https:\/\/www.iceagetv.com\/radiosite\/wp-json\/wp\/v2\/media?parent=19138"}],"wp:term":[{"taxonomy":"category","embeddable":true,"href":"https:\/\/www.iceagetv.com\/radiosite\/wp-json\/wp\/v2\/categories?post=19138"},{"taxonomy":"post_tag","embeddable":true,"href":"https:\/\/www.iceagetv.com\/radiosite\/wp-json\/wp\/v2\/tags?post=19138"}],"curies":[{"name":"wp","href":"https:\/\/api.w.org\/{rel}","templated":true}]}}