{"id":19154,"date":"2021-10-05T15:49:00","date_gmt":"2021-10-05T15:49:00","guid":{"rendered":"http:\/\/www.iceagetv.com\/radiosite\/?p=19154"},"modified":"2021-10-05T15:49:00","modified_gmt":"2021-10-05T15:49:00","slug":"un-detenu-prend-en-otage-deux-surveillants-de-la-prison-de-conde-sur-sarthe-pendant-quatre-heures-avant-de-se-rendre-un-surveillant-a-ete-blesse","status":"publish","type":"post","link":"https:\/\/www.iceagetv.com\/radiosite\/un-detenu-prend-en-otage-deux-surveillants-de-la-prison-de-conde-sur-sarthe-pendant-quatre-heures-avant-de-se-rendre-un-surveillant-a-ete-blesse\/","title":{"rendered":"Un d\u00e9tenu prend en otage deux surveillants de la prison de Cond\u00e9-sur-Sarthe pendant quatre heures avant de se rendre &#8211; Un surveillant a \u00e9t\u00e9 bless\u00e9"},"content":{"rendered":"\n<p> Le ministre de la Justice Eric Dupond-Moretti est actuellement sur place, \u00e0 la prison de Cond\u00e9-sur-Sarthe. Le ministre a tenu \u00e0 remercier les \u00e9quipes qui \u00e9taient pr\u00e9sentes \u00e0 Cond\u00e9-sur-Sarthe. \u00ab\u00a0On a suivi \u00e7a minute par minute, craignant que les choses d\u00e9rapent\u00a0\u00bb, a-t-il d\u00e9clar\u00e9.  <strong>La prise d\u2019otage est termin\u00e9e. Le d\u00e9tenu s\u2019est rendu. J\u2019apporte mon soutien aux deux surveillants victimes et je f\u00e9licite chaleureusement les personnels des \u00c9RIS et du RAID qui ont permis ce d\u00e9nouement rapide. J\u2019irai d\u00e8s cet apr\u00e8s-midi \u00e0 leur rencontre\u00a0\u00bb, vient d&rsquo;annoncer le ministre de la Justice sur Twitter<\/strong> <\/p>\n\n\n\n<p><strong>Le point sur la situation \u00e0 la mi-journ\u00e9e<br><\/strong><\/p>\n\n\n\n<p>Un surveillant a \u00e9t\u00e9 l\u00e9g\u00e8rement bless\u00e9 et pris en otage mardi par un d\u00e9tenu de la prison de Cond\u00e9-sur-Sarthe (Orne), a-t-on appris de sources concordantes. Une surveillante qui \u00e9tait retenue avec lui depuis la matin\u00e9e a \u00e9t\u00e9 lib\u00e9r\u00e9e en milieu de journ\u00e9e, a pr\u00e9cis\u00e9 le minist\u00e8re de la Justice \u00e0 l&rsquo;AFP. Cette femme n&rsquo;a pas \u00e9t\u00e9 bless\u00e9e, a-t-on pr\u00e9cis\u00e9 de m\u00eame source.<br>Des n\u00e9gociations ont \u00e9t\u00e9 engag\u00e9es par le personnel p\u00e9nitentiaire avec le d\u00e9tenu, tandis que les \u00e9quipes r\u00e9gionales d\u2019intervention et de s\u00e9curit\u00e9 (ERIS) de Rennes sont arriv\u00e9es sur place, a indiqu\u00e9 le minist\u00e8re de la Justice. Une cellule de crise a imm\u00e9diatement \u00e9t\u00e9 ouverte apr\u00e8s cette prise d&rsquo;otages, qui a commenc\u00e9 \u00e0 10h15, selon la m\u00eame source.<br>Selon une source proche du dossier, le preneur d&rsquo;otage est un d\u00e9tenu de droit commun. N\u00e9 en 1987, il a \u00e9t\u00e9 condamn\u00e9 \u00e0 la r\u00e9clusion criminelle \u00e0 perp\u00e9tuit\u00e9 pour viol et meurtre, a pr\u00e9cis\u00e9 \u00e0 l&rsquo;AFP une source polici\u00e8re. Selon le minist\u00e8re de la Justice, il ne pr\u00e9sente pas de profil \u00ab\u00a0terroriste ni radicalis\u00e9\u00a0\u00bb.<br>Une prise d&rsquo;otage \u00e0 la prison de Cond\u00e9-sur-Sarthe avait d\u00e9j\u00e0 eu lieu le 11 juin 2019, lors de laquelle Francis Dorffer, muni d&rsquo;une arme artisanale, avait retenu durant cinq heures dans sa cellule un surveillant et une stagiaire.<\/p>\n\n\n\n<p>Le centre p\u00e9nitentiaire de haute-s\u00e9curit\u00e9 de Cond\u00e9-sur-Sarthe a connu plusieurs incidents graves alors qu&rsquo;elle est l&rsquo;une des plus r\u00e9centes et modernes de France, ouverte en janvier 2013.<\/p>\n\n\n\n<p>En mars 2019, Micha\u00ebl Chiolo, avait agress\u00e9 deux surveillants avec un couteau en c\u00e9ramique. L&rsquo;assaillant, qui purgeait une peine de trente ans et s&rsquo;est radicalis\u00e9 en prison, s&rsquo;\u00e9tait ensuite retranch\u00e9 avec sa compagne pendant pr\u00e8s de dix heures dans l&rsquo;unit\u00e9 de vie familiale (UVF) de l&rsquo;\u00e9tablissement.<\/p>\n\n\n\n<p>Apr\u00e8s des tentatives de n\u00e9gociations, les forces d&rsquo;\u00e9lite de la police avaient lanc\u00e9 l&rsquo;assaut, blessant l&rsquo;assaillant et tuant sa compagne.<\/p>\n\n\n\n<p>Le procureur de la R\u00e9publique de Paris R\u00e9my Heitz avait expliqu\u00e9 que Micha\u00ebl Chiolo, au moment de blesser gri\u00e8vement les deux surveillants, avait affirm\u00e9 vouloir \u00ab\u00a0venger\u00a0\u00bb Ch\u00e9rif Chekatt, l&rsquo;auteur de l&rsquo;attaque jihadiste du march\u00e9 de No\u00ebl de Strasbourg, abattu en d\u00e9cembre 2018 par les forces de l&rsquo;ordre apr\u00e8s avoir tu\u00e9 cinq personnes.<\/p>\n\n\n\n<p>Cette agression avait provoqu\u00e9 un mouvement de mobilisation dans les prisons fran\u00e7aises et conduit la Direction de l&rsquo;administration p\u00e9nitentiaire (DAP) \u00e0 renforcer les mesures de s\u00e9curit\u00e9 dans l&rsquo;\u00e9tablissement.<\/p>\n\n\n\n<p>Trois mois plus tard, en juin 2019, deux personnels p\u00e9nitentiaires avaient \u00e9t\u00e9 pris en otage par le \u00ab\u00a0champion de la prise d&rsquo;otage carc\u00e9rale\u00a0\u00bb, Francis Dorffer et les deux surveillants \u00e9taient sortis sains et saufs.<\/p>\n\n\n\n<p>Depuis son ouverture, plusieurs agressions, r\u00e9bellions ou prises d&rsquo;otage ont eu lieu dans l&rsquo;enceinte de cette prison, accueillant des d\u00e9tenus r\u00e9put\u00e9s \u00ab\u00a0difficiles\u00a0\u00bb ou ayant d\u00e9j\u00e0 commis des violences en milieu carc\u00e9ral, et souvent pr\u00e9sent\u00e9 comme l&rsquo;\u00e9tablissement \u00ab\u00a0jumeau\u00a0\u00bb de Vendin-le-Vieil (Pas-de-Calais). Le centre p\u00e9nitentiaire, d&rsquo;une capacit\u00e9 de 249 places, est structur\u00e9e en deux parties: une maison centrale (195 places) plac\u00e9e sous haute surveillance et un quartier nouveau concept b\u00e2ti en dehors du mur d\u2019enceinte (45 places), selon l&rsquo;Agence publique pour l&rsquo;immobilier de la justice (Apij). <\/p>\n\n\n\n<p><strong>Le point sur ce que l&rsquo;on sait<\/strong><\/p>\n\n\n\n<p>Deux surveillants de la prison de Cond\u00e9-sur-Sarthe (Orne) ont \u00e9t\u00e9 agress\u00e9s mardi matin par un d\u00e9tenu qui les retenait en otage, a-t-on appris de sources concordantes. Un des surveillants a \u00e9t\u00e9 bless\u00e9 \u00e0 l\u2019oeil droit et lui et son coll\u00e8gue \u00e9taient toujours \u00ab\u00a0retenus sur le site\u00a0\u00bb, a pr\u00e9cis\u00e9 le minist\u00e8re de la Justice dans un communiqu\u00e9. La prise d\u2019otages est \u00ab\u00a0en cours\u00a0\u00bb, a-t-on confirm\u00e9 de source polici\u00e8re.<br>Des n\u00e9gociations ont \u00e9t\u00e9 engag\u00e9es par le personnel p\u00e9nitentiaire avec le d\u00e9tenu, tandis que les \u00e9quipes r\u00e9gionales d\u2019intervention et de s\u00e9curit\u00e9 (ERIS) de Rennes \u00e9taient en route vers l\u2019\u00e9tablissement, a pr\u00e9cis\u00e9 de son c\u00f4t\u00e9 le minist\u00e8re.<br>Une cellule de crise a imm\u00e9diatement \u00e9t\u00e9 ouverte, selon la m\u00eame source. Selon une source proche du dossier, les deux surveillants sont un homme et une femme et le preneur d\u2019otage un d\u00e9tenu de droit commun.<br>La derni\u00e8re prise d\u2019otage en prison remonte au 11 juin 2019. Elle s\u2019\u00e9tait d\u00e9roul\u00e9e \u00e9galement \u00e0 la prison de Cond\u00e9-sur-Sarthe. Francis Dorffer, muni d\u2019une arme artisanale, avait retenu durant cinq heures dans sa cellule un surveillant et une stagiaire.<strong>\u00a0<\/strong>Le minist\u00e8re de la Justice indique que le surveillant bless\u00e9 a \u00e9t\u00e9 touch\u00e9 \u00e0 l\u2019oeil droit <strong>Le d\u00e9tenu, \u00e2g\u00e9 d\u2019une trentaine d\u2019ann\u00e9es, est condamn\u00e9 \u00e0 perp\u00e9tuit\u00e9 pour viol et pour tentative de meurtre, selon une source proche du dossier \u00e0 CNews<\/strong> <\/p>\n\n\n\n<p><\/p>\n\n\n\n<p><\/p>\n\n\n\n<p><\/p>\n","protected":false},"excerpt":{"rendered":"<p>Le ministre de la Justice Eric Dupond-Moretti est actuellement sur place, \u00e0 la prison de Cond\u00e9-sur-Sarthe. Le ministre a tenu \u00e0 remercier les \u00e9quipes qui \u00e9taient pr\u00e9sentes \u00e0 Cond\u00e9-sur-Sarthe. \u00ab\u00a0On a suivi \u00e7a minute par minute, craignant que les choses d\u00e9rapent\u00a0\u00bb, a-t-il d\u00e9clar\u00e9. La prise d\u2019otage est termin\u00e9e. Le d\u00e9tenu s\u2019est rendu. J\u2019apporte mon soutien [&hellip;]<\/p>\n","protected":false},"author":2,"featured_media":19155,"comment_status":"open","ping_status":"open","sticky":false,"template":"","format":"standard","meta":{"_jetpack_memberships_contains_paid_content":false,"footnotes":"","jetpack_publicize_message":"","jetpack_publicize_feature_enabled":true,"jetpack_social_post_already_shared":true,"jetpack_social_options":{"image_generator_settings":{"template":"highway","default_image_id":0,"font":"","enabled":false},"version":2},"_wpas_customize_per_network":false},"categories":[405],"tags":[],"class_list":["post-19154","post","type-post","status-publish","format-standard","has-post-thumbnail","hentry","category-actu-france-monde"],"jetpack_publicize_connections":[],"jetpack_featured_media_url":"https:\/\/i0.wp.com\/www.iceagetv.com\/radiosite\/wp-content\/uploads\/2021\/10\/Un-d%C3%A9tenu-prend-en-otage-deux-surveillants-de-la-prison-de-Cond%C3%A9-sur-Sarthe.png?fit=590%2C268&ssl=1","jetpack_sharing_enabled":true,"_links":{"self":[{"href":"https:\/\/www.iceagetv.com\/radiosite\/wp-json\/wp\/v2\/posts\/19154","targetHints":{"allow":["GET"]}}],"collection":[{"href":"https:\/\/www.iceagetv.com\/radiosite\/wp-json\/wp\/v2\/posts"}],"about":[{"href":"https:\/\/www.iceagetv.com\/radiosite\/wp-json\/wp\/v2\/types\/post"}],"author":[{"embeddable":true,"href":"https:\/\/www.iceagetv.com\/radiosite\/wp-json\/wp\/v2\/users\/2"}],"replies":[{"embeddable":true,"href":"https:\/\/www.iceagetv.com\/radiosite\/wp-json\/wp\/v2\/comments?post=19154"}],"version-history":[{"count":1,"href":"https:\/\/www.iceagetv.com\/radiosite\/wp-json\/wp\/v2\/posts\/19154\/revisions"}],"predecessor-version":[{"id":19156,"href":"https:\/\/www.iceagetv.com\/radiosite\/wp-json\/wp\/v2\/posts\/19154\/revisions\/19156"}],"wp:featuredmedia":[{"embeddable":true,"href":"https:\/\/www.iceagetv.com\/radiosite\/wp-json\/wp\/v2\/media\/19155"}],"wp:attachment":[{"href":"https:\/\/www.iceagetv.com\/radiosite\/wp-json\/wp\/v2\/media?parent=19154"}],"wp:term":[{"taxonomy":"category","embeddable":true,"href":"https:\/\/www.iceagetv.com\/radiosite\/wp-json\/wp\/v2\/categories?post=19154"},{"taxonomy":"post_tag","embeddable":true,"href":"https:\/\/www.iceagetv.com\/radiosite\/wp-json\/wp\/v2\/tags?post=19154"}],"curies":[{"name":"wp","href":"https:\/\/api.w.org\/{rel}","templated":true}]}}