{"id":19179,"date":"2021-10-07T13:05:01","date_gmt":"2021-10-07T13:05:01","guid":{"rendered":"http:\/\/www.iceagetv.com\/radiosite\/?p=19179"},"modified":"2021-10-07T13:05:01","modified_gmt":"2021-10-07T13:05:01","slug":"coronavirus-le-pass-sanitaire-ne-sera-pas-allege-avant-le-15-novembre-prochain-annonce-le-porte-parole-du-gouvernement-gabriel-attal","status":"publish","type":"post","link":"https:\/\/www.iceagetv.com\/radiosite\/coronavirus-le-pass-sanitaire-ne-sera-pas-allege-avant-le-15-novembre-prochain-annonce-le-porte-parole-du-gouvernement-gabriel-attal\/","title":{"rendered":"Coronavirus &#8211; Le pass sanitaire ne sera pas all\u00e9g\u00e9 \u00ab\u00a0avant le 15 novembre\u00a0\u00bb prochain, annonce le porte-parole du gouvernement Gabriel Attal"},"content":{"rendered":"\n<p>Le pass sanitaire ne sera pas all\u00e9g\u00e9 \u00ab\u00a0avant le 15 novembre\u00a0\u00bb prochain, annonce le porte-parole du gouvernement Gabriel Attal lors d&rsquo;un point presse apr\u00e8s le Conseil des ministres. Il a ajout\u00e9 que \u00ab\u00a0l&rsquo;heure de lever toutes les mesures et contraintes n&rsquo;est pas venue\u00a0\u00bb. La loi pr\u00e9voit une application du&nbsp;pass&nbsp;sanitaire jusqu&rsquo;au 15 novembre, et un projet de loi pour le proroger au-del\u00e0 de cette date doit \u00eatre pr\u00e9sent\u00e9 le 13 octobre en Conseil des ministres.<br>Mercredi, le conseil scientifique a remis un avis \u00e9voqu\u00e9 en Conseil de d\u00e9fense jeudi matin, avis \u00ab\u00a0qui nous appelle \u00e0 une certaine prudence parce que nous rentrons dans la p\u00e9riode hivernale, et nous savons qu&rsquo;\u00e0 cette occasion, l&rsquo;\u00e9pid\u00e9mie peut repartir\u00a0\u00bb &#8211; m\u00eame si la couverture vaccinale de la France est \u00ab\u00a0tr\u00e8s importante\u00a0\u00bb, a expliqu\u00e9 Gabriel Attal.<br>De plus, le gouvernement ne ressent de la part des Fran\u00e7ais, qui \u00ab\u00a0se sont empar\u00e9s\u00a0\u00bb du&nbsp;pass&nbsp;sanitaire, aucune \u00ab\u00a0attente particuli\u00e8rement forte autour d&rsquo;une urgence qu&rsquo;il y aurait \u00e0 adapter ou all\u00e9ger le&nbsp;pass&nbsp;sanitaire\u00a0\u00bb. Si all\u00e9gement il y avait, les d\u00e9cisions seraient \u00ab\u00a0plut\u00f4t d&rsquo;ordre national\u00a0\u00bb et seraient prises \u00ab\u00a0probablement par secteur\u00a0\u00bb, a-t-il ajout\u00e9, sans pr\u00e9ciser davantage.<\/p>\n\n\n\n<p>Lors du point presse, Gabriel Attal a appel\u00e9 le personnel soignant \u00e0 se faire vacciner une troisi\u00e8me fois. \u00ab\u00a0D\u00e8s aujourd&rsquo;hui, les soignants qui sont compl\u00e8tement vaccin\u00e9s peuvent avoir un rappel. Ils peuvent prendre rendez-vous\u00a0\u00bb, a-t-il indiqu\u00e9.<\/p>\n","protected":false},"excerpt":{"rendered":"<p>Le pass sanitaire ne sera pas all\u00e9g\u00e9 \u00ab\u00a0avant le 15 novembre\u00a0\u00bb prochain, annonce le porte-parole du gouvernement Gabriel Attal lors d&rsquo;un point presse apr\u00e8s le Conseil des ministres. Il a ajout\u00e9 que \u00ab\u00a0l&rsquo;heure de lever toutes les mesures et contraintes n&rsquo;est pas venue\u00a0\u00bb. La loi pr\u00e9voit une application du&nbsp;pass&nbsp;sanitaire jusqu&rsquo;au 15 novembre, et un projet [&hellip;]<\/p>\n","protected":false},"author":2,"featured_media":19180,"comment_status":"open","ping_status":"open","sticky":false,"template":"","format":"standard","meta":{"_jetpack_memberships_contains_paid_content":false,"footnotes":"","jetpack_publicize_message":"","jetpack_publicize_feature_enabled":true,"jetpack_social_post_already_shared":true,"jetpack_social_options":{"image_generator_settings":{"template":"highway","default_image_id":0,"font":"","enabled":false},"version":2},"_wpas_customize_per_network":false},"categories":[405],"tags":[],"class_list":["post-19179","post","type-post","status-publish","format-standard","has-post-thumbnail","hentry","category-actu-france-monde"],"jetpack_publicize_connections":[],"jetpack_featured_media_url":"https:\/\/i0.wp.com\/www.iceagetv.com\/radiosite\/wp-content\/uploads\/2021\/10\/Le-pass-sanitaire-ne-sera-pas-all%C3%A9g%C3%A9.jpg?fit=680%2C286&ssl=1","jetpack_sharing_enabled":true,"_links":{"self":[{"href":"https:\/\/www.iceagetv.com\/radiosite\/wp-json\/wp\/v2\/posts\/19179","targetHints":{"allow":["GET"]}}],"collection":[{"href":"https:\/\/www.iceagetv.com\/radiosite\/wp-json\/wp\/v2\/posts"}],"about":[{"href":"https:\/\/www.iceagetv.com\/radiosite\/wp-json\/wp\/v2\/types\/post"}],"author":[{"embeddable":true,"href":"https:\/\/www.iceagetv.com\/radiosite\/wp-json\/wp\/v2\/users\/2"}],"replies":[{"embeddable":true,"href":"https:\/\/www.iceagetv.com\/radiosite\/wp-json\/wp\/v2\/comments?post=19179"}],"version-history":[{"count":1,"href":"https:\/\/www.iceagetv.com\/radiosite\/wp-json\/wp\/v2\/posts\/19179\/revisions"}],"predecessor-version":[{"id":19181,"href":"https:\/\/www.iceagetv.com\/radiosite\/wp-json\/wp\/v2\/posts\/19179\/revisions\/19181"}],"wp:featuredmedia":[{"embeddable":true,"href":"https:\/\/www.iceagetv.com\/radiosite\/wp-json\/wp\/v2\/media\/19180"}],"wp:attachment":[{"href":"https:\/\/www.iceagetv.com\/radiosite\/wp-json\/wp\/v2\/media?parent=19179"}],"wp:term":[{"taxonomy":"category","embeddable":true,"href":"https:\/\/www.iceagetv.com\/radiosite\/wp-json\/wp\/v2\/categories?post=19179"},{"taxonomy":"post_tag","embeddable":true,"href":"https:\/\/www.iceagetv.com\/radiosite\/wp-json\/wp\/v2\/tags?post=19179"}],"curies":[{"name":"wp","href":"https:\/\/api.w.org\/{rel}","templated":true}]}}