{"id":19185,"date":"2021-10-07T19:01:33","date_gmt":"2021-10-07T19:01:33","guid":{"rendered":"http:\/\/www.iceagetv.com\/radiosite\/?p=19185"},"modified":"2021-10-07T19:01:33","modified_gmt":"2021-10-07T19:01:33","slug":"patron-deurope-1-du-jdd-de-tele-7-jours-du-figaro-mais-surtout-de-tf1-a-la-grande-epoque-etienne-mougeotte-est-decede-aujourdhui-a-lage-de-81-ans","status":"publish","type":"post","link":"https:\/\/www.iceagetv.com\/radiosite\/patron-deurope-1-du-jdd-de-tele-7-jours-du-figaro-mais-surtout-de-tf1-a-la-grande-epoque-etienne-mougeotte-est-decede-aujourdhui-a-lage-de-81-ans\/","title":{"rendered":"Patron d\u2019Europe 1, du JDD , de T\u00e9l\u00e9 7 jours, du Figaro mais surtout de TF1 \u00e0 la grande \u00e9poque, Etienne Mougeotte est d\u00e9c\u00e9d\u00e9 aujourd&rsquo;hui \u00e0 l&rsquo;\u00e2ge de 81 ans"},"content":{"rendered":"\n<p>\u00c9tienne Mougeotte, patron historique de TF1, est mort jeudi \u00e0 l&rsquo;\u00e2ge de 81 ans, a-t-on appris de la famille. Le journaliste avait \u00e9t\u00e9 num\u00e9ro 2 de TF1 pendant plus de 20 ans, aux c\u00f4t\u00e9s de Patrick Le Lay.<\/p>\n\n\n\n<p>Vice-pr\u00e9sident&nbsp;du&nbsp;groupe TF1&nbsp;et&nbsp;directeur&nbsp;d&rsquo;antenne de la cha\u00eene fran\u00e7aise&nbsp;TF1&nbsp;de&nbsp;1987&nbsp;\u00e0&nbsp;2007, il est directeur des r\u00e9dactions du&nbsp;Figaro&nbsp;de 2008 \u00e0 2012, et directeur g\u00e9n\u00e9ral de&nbsp;Radio Classique&nbsp;de&nbsp;d\u00e9cembre 2012&nbsp;\u00e0&nbsp;mars 2018. Il est actuellement pr\u00e9sident du groupe Valmonde, comprenant notamment le magazine hebdomadaire&nbsp;Valeurs actuelles.<\/p>\n\n\n\n<p>\u00c9tienne Mougeotte a commenc\u00e9 sa carri\u00e8re au quotidien&nbsp;Paris-Normandie, avant de rejoindre rapidement&nbsp;France Inter&nbsp;en&nbsp;1967, comme&nbsp;reporter&nbsp;puis correspondant \u00e0&nbsp;Beyrouth2. Il travaille ensuite bri\u00e8vement \u00e0&nbsp;Europe 1, comme pr\u00e9sentateur des journaux, apr\u00e8s&nbsp;Mai 68. En&nbsp;1969, il rejoint l&rsquo;ORTF, comme r\u00e9dacteur en chef adjoint du journal de la premi\u00e8re cha\u00eene. De 1972 \u00e0 1973, il travaille pour&nbsp;RTL, avant de revenir \u00e0 Europe 1 en&nbsp;1974, o\u00f9 il devient r\u00e9dacteur en chef puis directeur de l&rsquo;information jusqu&rsquo;en&nbsp;1981.<\/p>\n\n\n\n<p>\u00c0 partir de&nbsp;1981, il prend en charge le p\u00f4le M\u00e9dias au sein du groupe&nbsp;Matra-Hachette&nbsp;dirig\u00e9 par&nbsp;Jean-Luc Lagard\u00e8re. Il devient&nbsp;r\u00e9dacteur en chef&nbsp;du&nbsp;Journal du dimanche&nbsp;puis de&nbsp;T\u00e9l\u00e9 7 jours&nbsp;de 1984 \u00e0 1987, les deux hebdomadaires \u00e9tant des filiales du groupe.<\/p>\n\n\n\n<p>En&nbsp;1987, \u00c9tienne Mougeotte entre \u00e0&nbsp;TF1&nbsp;que vient d&rsquo;acheter le groupe&nbsp;Bouygues&nbsp;(le groupe Lagard\u00e8re, au sein duquel il travaillait, avait lui aussi tent\u00e9 d&rsquo;acheter la premi\u00e8re cha\u00eene)2. Il devient rapidement le vice-pr\u00e9sident du&nbsp;groupe TF1&nbsp;et le directeur d&rsquo;antenne de la cha\u00eene TF1&nbsp;\u00e0 partir de 1989.<\/p>\n\n\n\n<p>Il est \u00e9galement pr\u00e9sident de&nbsp;LCI, la cha\u00eene d&rsquo;information en continu du groupe TF1, depuis la cr\u00e9ation de la cha\u00eene en&nbsp;1994. Il lancera d&rsquo;ailleurs lui-m\u00eame la cha\u00eene le&nbsp;24 juin 1994&nbsp;\u00e0&nbsp;20&nbsp;<abbr title=\"heures\">h<\/abbr>&nbsp;30, depuis le journal de&nbsp;20&nbsp;<abbr title=\"heures\">h<\/abbr>&nbsp;de&nbsp;Claire Chazal&nbsp;sur TF1 dont il \u00e9tait l&rsquo;invit\u00e9.<\/p>\n\n\n\n<p>Enfin, \u00e0 partir de&nbsp;2006, il est vice-pr\u00e9sident et membre du conseil de surveillance de la cha\u00eene d&rsquo;information internationale&nbsp;France 24, d\u00e9tenue \u00e0 parts \u00e9gales avec&nbsp;France T\u00e9l\u00e9visions.&nbsp;<\/p>\n\n\n\n<p>Fin&nbsp;1987&nbsp;il est victime d&rsquo;un&nbsp;cancer de la gorge, dont il r\u00e9chappe avec quelques s\u00e9quelles sur sa voix.<\/p>\n","protected":false},"excerpt":{"rendered":"<p>\u00c9tienne Mougeotte, patron historique de TF1, est mort jeudi \u00e0 l&rsquo;\u00e2ge de 81 ans, a-t-on appris de la famille. Le journaliste avait \u00e9t\u00e9 num\u00e9ro 2 de TF1 pendant plus de 20 ans, aux c\u00f4t\u00e9s de Patrick Le Lay. Vice-pr\u00e9sident&nbsp;du&nbsp;groupe TF1&nbsp;et&nbsp;directeur&nbsp;d&rsquo;antenne de la cha\u00eene fran\u00e7aise&nbsp;TF1&nbsp;de&nbsp;1987&nbsp;\u00e0&nbsp;2007, il est directeur des r\u00e9dactions du&nbsp;Figaro&nbsp;de 2008 \u00e0 2012, et directeur [&hellip;]<\/p>\n","protected":false},"author":2,"featured_media":19186,"comment_status":"open","ping_status":"open","sticky":false,"template":"","format":"standard","meta":{"_jetpack_memberships_contains_paid_content":false,"footnotes":"","jetpack_publicize_message":"","jetpack_publicize_feature_enabled":true,"jetpack_social_post_already_shared":true,"jetpack_social_options":{"image_generator_settings":{"template":"highway","default_image_id":0,"font":"","enabled":false},"version":2},"_wpas_customize_per_network":false},"categories":[68],"tags":[],"class_list":["post-19185","post","type-post","status-publish","format-standard","has-post-thumbnail","hentry","category-actu-culturelle"],"jetpack_publicize_connections":[],"jetpack_featured_media_url":"https:\/\/i0.wp.com\/www.iceagetv.com\/radiosite\/wp-content\/uploads\/2021\/10\/Screenshot_20211007_210042.jpg?fit=1080%2C437&ssl=1","jetpack_sharing_enabled":true,"_links":{"self":[{"href":"https:\/\/www.iceagetv.com\/radiosite\/wp-json\/wp\/v2\/posts\/19185","targetHints":{"allow":["GET"]}}],"collection":[{"href":"https:\/\/www.iceagetv.com\/radiosite\/wp-json\/wp\/v2\/posts"}],"about":[{"href":"https:\/\/www.iceagetv.com\/radiosite\/wp-json\/wp\/v2\/types\/post"}],"author":[{"embeddable":true,"href":"https:\/\/www.iceagetv.com\/radiosite\/wp-json\/wp\/v2\/users\/2"}],"replies":[{"embeddable":true,"href":"https:\/\/www.iceagetv.com\/radiosite\/wp-json\/wp\/v2\/comments?post=19185"}],"version-history":[{"count":1,"href":"https:\/\/www.iceagetv.com\/radiosite\/wp-json\/wp\/v2\/posts\/19185\/revisions"}],"predecessor-version":[{"id":19187,"href":"https:\/\/www.iceagetv.com\/radiosite\/wp-json\/wp\/v2\/posts\/19185\/revisions\/19187"}],"wp:featuredmedia":[{"embeddable":true,"href":"https:\/\/www.iceagetv.com\/radiosite\/wp-json\/wp\/v2\/media\/19186"}],"wp:attachment":[{"href":"https:\/\/www.iceagetv.com\/radiosite\/wp-json\/wp\/v2\/media?parent=19185"}],"wp:term":[{"taxonomy":"category","embeddable":true,"href":"https:\/\/www.iceagetv.com\/radiosite\/wp-json\/wp\/v2\/categories?post=19185"},{"taxonomy":"post_tag","embeddable":true,"href":"https:\/\/www.iceagetv.com\/radiosite\/wp-json\/wp\/v2\/tags?post=19185"}],"curies":[{"name":"wp","href":"https:\/\/api.w.org\/{rel}","templated":true}]}}