{"id":19188,"date":"2021-10-08T06:10:42","date_gmt":"2021-10-08T06:10:42","guid":{"rendered":"http:\/\/www.iceagetv.com\/radiosite\/?p=19188"},"modified":"2021-10-08T06:10:42","modified_gmt":"2021-10-08T06:10:42","slug":"scandale-dans-la-prestigieuse-ecole-dingenieur-centrale-supelec-plus-dune-centaines-de-harcelements-sexuels-agressions-sexuelles-et-viols-commis-sur-la-seule-annee-2020-2021","status":"publish","type":"post","link":"https:\/\/www.iceagetv.com\/radiosite\/scandale-dans-la-prestigieuse-ecole-dingenieur-centrale-supelec-plus-dune-centaines-de-harcelements-sexuels-agressions-sexuelles-et-viols-commis-sur-la-seule-annee-2020-2021\/","title":{"rendered":"Scandale dans la prestigieuse \u00e9cole d\u2019ing\u00e9nieur Centrale Sup\u00e9lec : Plus d&rsquo;une centaines de harc\u00e8lements sexuels, agressions sexuelles et viols commis sur la seule ann\u00e9e 2020-2021"},"content":{"rendered":"\n<p>Parmi les \u00e9tudiants qui se sont d\u00e9clar\u00e9s victimes, \u00abpr\u00e8s de 9 sur 10 ont indiqu\u00e9 que leur agresseur serait un autre \u00e9l\u00e8ve et que les faits se seraient d\u00e9roul\u00e9s dans un contexte associatif ou au sein de la r\u00e9sidence \u00e9tudiante\u00bb, a indiqu\u00e9 Sup\u00e9lec.<\/p>\n\n\n\n<p>Les r\u00e9sultats de notre questionnaire sont alarmants mais il est n\u00e9cessaire pour que tout le monde prenne conscience de l&rsquo;ampleur du probl\u00e8me des violences sexistes et sexuelles dans l&rsquo;enseignement sup\u00e9rieur, a d\u00e9clar\u00e9 l\u2019association dans un message sur les r\u00e9seaux sociaux. Il s&rsquo;agit de la raison pour laquelle \u00c7ap\u00e8se recommande vivement aux autres \u00e9coles de mener des questionnaires similaires\u00bb.<\/p>\n\n\n\n<p>Cette \u00e9tude a mis \u00aben \u00e9vidence des situations de violences sexistes et sexuelles particuli\u00e8rement pr\u00e9occupantes\u00bb, s\u2019est alarm\u00e9 la direction de l\u2019\u00e9cole dans un communiqu\u00e9.<\/p>\n\n\n\n<p>\u00abLes r\u00e9sultats de cette enqu\u00eate nous ont sid\u00e9r\u00e9s\u00bb, a aussi d\u00e9clar\u00e9 le directeur de CentraleSup\u00e9lec, Romain Soubeyran, affirmant que l\u2019\u00e9tablissement est pourtant \u00abengag\u00e9 de longue date\u00bb dans la lutte contre les violences sexistes et sexuelles. Face \u00e0 la gravit\u00e9 des faits soulev\u00e9s par cette \u00e9tude, ce dernier a pris la d\u00e9cision d\u2019alerter la procureure de la R\u00e9publique d\u2019\u00c9vry, \u00e0 la fois pour aider \u00e0 l\u2019accompagnement des victimes, mais aussi pour envisager des sanctions \u00e0 l\u2019\u00e9gard des auteurs de ces agressions.<\/p>\n\n\n\n<p>Le parquet d\u2019\u00c9vry a donc ouvert une enqu\u00eate pour des faits de harc\u00e8lement sexuel, agressions sexuelles et viols.<\/p>\n\n\n\n<p>Les investigations ont \u00e9t\u00e9 confi\u00e9es aux enqu\u00eateurs sp\u00e9cialis\u00e9s de la brigade de recherches de Palaiseau<\/p>\n\n\n\n<p><\/p>\n","protected":false},"excerpt":{"rendered":"<p>Parmi les \u00e9tudiants qui se sont d\u00e9clar\u00e9s victimes, \u00abpr\u00e8s de 9 sur 10 ont indiqu\u00e9 que leur agresseur serait un autre \u00e9l\u00e8ve et que les faits se seraient d\u00e9roul\u00e9s dans un contexte associatif ou au sein de la r\u00e9sidence \u00e9tudiante\u00bb, a indiqu\u00e9 Sup\u00e9lec. Les r\u00e9sultats de notre questionnaire sont alarmants mais il est n\u00e9cessaire pour [&hellip;]<\/p>\n","protected":false},"author":2,"featured_media":19189,"comment_status":"open","ping_status":"open","sticky":false,"template":"","format":"standard","meta":{"_jetpack_memberships_contains_paid_content":false,"footnotes":"","jetpack_publicize_message":"","jetpack_publicize_feature_enabled":true,"jetpack_social_post_already_shared":true,"jetpack_social_options":{"image_generator_settings":{"template":"highway","default_image_id":0,"font":"","enabled":false},"version":2},"_wpas_customize_per_network":false},"categories":[405],"tags":[],"class_list":["post-19188","post","type-post","status-publish","format-standard","has-post-thumbnail","hentry","category-actu-france-monde"],"jetpack_publicize_connections":[],"jetpack_featured_media_url":"https:\/\/i0.wp.com\/www.iceagetv.com\/radiosite\/wp-content\/uploads\/2021\/10\/Screenshot_20211008_080954.jpg?fit=882%2C411&ssl=1","jetpack_sharing_enabled":true,"_links":{"self":[{"href":"https:\/\/www.iceagetv.com\/radiosite\/wp-json\/wp\/v2\/posts\/19188","targetHints":{"allow":["GET"]}}],"collection":[{"href":"https:\/\/www.iceagetv.com\/radiosite\/wp-json\/wp\/v2\/posts"}],"about":[{"href":"https:\/\/www.iceagetv.com\/radiosite\/wp-json\/wp\/v2\/types\/post"}],"author":[{"embeddable":true,"href":"https:\/\/www.iceagetv.com\/radiosite\/wp-json\/wp\/v2\/users\/2"}],"replies":[{"embeddable":true,"href":"https:\/\/www.iceagetv.com\/radiosite\/wp-json\/wp\/v2\/comments?post=19188"}],"version-history":[{"count":1,"href":"https:\/\/www.iceagetv.com\/radiosite\/wp-json\/wp\/v2\/posts\/19188\/revisions"}],"predecessor-version":[{"id":19190,"href":"https:\/\/www.iceagetv.com\/radiosite\/wp-json\/wp\/v2\/posts\/19188\/revisions\/19190"}],"wp:featuredmedia":[{"embeddable":true,"href":"https:\/\/www.iceagetv.com\/radiosite\/wp-json\/wp\/v2\/media\/19189"}],"wp:attachment":[{"href":"https:\/\/www.iceagetv.com\/radiosite\/wp-json\/wp\/v2\/media?parent=19188"}],"wp:term":[{"taxonomy":"category","embeddable":true,"href":"https:\/\/www.iceagetv.com\/radiosite\/wp-json\/wp\/v2\/categories?post=19188"},{"taxonomy":"post_tag","embeddable":true,"href":"https:\/\/www.iceagetv.com\/radiosite\/wp-json\/wp\/v2\/tags?post=19188"}],"curies":[{"name":"wp","href":"https:\/\/api.w.org\/{rel}","templated":true}]}}