{"id":19200,"date":"2021-10-10T10:06:40","date_gmt":"2021-10-10T10:06:40","guid":{"rendered":"http:\/\/www.iceagetv.com\/radiosite\/?p=19200"},"modified":"2021-10-10T10:06:40","modified_gmt":"2021-10-10T10:06:40","slug":"dangereux-et-invasif-le-frelon-oriental-a-ete-repere-pour-la-premiere-fois-en-france-a-marseille","status":"publish","type":"post","link":"https:\/\/www.iceagetv.com\/radiosite\/dangereux-et-invasif-le-frelon-oriental-a-ete-repere-pour-la-premiere-fois-en-france-a-marseille\/","title":{"rendered":"Dangereux et invasif, le frelon oriental a \u00e9t\u00e9 rep\u00e9r\u00e9 pour la premi\u00e8re fois en France \u00e0 Marseille"},"content":{"rendered":"\n<p>Le frelon oriental vient d&rsquo;\u00eatre d\u00e9tect\u00e9 pour la premi\u00e8re fois en France \u00e0 Marseille. La pr\u00e9sence de sp\u00e9cimens m\u00e2les et femelles laisse redouter une expansion de cette esp\u00e8ce invasive et particuli\u00e8rement dangereuse pour les abeilles.<\/p>\n\n\n\n<p>Pr\u00e9dateur d&rsquo;abeille, invasif et dangereux&#8230; Autant dire que la d\u00e9couverte de la pr\u00e9sence du frelon oriental en France n&rsquo;a rien d&rsquo;une bonne nouvelle. Ce sont des scientifiques qui ont fait cette observation, \u00e0 laquelle ils ne s&rsquo;attendaient pas, lors d&rsquo;une \u00e9tude sur la faune et la flore \u00e0 Marseille<\/p>\n\n\n\n<p>Menu<\/p>\n\n\n\n<figure class=\"wp-block-image\"><a href=\"https:\/\/www.midilibre.fr\/\"><img data-recalc-dims=\"1\" decoding=\"async\" src=\"https:\/\/i0.wp.com\/assets.midilibre.fr\/img\/logos\/logo.png?w=1170&#038;ssl=1\" alt=\"Dangereux et invasif, le frelon oriental a \u00e9t\u00e9 rep\u00e9r\u00e9 pour la premi\u00e8re fois en France \u00e0 Marseille\"\/><\/a><\/figure>\n\n\n\n<ul class=\"wp-block-list\"><li><\/li><li><a href=\"https:\/\/abonnement.midilibre.fr\/?src=edito&amp;url=https%3A%2F%2Fwww.midilibre.fr%2F2021%2F10%2F10%2Ftres-dangereux-et-invasif-le-frelon-oriental-a-ete-repere-pour-la-premiere-fois-en-france-a-marseille-9842396.php#xtor=CS1-1-[mdl]-[article_gratuit_standard]-[header]-[tres-dangereux-et-invasif-le-frelon-oriental-a-ete-repere-pour-la-premiere-fois-en-france-a-marseille::9842396]\">S&rsquo;abonner<\/a><\/li><\/ul>\n\n\n\n<ul class=\"wp-block-list\"><li><\/li><li><\/li><li><\/li><li><\/li><li><\/li><li><\/li><li><\/li><li><\/li><li><\/li><li><\/li><li><\/li><li><\/li><li><\/li><li><\/li><li><\/li><\/ul>\n\n\n\n<p>&nbsp;Menu<a href=\"https:\/\/kiosque.midilibre.fr\/\" target=\"_blank\" rel=\"noreferrer noopener\">Journal<\/a><a href=\"https:\/\/abonnement.midilibre.fr\/#xtor=CS1-1-[mdl]-[article_gratuit_standard]-[menu_mobile]-[tres-dangereux-et-invasif-le-frelon-oriental-a-ete-repere-pour-la-premiere-fois-en-france-a-marseille::9842396]\">Abonnez-vous<\/a><a href=\"https:\/\/abonnement.midilibre.fr\/site\/midilibrev2\/default\/fr\/abonnement\/boutique.html#xtor=CS1-1-[mdl]-[article_gratuit_standard]-[menu_mobile]-[tres-dangereux-et-invasif-le-frelon-oriental-a-ete-repere-pour-la-premiere-fois-en-france-a-marseille::9842396]\" target=\"_blank\" rel=\"noreferrer noopener\">Boutique<\/a><a href=\"https:\/\/www.midilibre.fr\/\">Accueil<\/a><a href=\"https:\/\/www.midilibre.fr\/podcasts\/\">Podcasts<\/a><\/p>\n\n\n\n<ul class=\"wp-block-list\"><li><a>Annonces l\u00e9gales<\/a><\/li><\/ul>\n\n\n\n<figure><iframe width=\"384\" height=\"100\"><\/iframe><\/figure>\n\n\n\n<ul class=\"wp-block-list\"><li><a href=\"https:\/\/www.midilibre.fr\/\">Accueil<\/a><\/li><li>&nbsp;<a href=\"https:\/\/www.midilibre.fr\/actu\/\">Actu<\/a><\/li><li>&nbsp;<a href=\"https:\/\/www.midilibre.fr\/actu\/environnement\/\">Environnement<\/a><\/li><\/ul>\n\n\n\n<h1 class=\"wp-block-heading\">Dangereux et invasif, le frelon oriental a \u00e9t\u00e9 rep\u00e9r\u00e9 pour la premi\u00e8re fois en France \u00e0 Marseille<\/h1>\n\n\n\n<ul class=\"wp-block-list\"><li>Le frelon oriental, jusqu&rsquo;alors absent du territoire, a \u00e9t\u00e9 observ\u00e9 pour la premi\u00e8re fois \u00e0 Marseille.&nbsp;PIXABAY<\/li><\/ul>\n\n\n\n<p><a href=\"https:\/\/www.midilibre.fr\/actu\/environnement\/\">Environnement<\/a>,&nbsp;<a href=\"https:\/\/www.midilibre.fr\/actu\/societe\/animaux\/\">Animaux<\/a>Publi\u00e9 le&nbsp;10\/10\/2021 \u00e0 11:35&nbsp;, mis \u00e0 jour&nbsp;\u00e0 11:39<\/p>\n\n\n\n<p>Le frelon oriental vient d&rsquo;\u00eatre d\u00e9tect\u00e9 pour la premi\u00e8re fois en France \u00e0 Marseille. La pr\u00e9sence de sp\u00e9cimens m\u00e2les et femelles laisse redouter une expansion de cette esp\u00e8ce invasive et particuli\u00e8rement dangereuse pour les abeilles.<\/p>\n\n\n\n<p>Pr\u00e9dateur d&rsquo;abeille, invasif et dangereux&#8230; Autant dire que la d\u00e9couverte de la pr\u00e9sence du frelon oriental en France n&rsquo;a rien d&rsquo;une bonne nouvelle. Ce sont des scientifiques qui ont fait cette observation, \u00e0 laquelle ils ne s&rsquo;attendaient pas, lors d&rsquo;une \u00e9tude sur la faune et la flore \u00e0 Marseille.<\/p>\n\n\n\n<h2 class=\"wp-block-heading\">Des essaims qui se multiplient tr\u00e8s vite<\/h2>\n\n\n\n<p>De son nom scientifique, Vespa orientalis Linnaeus, le frelon oriental, connu mais jusqu&rsquo;alors absent de la m\u00e9tropole, est une esp\u00e8ce r\u00e9put\u00e9e&nbsp;pour \u00eatre invasive et dangereuse et pour s&rsquo;en prendre aux abeilles.<strong>&nbsp;\u00ab\u00a0Cette esp\u00e8ce a une capacit\u00e9 d&rsquo;expansion tr\u00e8s tr\u00e8s rapide.&nbsp;Aujourd\u2019hui, il est&nbsp;tr\u00e8s difficile&nbsp;voire inutile de lutter contre les essaims, ils se multiplient trop vite\u00a0\u00bb<\/strong>, indique \u00e0 France 3 le directeur d&rsquo;Ecotonia, consultant en environnement.<\/p>\n\n\n\n<p>Le frelon oriental s&rsquo;ajoute donc \u00e0 la liste des deux autres frelons observ\u00e9s dans la r\u00e9gion, \u00e0 savoir le frelon europ\u00e9en et le frelon asiatique<\/p>\n\n\n\n<p><\/p>\n","protected":false},"excerpt":{"rendered":"<p>Le frelon oriental vient d&rsquo;\u00eatre d\u00e9tect\u00e9 pour la premi\u00e8re fois en France \u00e0 Marseille. La pr\u00e9sence de sp\u00e9cimens m\u00e2les et femelles laisse redouter une expansion de cette esp\u00e8ce invasive et particuli\u00e8rement dangereuse pour les abeilles. Pr\u00e9dateur d&rsquo;abeille, invasif et dangereux&#8230; Autant dire que la d\u00e9couverte de la pr\u00e9sence du frelon oriental en France n&rsquo;a rien [&hellip;]<\/p>\n","protected":false},"author":2,"featured_media":19201,"comment_status":"open","ping_status":"open","sticky":false,"template":"","format":"standard","meta":{"_jetpack_memberships_contains_paid_content":false,"footnotes":"","jetpack_publicize_message":"","jetpack_publicize_feature_enabled":true,"jetpack_social_post_already_shared":true,"jetpack_social_options":{"image_generator_settings":{"template":"highway","default_image_id":0,"font":"","enabled":false},"version":2},"_wpas_customize_per_network":false},"categories":[405],"tags":[],"class_list":["post-19200","post","type-post","status-publish","format-standard","has-post-thumbnail","hentry","category-actu-france-monde"],"jetpack_publicize_connections":[],"jetpack_featured_media_url":"https:\/\/i0.wp.com\/www.iceagetv.com\/radiosite\/wp-content\/uploads\/2021\/10\/Screenshot_20211010_120328.jpg?fit=1080%2C622&ssl=1","jetpack_sharing_enabled":true,"_links":{"self":[{"href":"https:\/\/www.iceagetv.com\/radiosite\/wp-json\/wp\/v2\/posts\/19200","targetHints":{"allow":["GET"]}}],"collection":[{"href":"https:\/\/www.iceagetv.com\/radiosite\/wp-json\/wp\/v2\/posts"}],"about":[{"href":"https:\/\/www.iceagetv.com\/radiosite\/wp-json\/wp\/v2\/types\/post"}],"author":[{"embeddable":true,"href":"https:\/\/www.iceagetv.com\/radiosite\/wp-json\/wp\/v2\/users\/2"}],"replies":[{"embeddable":true,"href":"https:\/\/www.iceagetv.com\/radiosite\/wp-json\/wp\/v2\/comments?post=19200"}],"version-history":[{"count":1,"href":"https:\/\/www.iceagetv.com\/radiosite\/wp-json\/wp\/v2\/posts\/19200\/revisions"}],"predecessor-version":[{"id":19202,"href":"https:\/\/www.iceagetv.com\/radiosite\/wp-json\/wp\/v2\/posts\/19200\/revisions\/19202"}],"wp:featuredmedia":[{"embeddable":true,"href":"https:\/\/www.iceagetv.com\/radiosite\/wp-json\/wp\/v2\/media\/19201"}],"wp:attachment":[{"href":"https:\/\/www.iceagetv.com\/radiosite\/wp-json\/wp\/v2\/media?parent=19200"}],"wp:term":[{"taxonomy":"category","embeddable":true,"href":"https:\/\/www.iceagetv.com\/radiosite\/wp-json\/wp\/v2\/categories?post=19200"},{"taxonomy":"post_tag","embeddable":true,"href":"https:\/\/www.iceagetv.com\/radiosite\/wp-json\/wp\/v2\/tags?post=19200"}],"curies":[{"name":"wp","href":"https:\/\/api.w.org\/{rel}","templated":true}]}}