{"id":19203,"date":"2021-10-10T16:39:14","date_gmt":"2021-10-10T16:39:14","guid":{"rendered":"http:\/\/www.iceagetv.com\/radiosite\/?p=19203"},"modified":"2021-10-10T16:39:14","modified_gmt":"2021-10-10T16:39:14","slug":"au-liban-retour-partiel-de-lelectricite-apres-une-panne-totale","status":"publish","type":"post","link":"https:\/\/www.iceagetv.com\/radiosite\/au-liban-retour-partiel-de-lelectricite-apres-une-panne-totale\/","title":{"rendered":"Au Liban, retour partiel de l\u2019\u00e9lectricit\u00e9 apr\u00e8s une panne totale"},"content":{"rendered":"\n<p>Le r\u00e9seau \u00e9lectrique au Liban a \u00e9t\u00e9 remis partiellement en service dimanche 10&nbsp;octobre&nbsp;<a href=\"https:\/\/www.lemonde.fr\/international\/article\/2021\/10\/09\/panne-generale-d-electricite-au-liban-faute-de-carburant-pour-alimenter-les-centrales_6097757_3210.html\">apr\u00e8s une panne totale la veille<\/a>, la production d\u2019\u00e9lectricit\u00e9 ayant \u00e9t\u00e9 rendue possible gr\u00e2ce \u00e0 une aide en gazole fournie par l\u2019arm\u00e9e, a annonc\u00e9 le minist\u00e8re de l\u2019\u00e9nergie libanais.&nbsp;<em>\u00ab&nbsp;L\u2019arm\u00e9e a remis&nbsp;<\/em>(\u2026)<em>&nbsp;6&nbsp;000&nbsp;kilolitres de gazole, r\u00e9partis \u00e0 parts \u00e9gales entre les centrales de Deir Ammar et de Zahrani&nbsp;\u00bb<\/em>, ce qui permet de produire du courant pour quelques heures chaque jour, a pr\u00e9cis\u00e9 le minist\u00e8re.<\/p>\n\n\n\n<p>Le ministre de l\u2019\u00e9nergie a aussi annonc\u00e9 qu\u2019il avait re\u00e7u l\u2019accord de la Banque centrale du Liban pour un cr\u00e9dit de 100&nbsp;millions de dollars destin\u00e9s \u00e0 l\u2019approvisionnement en p\u00e9trole.<\/p>\n\n\n\n<p>Englu\u00e9 dans une crise in\u00e9dite, qualifi\u00e9e par la Banque mondiale de l\u2019une des pires dans l\u2019histoire du monde depuis 1850, le Liban conna\u00eet depuis des mois des rationnements draconiens de courant, culminant \u00e0 plus de vingt-deux heures par jour, et peine \u00e0 importer du carburant, tandis que la monnaie nationale subit une d\u00e9gringolade historique et que les devises \u00e9trang\u00e8res sont de moins en moins disponibles.<\/p>\n\n\n\n<h2 class=\"wp-block-heading\">Des g\u00e9n\u00e9rateurs priv\u00e9s \u00e9galement rationn\u00e9s<\/h2>\n\n\n\n<p>Samedi, le pays a plong\u00e9 pour la deuxi\u00e8me fois depuis le d\u00e9but d\u2019octobre dans un black-out total apr\u00e8s l\u2019arr\u00eat de l\u2019activit\u00e9 de deux importantes centrales \u00e9lectriques faute de carburant, selon la compagnie nationale Electricit\u00e9 du Liban (EDL).<\/p>\n\n\n\n<p>Les coupures paralysent depuis des mois la vie de la population et plusieurs secteurs vitaux, tandis que les g\u00e9rants de g\u00e9n\u00e9rateurs priv\u00e9s, qui prennent souvent le relais, rationnent aussi commerces, h\u00f4pitaux et foyers, \u00e0 mesure que le carburant se rar\u00e9fie.<\/p>\n\n\n\n<p>Le pays, dont la classe dirigeante est accus\u00e9e de corruption et d\u2019incomp\u00e9tence, souffre depuis des d\u00e9cennies d\u2019une sous-production \u00e9lectrique end\u00e9mique. La mauvaise gestion d\u2019EDL a co\u00fbt\u00e9 au Tr\u00e9sor plusieurs milliards de dollars depuis la fin de la guerre civile (qui a dur\u00e9 de 1975 \u00e0 1990). La communaut\u00e9 internationale r\u00e9clame des r\u00e9formes urgentes aux autorit\u00e9s libanaises, notamment pour EDL, symbole de la mauvaise gouvernance et de la d\u00e9liquescence des services publics au Liban.<\/p>\n\n\n\n<p><\/p>\n","protected":false},"excerpt":{"rendered":"<p>Le r\u00e9seau \u00e9lectrique au Liban a \u00e9t\u00e9 remis partiellement en service dimanche 10&nbsp;octobre&nbsp;apr\u00e8s une panne totale la veille, la production d\u2019\u00e9lectricit\u00e9 ayant \u00e9t\u00e9 rendue possible gr\u00e2ce \u00e0 une aide en gazole fournie par l\u2019arm\u00e9e, a annonc\u00e9 le minist\u00e8re de l\u2019\u00e9nergie libanais.&nbsp;\u00ab&nbsp;L\u2019arm\u00e9e a remis&nbsp;(\u2026)&nbsp;6&nbsp;000&nbsp;kilolitres de gazole, r\u00e9partis \u00e0 parts \u00e9gales entre les centrales de Deir Ammar [&hellip;]<\/p>\n","protected":false},"author":2,"featured_media":19204,"comment_status":"open","ping_status":"open","sticky":false,"template":"","format":"standard","meta":{"_jetpack_memberships_contains_paid_content":false,"footnotes":"","jetpack_publicize_message":"","jetpack_publicize_feature_enabled":true,"jetpack_social_post_already_shared":true,"jetpack_social_options":{"image_generator_settings":{"template":"highway","default_image_id":0,"font":"","enabled":false},"version":2},"_wpas_customize_per_network":false},"categories":[405],"tags":[],"class_list":["post-19203","post","type-post","status-publish","format-standard","has-post-thumbnail","hentry","category-actu-france-monde"],"jetpack_publicize_connections":[],"jetpack_featured_media_url":"https:\/\/i0.wp.com\/www.iceagetv.com\/radiosite\/wp-content\/uploads\/2021\/10\/Au-Liban.jpg?fit=664%2C429&ssl=1","jetpack_sharing_enabled":true,"_links":{"self":[{"href":"https:\/\/www.iceagetv.com\/radiosite\/wp-json\/wp\/v2\/posts\/19203","targetHints":{"allow":["GET"]}}],"collection":[{"href":"https:\/\/www.iceagetv.com\/radiosite\/wp-json\/wp\/v2\/posts"}],"about":[{"href":"https:\/\/www.iceagetv.com\/radiosite\/wp-json\/wp\/v2\/types\/post"}],"author":[{"embeddable":true,"href":"https:\/\/www.iceagetv.com\/radiosite\/wp-json\/wp\/v2\/users\/2"}],"replies":[{"embeddable":true,"href":"https:\/\/www.iceagetv.com\/radiosite\/wp-json\/wp\/v2\/comments?post=19203"}],"version-history":[{"count":1,"href":"https:\/\/www.iceagetv.com\/radiosite\/wp-json\/wp\/v2\/posts\/19203\/revisions"}],"predecessor-version":[{"id":19205,"href":"https:\/\/www.iceagetv.com\/radiosite\/wp-json\/wp\/v2\/posts\/19203\/revisions\/19205"}],"wp:featuredmedia":[{"embeddable":true,"href":"https:\/\/www.iceagetv.com\/radiosite\/wp-json\/wp\/v2\/media\/19204"}],"wp:attachment":[{"href":"https:\/\/www.iceagetv.com\/radiosite\/wp-json\/wp\/v2\/media?parent=19203"}],"wp:term":[{"taxonomy":"category","embeddable":true,"href":"https:\/\/www.iceagetv.com\/radiosite\/wp-json\/wp\/v2\/categories?post=19203"},{"taxonomy":"post_tag","embeddable":true,"href":"https:\/\/www.iceagetv.com\/radiosite\/wp-json\/wp\/v2\/tags?post=19203"}],"curies":[{"name":"wp","href":"https:\/\/api.w.org\/{rel}","templated":true}]}}