{"id":19215,"date":"2021-10-11T18:32:03","date_gmt":"2021-10-11T18:32:03","guid":{"rendered":"http:\/\/www.iceagetv.com\/radiosite\/?p=19215"},"modified":"2021-10-11T18:32:03","modified_gmt":"2021-10-11T18:32:03","slug":"election-presidentielle-xavier-bertrand-annonce-au-20h-de-tf1-quil-participera-au-congres-des-republicains","status":"publish","type":"post","link":"https:\/\/www.iceagetv.com\/radiosite\/election-presidentielle-xavier-bertrand-annonce-au-20h-de-tf1-quil-participera-au-congres-des-republicains\/","title":{"rendered":"Election pr\u00e9sidentielle: Xavier Bertrand annonce au 20h de TF1 qu&rsquo;il participera au congr\u00e8s des R\u00e9publicains"},"content":{"rendered":"\n<p>Invit\u00e9 du 20h du journal de TF1,Xavier Bertrand a annonc\u00e9 qu&rsquo;il participera au congr\u00e8s des R\u00e9publicains.&nbsp;\u00ab\u00a0Oui, je participerai \u00e0 ce congr\u00e8s\u00a0\u00bb, a-t-il affirm\u00e9.<br>Et d&rsquo;ajouter: \u00ab\u00a0Les R\u00e9publicains ont \u00e9cart\u00e9 la primaire, j&rsquo;avais dit mon opposition. Les militants et les adh\u00e9rents ont entendu ce message, je les en remercie. Ce congr\u00e8s est la seule fa\u00e7on d&rsquo;avoir le plus vite possible un seul candidat de la droite et du centre.\u00a0\u00bb.<\/p>\n\n\n\n<p>Pour m\u00e9moire, le parti Les R\u00e9publicains d\u00e9signera son candidat \u00e0 l&rsquo;\u00e9lection pr\u00e9sidentielle 2022 par un vote des adh\u00e9rents r\u00e9unis en congr\u00e8s, le 4 d\u00e9cembre. La date limite de d\u00e9p\u00f4t des candidatures est le 13 octobre, mais ils sont d\u00e9j\u00e0 nombreux \u00e0 avoir annonc\u00e9 leur candidature soit au congr\u00e8s soit directement \u00e0 la pr\u00e9sidentielle.<\/p>\n\n\n\n<p>Le pr\u00e9sident des Hauts-de France (ex-LR) Xavier Bertrand s&rsquo;est lanc\u00e9 seul dans la course \u00e0 l&rsquo;Elys\u00e9e ce printemps.<br>La pr\u00e9sidente ex-LR de l&rsquo;Ile-de-France Val\u00e9rie P\u00e9cresse a choisi de se soumettre au congr\u00e8s de d\u00e9cembre, tout comme l&rsquo;ancien n\u00e9gociateur pour le Brexit Michel Barnier, le d\u00e9put\u00e9 LR Eric Ciotti et le maire LR de La Garenne-Colombes Philippe Juvin.<\/p>\n\n\n\n<p>Ce congr\u00e8s sera mis sur pied sous la houlette d&rsquo;un comit\u00e9 d&rsquo;organisation comprenant&nbsp;\u00ab\u00a0un repr\u00e9sentant de chacun des candidats\u00a0\u00bb.&nbsp;Les candidats devront se reconna\u00eetre&nbsp;\u00ab\u00a0dans les valeurs de la droite et du centre\u00a0\u00bb, et avoir recueilli&nbsp;\u00ab\u00a0au moins 250 parrainages d&rsquo;\u00e9lus\u00a0\u00bb&nbsp;soutenus par LR. Une instance de contr\u00f4le sera cr\u00e9\u00e9e pour v\u00e9rifier \u00ab\u00a0la recevabilit\u00e9 des candidatures\u00a0\u00bb&nbsp;au regard notamment&nbsp;\u00ab\u00a0de leur compatibilit\u00e9\u00a0\u00bb&nbsp;\u00e0 ces valeurs.<\/p>\n","protected":false},"excerpt":{"rendered":"<p>Invit\u00e9 du 20h du journal de TF1,Xavier Bertrand a annonc\u00e9 qu&rsquo;il participera au congr\u00e8s des R\u00e9publicains.&nbsp;\u00ab\u00a0Oui, je participerai \u00e0 ce congr\u00e8s\u00a0\u00bb, a-t-il affirm\u00e9.Et d&rsquo;ajouter: \u00ab\u00a0Les R\u00e9publicains ont \u00e9cart\u00e9 la primaire, j&rsquo;avais dit mon opposition. Les militants et les adh\u00e9rents ont entendu ce message, je les en remercie. Ce congr\u00e8s est la seule fa\u00e7on d&rsquo;avoir le [&hellip;]<\/p>\n","protected":false},"author":2,"featured_media":19216,"comment_status":"open","ping_status":"open","sticky":false,"template":"","format":"standard","meta":{"_jetpack_memberships_contains_paid_content":false,"footnotes":"","jetpack_publicize_message":"","jetpack_publicize_feature_enabled":true,"jetpack_social_post_already_shared":true,"jetpack_social_options":{"image_generator_settings":{"template":"highway","default_image_id":0,"font":"","enabled":false},"version":2},"_wpas_customize_per_network":false},"categories":[405],"tags":[],"class_list":["post-19215","post","type-post","status-publish","format-standard","has-post-thumbnail","hentry","category-actu-france-monde"],"jetpack_publicize_connections":[],"jetpack_featured_media_url":"https:\/\/i0.wp.com\/www.iceagetv.com\/radiosite\/wp-content\/uploads\/2021\/10\/Xavier-Bertrand-annonce-au-20h-de-TF1-quil-participera-au-congr%C3%A8s-des-R%C3%A9publicains.jpg?fit=679%2C293&ssl=1","jetpack_sharing_enabled":true,"_links":{"self":[{"href":"https:\/\/www.iceagetv.com\/radiosite\/wp-json\/wp\/v2\/posts\/19215","targetHints":{"allow":["GET"]}}],"collection":[{"href":"https:\/\/www.iceagetv.com\/radiosite\/wp-json\/wp\/v2\/posts"}],"about":[{"href":"https:\/\/www.iceagetv.com\/radiosite\/wp-json\/wp\/v2\/types\/post"}],"author":[{"embeddable":true,"href":"https:\/\/www.iceagetv.com\/radiosite\/wp-json\/wp\/v2\/users\/2"}],"replies":[{"embeddable":true,"href":"https:\/\/www.iceagetv.com\/radiosite\/wp-json\/wp\/v2\/comments?post=19215"}],"version-history":[{"count":1,"href":"https:\/\/www.iceagetv.com\/radiosite\/wp-json\/wp\/v2\/posts\/19215\/revisions"}],"predecessor-version":[{"id":19217,"href":"https:\/\/www.iceagetv.com\/radiosite\/wp-json\/wp\/v2\/posts\/19215\/revisions\/19217"}],"wp:featuredmedia":[{"embeddable":true,"href":"https:\/\/www.iceagetv.com\/radiosite\/wp-json\/wp\/v2\/media\/19216"}],"wp:attachment":[{"href":"https:\/\/www.iceagetv.com\/radiosite\/wp-json\/wp\/v2\/media?parent=19215"}],"wp:term":[{"taxonomy":"category","embeddable":true,"href":"https:\/\/www.iceagetv.com\/radiosite\/wp-json\/wp\/v2\/categories?post=19215"},{"taxonomy":"post_tag","embeddable":true,"href":"https:\/\/www.iceagetv.com\/radiosite\/wp-json\/wp\/v2\/tags?post=19215"}],"curies":[{"name":"wp","href":"https:\/\/api.w.org\/{rel}","templated":true}]}}